{"id":544325,"date":"2025-11-19T08:56:12","date_gmt":"2025-11-19T08:56:12","guid":{"rendered":"https:\/\/www.europesays.com\/fr\/544325\/"},"modified":"2025-11-19T08:56:12","modified_gmt":"2025-11-19T08:56:12","slug":"la-pologne-fait-decoller-des-avions-de-chasse-apres-des-frappes-russes-sur-lukraine","status":"publish","type":"post","link":"https:\/\/www.europesays.com\/fr\/544325\/","title":{"rendered":"La Pologne fait d\u00e9coller des avions de chasse apr\u00e8s des frappes russes sur l\u2019Ukraine"},"content":{"rendered":"<p>\n    Des avions ont \u00e9t\u00e9 d\u00e9ploy\u00e9s t\u00f4t mercredi afin d\u2019assurer la s\u00e9curit\u00e9 de l\u2019espace a\u00e9rien polonais.<\/p>\n<p class=\"fig-paragraph\">Des avions polonais et alli\u00e9s ont \u00e9t\u00e9 d\u00e9ploy\u00e9s t\u00f4t mercredi afin d\u2019assurer la s\u00e9curit\u00e9 de l\u2019espace a\u00e9rien polonais, apr\u00e8s que la Russie a lanc\u00e9 des frappes a\u00e9riennes visant l\u2019ouest de l\u2019<a href=\"https:\/\/www.lefigaro.fr\/international\/dossier\/tensions-entre-la-russie-et-l-ukraine-tout-comprendre-a-la-menace-d-une-invasion-russe\" target=\"_blank\" data-fig-type=\"Topic\" rel=\"nofollow noopener\" data-gtm-custom-categorie=\"navigation\" data-gtm-custom-action=\"crossclick\" data-gtm-custom-label=\"Contextuel\" data-gtm-event=\"customEventSPE\" data-fig-domain=\"LEFIGARO\">Ukraine<\/a>, pr\u00e8s de la fronti\u00e8re avec la Pologne, ont d\u00e9clar\u00e9 les forces arm\u00e9es de ce pays membre de l\u2019OTAN.<\/p>\n<p class=\"fig-paragraph\">\u00abDes avions de chasse ainsi qu\u2019un avion de d\u00e9tection avanc\u00e9e ont \u00e9t\u00e9 envoy\u00e9s pour des survols, et les syst\u00e8mes de d\u00e9fense a\u00e9rienne au sol et de surveillance radar ont atteint leur plus haut niveau de pr\u00e9paration\u00bb, a indiqu\u00e9 le commandement op\u00e9rationnel dans un message publi\u00e9 sur X.<\/p>\n<p>                                    <a class=\"fig-a11y-skip a11y-hidden\" href=\"#fig-a11y-skip-main-inarticle\"><br \/>\n        Passer la publicit\u00e9<br \/>\n    <\/a><\/p>\n<p class=\"fig-paragraph\">\u00c0 04h00 GMT, presque toute l\u2019Ukraine \u00e9tait sous alerte a\u00e9rienne apr\u00e8s des avertissements de l\u2019arm\u00e9e de l\u2019air ukrainienne faisant \u00e9tat d\u2019attaques russes par missiles et drones.<\/p>\n","protected":false},"excerpt":{"rendered":"Des avions ont \u00e9t\u00e9 d\u00e9ploy\u00e9s t\u00f4t mercredi afin d\u2019assurer la s\u00e9curit\u00e9 de l\u2019espace a\u00e9rien polonais. Des avions polonais&hellip;\n","protected":false},"author":2,"featured_media":544326,"comment_status":"","ping_status":"","sticky":false,"template":"","format":"standard","meta":{"footnotes":""},"categories":[5],"tags":[11,1011,27,131,14,12,2437,28],"class_list":{"0":"post-544325","1":"post","2":"type-post","3":"status-publish","4":"format-standard","5":"has-post-thumbnail","7":"category-international","8":"tag-actualites","9":"tag-fr","10":"tag-france","11":"tag-guerre-en-ukraine","12":"tag-international","13":"tag-news","14":"tag-pologne","15":"tag-world"},"share_on_mastodon":{"url":"","error":""},"_links":{"self":[{"href":"https:\/\/www.europesays.com\/fr\/wp-json\/wp\/v2\/posts\/544325","targetHints":{"allow":["GET"]}}],"collection":[{"href":"https:\/\/www.europesays.com\/fr\/wp-json\/wp\/v2\/posts"}],"about":[{"href":"https:\/\/www.europesays.com\/fr\/wp-json\/wp\/v2\/types\/post"}],"author":[{"embeddable":true,"href":"https:\/\/www.europesays.com\/fr\/wp-json\/wp\/v2\/users\/2"}],"replies":[{"embeddable":true,"href":"https:\/\/www.europesays.com\/fr\/wp-json\/wp\/v2\/comments?post=544325"}],"version-history":[{"count":0,"href":"https:\/\/www.europesays.com\/fr\/wp-json\/wp\/v2\/posts\/544325\/revisions"}],"wp:featuredmedia":[{"embeddable":true,"href":"https:\/\/www.europesays.com\/fr\/wp-json\/wp\/v2\/media\/544326"}],"wp:attachment":[{"href":"https:\/\/www.europesays.com\/fr\/wp-json\/wp\/v2\/media?parent=544325"}],"wp:term":[{"taxonomy":"category","embeddable":true,"href":"https:\/\/www.europesays.com\/fr\/wp-json\/wp\/v2\/categories?post=544325"},{"taxonomy":"post_tag","embeddable":true,"href":"https:\/\/www.europesays.com\/fr\/wp-json\/wp\/v2\/tags?post=544325"}],"curies":[{"name":"wp","href":"https:\/\/api.w.org\/{rel}","templated":true}]}}