{"id":544327,"date":"2025-11-19T08:57:16","date_gmt":"2025-11-19T08:57:16","guid":{"rendered":"https:\/\/www.europesays.com\/fr\/544327\/"},"modified":"2025-11-19T08:57:16","modified_gmt":"2025-11-19T08:57:16","slug":"il-continue-dexercer-deux-femmes-cherchent-dautres-victimes-de-leur-medecin-accuse-de-viols-en-loire-atlantique","status":"publish","type":"post","link":"https:\/\/www.europesays.com\/fr\/544327\/","title":{"rendered":"\u00ab\u00a0Il continue d\u2019exercer\u00a0\u00bb\u2026 Deux femmes cherchent d\u2019autres victimes de leur m\u00e9decin accus\u00e9 de viols en Loire-Atlantique"},"content":{"rendered":"<p>Les faits sont prescrits mais la d\u00e9termination, elle, reste intacte. Sandy et Mathilde sont \u00e0 la recherche d\u2019autres victimes d\u2019un m\u00e9decin g\u00e9n\u00e9raliste de Loroux-Bottereau (Loire-Atlantique), pr\u00e8s de <a href=\"https:\/\/www.20minutes.fr\/nantes\/\" target=\"_blank\" class=\"c-link c-link--is-underlined\" rel=\"noopener\">Nantes<\/a>. Gr\u00e2ce \u00e0 <a href=\"https:\/\/www.facebook.com\/people\/Collectif-des-victimes-dun-m%C3%A9decin-du-Loroux-Bottereau\/61581928985415\/\" target=\"_blank\" class=\"c-link c-link--is-underlined\" rel=\"noopener\">un collectif<\/a> cr\u00e9e sur Facebook mi-octobre, les deux femmes, \u00e2g\u00e9es respectivement de 46 et 52 ans, ont d\u00e9j\u00e0 r\u00e9colt\u00e9 32 t\u00e9moignages. Tous font \u00e9tat d\u2019agressions sexuelles ou de <a href=\"https:\/\/www.20minutes.fr\/justice\/4185097-20251112-loire-atlantique-medecin-accuse-viols-plusieurs-patientes-exerce-toujours\" target=\"_blank\" class=\"c-link c-link--is-underlined\" rel=\"noopener\">viols commis lors d\u2019une consultation<\/a> et de la difficult\u00e9 de d\u00e9noncer des faits commis par une personne du corps m\u00e9dical.<\/p>\n<p>Pourtant en\u00a02004, Mathilde et Sandy ont toutes les deux signal\u00e9 le praticien \u00e0 <a href=\"https:\/\/www.20minutes.fr\/societe\/4093308-20240528-metoo-hopital-ordre-medecins-fait-autocritique\" target=\"_blank\" class=\"c-link c-link--is-underlined\" rel=\"noopener\">l\u2019Ordre des m\u00e9decins<\/a> de Loire-Atlantique. \u00ab\u00a0J\u2019ai \u00e9t\u00e9 convoqu\u00e9e devant plusieurs professionnels, dont mon agresseur, se rappelle Mathilde. On m\u2019a indiqu\u00e9 qu\u2019il avait des pratiques particuli\u00e8res, li\u00e9es \u00e0 de nombreuses conf\u00e9rences de <a href=\"https:\/\/www.20minutes.fr\/sante\/4170939-20250904-etre-sexualite-tout-temps-ca-veut-dire-quoi-exactement-etre-bonne-sante-sexuelle\" target=\"_blank\" class=\"c-link c-link--is-underlined\" rel=\"noopener\">sexologie<\/a> qu\u2019il suivait\u00a0\u00bb. Malgr\u00e9 son signalement, un m\u00e9decin aurait conseill\u00e9 \u00e0 la jeune femme de ne pas porter plainte. Une d\u00e9cision dont Mathilde paye les cons\u00e9quences aujourd\u2019hui.<\/p>\n<p>Exclues de la proc\u00e9dure<\/p>\n<p>Port\u00e9e par la <a href=\"https:\/\/www.20minutes.fr\/dossier\/too\" target=\"_blank\" class=\"c-link c-link--is-underlined\" rel=\"noopener\">vague MeToo<\/a>, la quarantenaire mesure maintenant l\u2019importance de sa parole\u00a0: \u00ab\u00a0A l\u2019\u00e9poque, j\u2019avais conscience d\u2019avoir \u00e9t\u00e9 victime d\u2019une p\u00e9n\u00e9tration non consentie. Mais aujourd\u2019hui, le terme de viol me para\u00eet d\u2019autant plus \u00e9vident. Si j\u2019avais port\u00e9 plainte, peut-\u00eatre qu\u2019une enqu\u00eate aurait \u00e9t\u00e9 ouverte.\u00a0\u00bb En\u00a02020, son m\u00e9decin est pourtant mis en examen pour des raisons similaires. Sandy et Mathilde sont convoqu\u00e9es par la <a href=\"https:\/\/www.20minutes.fr\/dossier\/gendarmerie\" target=\"_blank\" class=\"c-link c-link--is-underlined\" rel=\"noopener\">gendarmerie<\/a> et ont la confirmation qu\u2019elles ne sont pas seules. Mais les faits qu\u2019elles d\u00e9noncent sont prescrits et en septembre\u00a02025, le tribunal les informe que pour cette raison, elles ne seront pas tenues inform\u00e9es de l\u2019avanc\u00e9e de la proc\u00e9dure.<\/p>\n<p>\u00ab\u00a0Nous avons eu besoin de monter un collectif pour trouver d\u2019autres victimes et recueillir ensemble leurs histoires\u00a0\u00bb, confie Mathilde. A deux, elles r\u00e9pertorient en quelques jours une trentaine de t\u00e9moignages de mineurs, de femmes et de quelques hommes pr\u00e9sum\u00e9s victimes. \u00ab\u00a0Certaines ont d\u00e9j\u00e0 <a href=\"https:\/\/www.20minutes.fr\/societe\/4037425-20230517-securite-desormais-possible-deposer-plainte-depuis-telephone-visio\" target=\"_blank\" class=\"c-link c-link--is-underlined\" rel=\"noopener\">port\u00e9 plainte<\/a>, d\u2019autres prennent conscience de ce qui leur est arriv\u00e9 et se sentent soulag\u00e9es.\u00a0\u00bb Mathilde repense au t\u00e9moignage d\u2019une femme, adolescente au moment des faits, dont la m\u00e8re lui avait affirm\u00e9 qu\u2019il n\u2019\u00e9tait \u00ab\u00a0pas possible de porter plainte contre un m\u00e9decin\u00a0\u00bb.<\/p>\n<p>Une profession intouchable\u00a0?<\/p>\n<p>C\u2019est toute la difficult\u00e9 que veulent mettre en \u00e9vidence les deux fondatrices du collectif. \u00ab\u00a0Nous nous sommes toutes rendues \u00e0 un rendez-vous dans un \u00e9tat de vuln\u00e9rabilit\u00e9, mais surtout en toute confiance\u00a0\u00bb, \u00e9voque Mathilde. Il y a vingt et un ans, le g\u00e9n\u00e9raliste lui aurait adress\u00e9 de force ce qu\u2019il pr\u00e9sente comme un \u00ab\u00a0<a href=\"https:\/\/www.20minutes.fr\/sante\/4166707-20250812-fait-toucher-vaginal-malgre-refus-consentement-notion-toujours-respectee-gynecologie\" target=\"_blank\" class=\"c-link c-link--is-underlined\" rel=\"noopener\">examen gyn\u00e9cologique<\/a>\u00a0\u00bb. \u00ab\u00a0Il voulait v\u00e9rifier mon clitoris et mon point G alors que j\u2019avais un probl\u00e8me de rein\u00a0\u00bb, d\u00e9nonce celle qui s\u2019\u00e9tait ouvertement oppos\u00e9e \u00e0 cette pratique. \u00ab\u00a0Nombreuses sont les victimes qui partent du principe qu\u2019un m\u00e9decin d\u00e9tient le savoir m\u00e9dical et sont soumises \u00e0 des agressions\u00a0\u00bb, r\u00e9sume-t-elle.<\/p>\n<\/p>\n<p>\u00ab\u00a0Etre victime d\u2019agression dans un cabinet, c\u2019est encore quelque chose de m\u00e9connu, appuie Mathilde, il est important de d\u00e9noncer ces pratiques, que le conseil de l\u2019Ordre agisse tout comme la <a href=\"https:\/\/www.20minutes.fr\/justice\/\" target=\"_blank\" class=\"c-link c-link--is-underlined\" rel=\"noopener\">justice<\/a>, et vite.\u00a0\u00bb Car malgr\u00e9 les signalements, Mathilde d\u00e9nonce un cadre dans lequel les victimes ne sont pas prot\u00e9g\u00e9es. Il y a trois ans, son amie Sandy aurait \u00e9chang\u00e9 avec le mis en cause par t\u00e9l\u00e9phone alors qu\u2019elle appelait le 15 pour une urgence. \u00ab\u00a0Malgr\u00e9 sa mise en examen en\u00a02020, ce m\u00e9decin continu d\u2019exercer en t\u00e9l\u00e9consultation et pour le SAMU\u00a0\u00bb, d\u00e9nonce-t-elle.<\/p>\n<p>En Loire-Atlantique, <a href=\"https:\/\/www.20minutes.fr\/justice\/4173582-20250917-medecin-generaliste-nantais-juge-palpations-mammaires-inadaptees-patientes\" target=\"_blank\" class=\"c-link c-link--is-underlined\" rel=\"noopener\">plusieurs m\u00e9decins ont \u00e9t\u00e9 accus\u00e9s<\/a> de viols et agressions sexuelles en l\u2019espace de quelques ann\u00e9es. \u00ab\u00a0Pour que ces personnes commettent des agressions pendant vingt ans, il leur faut des complices pour silencier les victimes\u00a0\u00bb, mart\u00e8le Mathilde, qui ne sait pas encore comment d\u00e9noncer le manque de protection et l\u2019absence de r\u00e9action de l\u2019Ordre des M\u00e9decins du d\u00e9partement.<\/p>\n<p>Sandy et Mathilde se tiennent inform\u00e9es de la proc\u00e9dure judiciaire en cours par le biais des autres victimes. Elles esp\u00e8rent \u00eatre entendues dans le cadre de l\u2019instruction. Contact\u00e9, l\u2019Ordre des m\u00e9decins n\u2019a pas encore r\u00e9pondu \u00e0 nos sollicitations.<\/p>\n","protected":false},"excerpt":{"rendered":"Les faits sont prescrits mais la d\u00e9termination, elle, reste intacte. Sandy et Mathilde sont \u00e0 la recherche d\u2019autres&hellip;\n","protected":false},"author":2,"featured_media":544328,"comment_status":"","ping_status":"","sticky":false,"template":"","format":"standard","meta":{"footnotes":""},"categories":[4],"tags":[47,11,1067,118,1011,27,303,3047,6339,766,12,2636,25,104,1265,797,799],"class_list":{"0":"post-544327","1":"post","2":"type-post","3":"status-publish","4":"format-standard","5":"has-post-thumbnail","7":"category-france","8":"tag-actualite","9":"tag-actualites","10":"tag-enquete","11":"tag-faits-divers","12":"tag-fr","13":"tag-france","14":"tag-justice","15":"tag-loire-atlantique","16":"tag-medecin","17":"tag-nantes","18":"tag-news","19":"tag-pays-de-la-loire","20":"tag-republique-francaise","21":"tag-societe","22":"tag-viol","23":"tag-violences-faites-aux-femmes","24":"tag-violences-sexuelles"},"share_on_mastodon":{"url":"https:\/\/pubeurope.com\/@fr\/115575537283489979","error":""},"_links":{"self":[{"href":"https:\/\/www.europesays.com\/fr\/wp-json\/wp\/v2\/posts\/544327","targetHints":{"allow":["GET"]}}],"collection":[{"href":"https:\/\/www.europesays.com\/fr\/wp-json\/wp\/v2\/posts"}],"about":[{"href":"https:\/\/www.europesays.com\/fr\/wp-json\/wp\/v2\/types\/post"}],"author":[{"embeddable":true,"href":"https:\/\/www.europesays.com\/fr\/wp-json\/wp\/v2\/users\/2"}],"replies":[{"embeddable":true,"href":"https:\/\/www.europesays.com\/fr\/wp-json\/wp\/v2\/comments?post=544327"}],"version-history":[{"count":0,"href":"https:\/\/www.europesays.com\/fr\/wp-json\/wp\/v2\/posts\/544327\/revisions"}],"wp:featuredmedia":[{"embeddable":true,"href":"https:\/\/www.europesays.com\/fr\/wp-json\/wp\/v2\/media\/544328"}],"wp:attachment":[{"href":"https:\/\/www.europesays.com\/fr\/wp-json\/wp\/v2\/media?parent=544327"}],"wp:term":[{"taxonomy":"category","embeddable":true,"href":"https:\/\/www.europesays.com\/fr\/wp-json\/wp\/v2\/categories?post=544327"},{"taxonomy":"post_tag","embeddable":true,"href":"https:\/\/www.europesays.com\/fr\/wp-json\/wp\/v2\/tags?post=544327"}],"curies":[{"name":"wp","href":"https:\/\/api.w.org\/{rel}","templated":true}]}}