{"id":544335,"date":"2025-11-19T09:01:35","date_gmt":"2025-11-19T09:01:35","guid":{"rendered":"https:\/\/www.europesays.com\/fr\/544335\/"},"modified":"2025-11-19T09:01:35","modified_gmt":"2025-11-19T09:01:35","slug":"un-vaste-trafic-de-drogues-demantele","status":"publish","type":"post","link":"https:\/\/www.europesays.com\/fr\/544335\/","title":{"rendered":"un vaste trafic de drogues\u00a0d\u00e9mantel\u00e9"},"content":{"rendered":"<p>                    Par<br \/>\n        <strong><br \/>\n            <a href=\"https:\/\/actu.fr\/auteur\/redaction-lorraine\" title=\"Consulter tous les articles de R\u00e9daction Lorraine\" rel=\"nofollow noopener\" target=\"_blank\">R\u00e9daction Lorraine<\/a><br \/>\n                    <\/strong><\/p>\n<p>        Publi\u00e9 le<\/p>\n<p>            19 nov. 2025 \u00e0 9h45        <\/p>\n<p>Le parquet de Nancy (Meurthe-et-Moselle) a annonc\u00e9, mardi 18\u00a0novembre 2025, le <strong>d\u00e9mant\u00e8lement d\u2019un trafic de stup\u00e9fiants<\/strong> dans la ville, qui a abouti \u00e0 l\u2019<strong>interpellation<\/strong> et la <strong>mise en garde \u00e0 vue<\/strong> de dix personnes.<br \/>Parmi ces derni\u00e8res figurent <strong>deux fr\u00e8res<\/strong>, \u00e2g\u00e9s de 22 et 24\u00a0ans, qui sont soup\u00e7onn\u00e9s d\u2019avoir dirig\u00e9 le r\u00e9seau.<\/p>\n<p>Un point de deal qui pouvait rapporter environ 8\u2009000\u00a0euros par jour<\/p>\n<p class=\" wall-content\">Ils auraient organis\u00e9 un \u00ab\u2009point de deal\u2009\u00bb dans une rue nanc\u00e9ienne, qui pouvait \u00ab\u2009rapporter <strong>environ 8\u2009000\u00a0euros par jour<\/strong>\u2009\u00bb, indique le procureur de la R\u00e9publique, Fran\u00e7ois Capin-Dulhoste, dans un communiqu\u00e9.<\/p>\n<p class=\" wall-content\">Le domicile d\u2019une autre personne interpell\u00e9e, un homme de 46\u00a0ans, servait \u00ab\u2009de <strong>laboratoire de coupe<\/strong> et de lieu de conditionnement et de stockage\u2009\u00bb.<\/p>\n<p>Environ 500\u2009000\u00a0euros de drogues d\u00e9couverts<\/p>\n<p class=\" wall-content\">Au total, <strong>95 policiers<\/strong> ont \u00e9t\u00e9 mobilis\u00e9s pour l\u2019op\u00e9ration. Les perquisitions effectu\u00e9es dans les domiciles et les v\u00e9hicules des mis en cause ont permis de d\u00e9couvrir <strong>15,7\u00a0kg d\u2019h\u00e9ro\u00efne<\/strong>, <strong>4\u00a0kg de coca\u00efne<\/strong> et <strong>10\u00a0kg de cannabis<\/strong> \u00ab\u2009d\u2019une <strong>valeur approximative de 500\u2009000\u00a0euros<\/strong>\u2009\u00bb, a-t-il d\u00e9taill\u00e9.<\/p>\n<p class=\" wall-content\">Les forces de l\u2019ordre ont aussi saisi <strong>plus de 41\u2009000\u00a0euros<\/strong>, des <strong>armes<\/strong>, soit un <strong>pistolet 9\u00a0mm<\/strong>, un <strong>fusil \u00e0 pompe<\/strong> et un <strong>pistolet mitrailleur<\/strong>, de m\u00eame que des <strong>v\u00eatements<\/strong> ou <strong>accessoires de marque<\/strong>, a pr\u00e9cis\u00e9 le procureur.<\/p>\n<p class=\" wall-content\"><strong>Avec AFP.<\/strong><\/p>\n<p class=\" wall-content\">Personnalisez votre actualit\u00e9 en ajoutant vos villes et m\u00e9dias en favori avec <a href=\"https:\/\/moncompte.actu.fr\" title=\"D\u00e9couvez Mon Actu\" rel=\"nofollow noopener\" data-trk=\"{&quot;cta&quot;:{&quot;action&quot;:&quot;https:\\\/\\\/moncompte.actu.fr&quot;,&quot;category&quot;:&quot;mon compte&quot;,&quot;from&quot;:&quot;article footer&quot;,&quot;name&quot;:&quot;Mon actu&quot;,&quot;type&quot;:&quot;cta&quot;}}\" target=\"_blank\">Mon Actu<\/a>.<\/p>\n","protected":false},"excerpt":{"rendered":"Par R\u00e9daction Lorraine Publi\u00e9 le 19 nov. 2025 \u00e0 9h45 Le parquet de Nancy (Meurthe-et-Moselle) a annonc\u00e9, mardi&hellip;\n","protected":false},"author":2,"featured_media":544336,"comment_status":"","ping_status":"","sticky":false,"template":"","format":"standard","meta":{"footnotes":""},"categories":[9635],"tags":[1111,11,1052,1777,674,118,1011,27,775,1702,12,1072,25],"class_list":{"0":"post-544335","1":"post","2":"type-post","3":"status-publish","4":"format-standard","5":"has-post-thumbnail","7":"category-nancy","8":"tag-actu","9":"tag-actualites","10":"tag-drogue","11":"tag-eu","12":"tag-europe","13":"tag-faits-divers","14":"tag-fr","15":"tag-france","16":"tag-grand-est","17":"tag-nancy","18":"tag-news","19":"tag-police","20":"tag-republique-francaise"},"share_on_mastodon":{"url":"https:\/\/pubeurope.com\/@fr\/115575553057716811","error":""},"_links":{"self":[{"href":"https:\/\/www.europesays.com\/fr\/wp-json\/wp\/v2\/posts\/544335","targetHints":{"allow":["GET"]}}],"collection":[{"href":"https:\/\/www.europesays.com\/fr\/wp-json\/wp\/v2\/posts"}],"about":[{"href":"https:\/\/www.europesays.com\/fr\/wp-json\/wp\/v2\/types\/post"}],"author":[{"embeddable":true,"href":"https:\/\/www.europesays.com\/fr\/wp-json\/wp\/v2\/users\/2"}],"replies":[{"embeddable":true,"href":"https:\/\/www.europesays.com\/fr\/wp-json\/wp\/v2\/comments?post=544335"}],"version-history":[{"count":0,"href":"https:\/\/www.europesays.com\/fr\/wp-json\/wp\/v2\/posts\/544335\/revisions"}],"wp:featuredmedia":[{"embeddable":true,"href":"https:\/\/www.europesays.com\/fr\/wp-json\/wp\/v2\/media\/544336"}],"wp:attachment":[{"href":"https:\/\/www.europesays.com\/fr\/wp-json\/wp\/v2\/media?parent=544335"}],"wp:term":[{"taxonomy":"category","embeddable":true,"href":"https:\/\/www.europesays.com\/fr\/wp-json\/wp\/v2\/categories?post=544335"},{"taxonomy":"post_tag","embeddable":true,"href":"https:\/\/www.europesays.com\/fr\/wp-json\/wp\/v2\/tags?post=544335"}],"curies":[{"name":"wp","href":"https:\/\/api.w.org\/{rel}","templated":true}]}}