{"id":544339,"date":"2025-11-19T09:03:12","date_gmt":"2025-11-19T09:03:12","guid":{"rendered":"https:\/\/www.europesays.com\/fr\/544339\/"},"modified":"2025-11-19T09:03:12","modified_gmt":"2025-11-19T09:03:12","slug":"ollioules-un-territoire-enracine-dans-lessentiel","status":"publish","type":"post","link":"https:\/\/www.europesays.com\/fr\/544339\/","title":{"rendered":"Ollioules, un territoire enracin\u00e9 dans l\u2019essentiel"},"content":{"rendered":"<p>                    <img loading=\"lazy\" decoding=\"async\" src=\"https:\/\/www.europesays.com\/fr\/wp-content\/uploads\/2025\/11\/f60c557b6438ee70c77b0c4c68d6ee.jpg\" class=\"img-responsive post-image\" width=\"680\" height=\"510\" alt=\"Ollioules, un territoire\" title=\" Ollioules, un territoire enracin\u00e9 dans l'essentiel\"\/><\/p>\n<p class=\"chapo\">Un projet discret mais fondamental, symbole d\u2019un engagement profond pour le vivant, la m\u00e9moire locale et la coh\u00e9sion sociale.<\/p>\n<p>Ainsi, <strong>Fran\u00e7ois de Canson<\/strong> a plac\u00e9 cette inauguration sous le signe du sens et de la simplicit\u00e9\u00a0: \u00ab\u00a0Il y a des journ\u00e9es o\u00f9 la politique retrouve son sens le plus noble\u00a0: celui d\u2019agir pour la vie des gens, avec intelligence, avec simplicit\u00e9, avec constance\u00a0\u00bb.<br class=\"texte\"\/><br \/>\n\u00c0 travers ce verger, il a rendu un hommage \u00e0 <strong>Robert Beneventi,<\/strong> maire d\u2019Ollioules, soulignant la clart\u00e9 de son projet municipal, guid\u00e9 par une vision coh\u00e9rente et une volont\u00e9 constante de servir l\u2019int\u00e9r\u00eat g\u00e9n\u00e9ral\u00a0: \u00ab\u00a0\u00c0 Ollioules, rien n\u2019est laiss\u00e9 au hasard \u00a0\u00bb, a-t-il insist\u00e9.<\/p>\n<p>COEUR BATTANT<\/p>\n<p>Ce verger n\u2019est pas un simple am\u00e9nagement paysager. C\u2019est l\u2019\u00e2me d\u2019une commune qui croit encore \u00e0 la proximit\u00e9, aux lieux de tradition, \u00e0 la beaut\u00e9 du lien social.<br class=\"autobr\"\/><br \/>\nDans un monde satur\u00e9 de bruit et d\u2019agitation, Fran\u00e7ois de Canson a salu\u00e9 la modernit\u00e9 \u00e0 investir dans le silence, la paix, l\u2019ombre des arbres\u00a0: \u00ab\u00a0Offrir \u00e0 la population des espaces publics qui ne soient pas des zones d\u2019attente, mais des lieux de valorisation et de lien, tel est l\u2019objectif poursuivi avec m\u00e9thode et humilit\u00e9. Ce que vous r\u00e9alisez ici m\u00e9rite d\u2019\u00eatre salu\u00e9. Vous \u00eates de ces \u00e9lus qui ne cherchent ni les projecteurs ni les raccourcis, mais qui choisissent le chemin exigeant de l\u2019action concr\u00e8te, durable et partag\u00e9e\u00a0\u00bb.<br class=\"autobr\"\/><br \/>\nCe projet incarne la vision r\u00e9gionale\u00a0: \u00ab\u00a0donner de la puissance \u00e0 ce qui est juste. La R\u00e9gion Sud se veut r\u00e9solument proche du terrain, soutenant des actions locales utiles, sinc\u00e8res et structurantes. Il n\u2019y a pas de petit projet, pas de petite m\u00e9moire. Le local, c\u2019est l\u2019universel \u00e0 port\u00e9e de main \u00a0\u00bb.<br class=\"autobr\"\/><br \/>\nDans un contexte o\u00f9 la centralisation fragilise souvent les territoires, Fran\u00e7ois de Canson a r\u00e9affirm\u00e9 son attachement \u00e0 \u00ab\u00a0la R\u00e9publique du r\u00e9el o\u00f9 les communes sont nos premi\u00e8res lignes. Ce jardin que nous ouvrons aujourd\u2019hui n\u2019est pas simplement un espace vert. Il est l\u2019expression silencieuse d\u2019un territoire qui croit encore \u00e0 l\u2019avenir\u00a0\u00bb.<br class=\"autobr\"\/><br \/>\nAu-del\u00e0 du verger, c\u2019est une certaine id\u00e9e du service public qui s\u2019exprime \u00e0 Ollioules.<br class=\"autobr\"\/><br \/>\n\u00ab\u00a0Une g\u00e9ographie du quotidien redessin\u00e9e avec ambition, au service d\u2019un territoire \u00ab\u00a0enracin\u00e9, ouvert, tourn\u00e9 vers la vie. Poursuivons ensemble ce travail patient et utile. Continuons \u00e0 construire des territoires \u00e0 hauteur d\u2019homme\u00a0\u00bb, a conclu Fran\u00e7ois de Canson.<\/p>\n<p>Photo de Une\u00a0: \u00a9PRESSE AGENCE<\/p>\n","protected":false},"excerpt":{"rendered":"Un projet discret mais fondamental, symbole d\u2019un engagement profond pour le vivant, la m\u00e9moire locale et la coh\u00e9sion&hellip;\n","protected":false},"author":2,"featured_media":544340,"comment_status":"","ping_status":"","sticky":false,"template":"","format":"standard","meta":{"footnotes":""},"categories":[9619],"tags":[1111,11,2408,1777,674,1011,27,12,882,25,2310],"class_list":{"0":"post-544339","1":"post","2":"type-post","3":"status-publish","4":"format-standard","5":"has-post-thumbnail","7":"category-toulon","8":"tag-actu","9":"tag-actualites","10":"tag-appels-d","11":"tag-eu","12":"tag-europe","13":"tag-fr","14":"tag-france","15":"tag-news","16":"tag-provence-alpes-cote-dazur","17":"tag-republique-francaise","18":"tag-toulon"},"share_on_mastodon":{"url":"https:\/\/pubeurope.com\/@fr\/115575561644110520","error":""},"_links":{"self":[{"href":"https:\/\/www.europesays.com\/fr\/wp-json\/wp\/v2\/posts\/544339","targetHints":{"allow":["GET"]}}],"collection":[{"href":"https:\/\/www.europesays.com\/fr\/wp-json\/wp\/v2\/posts"}],"about":[{"href":"https:\/\/www.europesays.com\/fr\/wp-json\/wp\/v2\/types\/post"}],"author":[{"embeddable":true,"href":"https:\/\/www.europesays.com\/fr\/wp-json\/wp\/v2\/users\/2"}],"replies":[{"embeddable":true,"href":"https:\/\/www.europesays.com\/fr\/wp-json\/wp\/v2\/comments?post=544339"}],"version-history":[{"count":0,"href":"https:\/\/www.europesays.com\/fr\/wp-json\/wp\/v2\/posts\/544339\/revisions"}],"wp:featuredmedia":[{"embeddable":true,"href":"https:\/\/www.europesays.com\/fr\/wp-json\/wp\/v2\/media\/544340"}],"wp:attachment":[{"href":"https:\/\/www.europesays.com\/fr\/wp-json\/wp\/v2\/media?parent=544339"}],"wp:term":[{"taxonomy":"category","embeddable":true,"href":"https:\/\/www.europesays.com\/fr\/wp-json\/wp\/v2\/categories?post=544339"},{"taxonomy":"post_tag","embeddable":true,"href":"https:\/\/www.europesays.com\/fr\/wp-json\/wp\/v2\/tags?post=544339"}],"curies":[{"name":"wp","href":"https:\/\/api.w.org\/{rel}","templated":true}]}}