{"id":544346,"date":"2025-11-19T09:07:18","date_gmt":"2025-11-19T09:07:18","guid":{"rendered":"https:\/\/www.europesays.com\/fr\/544346\/"},"modified":"2025-11-19T09:07:18","modified_gmt":"2025-11-19T09:07:18","slug":"gros-ralentissements-et-bus-devies-apres-un-accident-a-rouen-dans-le-secteur-du-rond-point-saint-hilaire","status":"publish","type":"post","link":"https:\/\/www.europesays.com\/fr\/544346\/","title":{"rendered":"Gros ralentissements et bus d\u00e9vi\u00e9s apr\u00e8s un accident \u00e0 Rouen dans le secteur du rond-point Saint-Hilaire"},"content":{"rendered":"<p>                    Par<br \/>\n        <strong><br \/>\n            <a href=\"https:\/\/actu.fr\/auteur\/adrien-filoche\" title=\"Consulter tous les articles de Adrien Filoche\" target=\"_blank\" rel=\"noopener\">Adrien Filoche<\/a><br \/>\n                    <\/strong><\/p>\n<p>        Publi\u00e9 le<\/p>\n<p>            19 nov. 2025 \u00e0 9h36        <\/p>\n<p>Un <strong>accident de la circulation<\/strong> a eu lieu dans la matin\u00e9e du mercredi 19 novembre 2025 \u00e0 <a href=\"https:\/\/actu.fr\/normandie\/rouen_76540\" target=\"_blank\" rel=\"noopener\">Rouen (Seine-Maritime)<\/a>, au niveau de la route de Darn\u00e9tal. Suite \u00e0 cet accrochage, <strong>d\u2019importants ralentissements<\/strong> ont \u00e9t\u00e9 constat\u00e9s par les automobilistes.<\/p>\n<p>Bus d\u00e9vi\u00e9s et ralentissements<\/p>\n<p class=\" wall-content\">En effet, depuis ce matin, la circulation est fortement ralentie comme on peut le constater sur les outils <strong>Waze<\/strong> et <strong>Google Trafic<\/strong>. Le rond-point Saint-Hilaire est \u00e9galement congestionn\u00e9 par le trafic.<\/p>\n<p>    <a href=\"https:\/\/www.google.com\/maps\/embed?pb=!1m18!1m12!1m3!1d2594.3093535948087!2d1.1219247110210204!3d49.44086987129782!2m3!1f0!2f0!3f0!3m2!1i1024!2i768!4f13.1!3m3!1m2!1s0x47e0de9fe4f9a447%3A0x7c97874bf0f68bd!2sRte%20de%20Darn%C3%A9tal!5e0!3m2!1sfr!2sfr!4v1763540546684!5m2!1sfr!2sfr\" title=\"Ouvrie le lien\" target=\"_blank\" rel=\"noopener\">Cliquez ici pour visualiser le contenu<\/a><\/p>\n<p class=\" wall-content\">En raison de l\u2019accident, \u00ab\u2009les lignes T2 et T3 sont d\u00e9vi\u00e9es en direction de Tamarelle et Dur\u00e9cu-Lavoisier. Les arr\u00eats Auberge de Jeunesse et Deux-Rivi\u00e8res ne sont pas desservis\u2009\u00bb, pr\u00e9cise le R\u00e9seau Astuce.<\/p>\n<p class=\" wall-content\"><strong>Soyez vigilants si vous circulez dans ce secteur.<\/strong><\/p>\n<p>Suivez l\u2019actualit\u00e9 de Rouen sur <a href=\"https:\/\/www.whatsapp.com\/channel\/0029VaKfnf99hXF2ddApFB1D\" target=\"_blank\" rel=\"noopener\">notre cha\u00eene WhatsApp<\/a> et sur <a href=\"https:\/\/www.tiktok.com\/@76actu.fr?lang=fr\" target=\"_blank\" rel=\"noopener\">notre compte TikTok<\/a><\/p>\n<p class=\" wall-content\">Personnalisez votre actualit\u00e9 en ajoutant vos villes et m\u00e9dias en favori avec <a href=\"https:\/\/moncompte.actu.fr\" title=\"D\u00e9couvez Mon Actu\" rel=\"nofollow noopener\" data-trk=\"{&quot;cta&quot;:{&quot;action&quot;:&quot;https:\\\/\\\/moncompte.actu.fr&quot;,&quot;category&quot;:&quot;mon compte&quot;,&quot;from&quot;:&quot;article footer&quot;,&quot;name&quot;:&quot;Mon actu&quot;,&quot;type&quot;:&quot;cta&quot;}}\" target=\"_blank\">Mon Actu<\/a>.<\/p>\n<p>                    <script async src=\"\/\/www.tiktok.com\/embed.js\"><\/script><\/p>\n","protected":false},"excerpt":{"rendered":"Par Adrien Filoche Publi\u00e9 le 19 nov. 2025 \u00e0 9h36 Un accident de la circulation a eu lieu&hellip;\n","protected":false},"author":2,"featured_media":544347,"comment_status":"","ping_status":"","sticky":false,"template":"","format":"standard","meta":{"footnotes":""},"categories":[9587],"tags":[119,1111,11,1777,674,118,1011,27,803,12,5161,25,9590],"class_list":{"0":"post-544346","1":"post","2":"type-post","3":"status-publish","4":"format-standard","5":"has-post-thumbnail","7":"category-rouen","8":"tag-accident","9":"tag-actu","10":"tag-actualites","11":"tag-eu","12":"tag-europe","13":"tag-faits-divers","14":"tag-fr","15":"tag-france","16":"tag-info-trafic","17":"tag-news","18":"tag-normandie","19":"tag-republique-francaise","20":"tag-rouen"},"share_on_mastodon":{"url":"https:\/\/pubeurope.com\/@fr\/115575576737174521","error":""},"_links":{"self":[{"href":"https:\/\/www.europesays.com\/fr\/wp-json\/wp\/v2\/posts\/544346","targetHints":{"allow":["GET"]}}],"collection":[{"href":"https:\/\/www.europesays.com\/fr\/wp-json\/wp\/v2\/posts"}],"about":[{"href":"https:\/\/www.europesays.com\/fr\/wp-json\/wp\/v2\/types\/post"}],"author":[{"embeddable":true,"href":"https:\/\/www.europesays.com\/fr\/wp-json\/wp\/v2\/users\/2"}],"replies":[{"embeddable":true,"href":"https:\/\/www.europesays.com\/fr\/wp-json\/wp\/v2\/comments?post=544346"}],"version-history":[{"count":0,"href":"https:\/\/www.europesays.com\/fr\/wp-json\/wp\/v2\/posts\/544346\/revisions"}],"wp:featuredmedia":[{"embeddable":true,"href":"https:\/\/www.europesays.com\/fr\/wp-json\/wp\/v2\/media\/544347"}],"wp:attachment":[{"href":"https:\/\/www.europesays.com\/fr\/wp-json\/wp\/v2\/media?parent=544346"}],"wp:term":[{"taxonomy":"category","embeddable":true,"href":"https:\/\/www.europesays.com\/fr\/wp-json\/wp\/v2\/categories?post=544346"},{"taxonomy":"post_tag","embeddable":true,"href":"https:\/\/www.europesays.com\/fr\/wp-json\/wp\/v2\/tags?post=544346"}],"curies":[{"name":"wp","href":"https:\/\/api.w.org\/{rel}","templated":true}]}}