{"id":544355,"date":"2025-11-19T09:12:13","date_gmt":"2025-11-19T09:12:13","guid":{"rendered":"https:\/\/www.europesays.com\/fr\/544355\/"},"modified":"2025-11-19T09:12:13","modified_gmt":"2025-11-19T09:12:13","slug":"voici-ou-et-quand-vont-tomber-les-premiers-flocons","status":"publish","type":"post","link":"https:\/\/www.europesays.com\/fr\/544355\/","title":{"rendered":"voici o\u00f9 et quand vont tomber les premiers flocons"},"content":{"rendered":"<p>                    Par<br \/>\n        <strong><br \/>\n            <a href=\"https:\/\/actu.fr\/auteur\/laurene-fertin\" title=\"Consulter tous les articles de Laur\u00e8ne Fertin\" target=\"_blank\" rel=\"noopener\">Laur\u00e8ne Fertin<\/a><br \/>\n                    <\/strong><\/p>\n<p>        Publi\u00e9 le<\/p>\n<p>            19 nov. 2025 \u00e0 9h40        <\/p>\n<p><a href=\"https:\/\/actu.fr\/bretagne\/rennes_35238\/jusqu-a-2-c-attendus-en-bretagne-voici-les-villes-ou-il-fera-le-plus-froid_63445999.html\" target=\"_blank\" rel=\"noopener\">Le froid s\u2019est install\u00e9, en Bretagne,<\/a> depuis le d\u00e9but de semaine. Et pour cause\u2009: mardi 18\u00a0novembre 2025, <strong>-2,9\u00a0\u00b0C<\/strong> ont \u00e9t\u00e9 recens\u00e9s \u00e0 Landujan, -2,7\u00a0\u00b0C \u00e0 Pleucadeuc ou encore -2,4\u00a0\u00b0C \u00e0 Foug\u00e8res.<\/p>\n<p class=\" wall-content\">Les temp\u00e9ratures ne vont pas descendre d\u2019ici l\u00e0 puisque d\u00e8s ce jeudi 20\u00a0novembre, <b>des averses de neige<\/b> sont envisag\u00e9es par les mod\u00e8les m\u00e9t\u00e9orologiques.<\/p>\n<p>Des giboul\u00e9es neigeuses<\/p>\n<p class=\" wall-content\"><strong>\u00ab\u2009Un refroidissement s\u2019op\u00e8re<\/strong> au cours de ces prochaines heures\u2009\u00bb, pr\u00e9cise S\u00e9bastien Decaux, m\u00e9t\u00e9orologue \u00e0 <a href=\"https:\/\/www.meteo.bzh\/\" target=\"_blank\" rel=\"noopener\">M\u00e9t\u00e9o Bretagne.<\/a> \u00ab\u2009D\u00e8s ce mercredi soir [19\u00a0novembre, N.D.L.R], et demain matin, <strong>les conditions seront tr\u00e8s froides<\/strong> en altitude et en surface puisque l\u2019on aura autour des <strong>0 \u00e0 2\u00a0\u00b0C d\u00e8s l\u2019aube.\u2009\u00bb<\/strong><\/p>\n<p class=\" wall-content\">Des averses vont prendre naissance en Manche et, qui vont dans un flux de secteur nord, descendre vers le sud et concerner principalement <strong>l\u2019est des C\u00f4tes-d\u2019Armor<\/strong> et<strong> l\u2019ouest de l\u2019Ille-et-Vilaine.<\/strong><\/p>\n<blockquote class=\"ac-article-quote wall-content\">\n<p>Des giboul\u00e9es neigeuses vont arriver par le pays malouin et vont s&rsquo;enfoncer dans les terres en  matin\u00e9e, pouvant possiblement perturber dans l&rsquo;apr\u00e8s-midi. La tenue au sol semble peu probable mais cela peut temporairement blanchir sur certaines hauteurs.<\/p>\n<p>    <strong>S\u00e9bastien Decaux<\/strong><br \/>\n        M\u00e9t\u00e9orologue    <\/p><\/blockquote>\n<p class=\" wall-content\">\n<p class=\" wall-content\">Les secteurs les plus concern\u00e9s seront <strong>Dinan, Loud\u00e9ac, Saint-M\u00e9en-le-Grand, Montauban-de-Bretagne, Combourg<\/strong> ou encore <strong>Rennes<\/strong>.<\/p>\n<p>Votre r\u00e9gion, votre actu !<\/p>\n<p>Recevez chaque jour les infos qui comptent pour vous.<\/p>\n<p>\t<a href=\"https:\/\/actu.fr\/newsletter\" class=\"ac-btn ac-btn--corner ac-btn--medium ac-btn--blue800\" target=\"_blank\" rel=\"noopener\">S&rsquo;incrire<\/a><br \/>\nPrudence sur les routes<\/p>\n<p class=\" wall-content\">\u00ab\u2009Il faudra \u00eatre <strong>vigilant\u2009\u00bb,<\/strong> indique le m\u00e9t\u00e9orologue, \u00ab\u2009s\u2019il va y avoir de la neige sur certains secteurs, \u00e0 d\u2019autres endroits, cela pourra \u00eatre du <strong>gr\u00e9sil.\u2009\u00bb<\/strong><\/p>\n<p class=\" wall-content\">Pour rappel, le gr\u00e9sil, ce sont de petites particules de glace qui rebondissent au sol, ne d\u00e9passant pas 5\u00a0mm. \u00ab\u2009C\u2019est comme de la gr\u00eale, mais en plus petit\u2009\u00bb, glisse S\u00e9bastien Decaux.<\/p>\n<p class=\" wall-content\">Du gr\u00e9sil qui pourra donc rendre <strong>les chauss\u00e9es glissantes<\/strong>\u2009: prudence, donc, si vous roulez de bon matin <strong>sur les routes<\/strong> pour vous rendre au boulot, par exemple.<\/p>\n<p>De nouvelles gel\u00e9es vendredi<\/p>\n<p class=\" wall-content\">Vendredi 21\u00a0novembre, <strong>les pr\u00e9cipitations vont dispara\u00eetre<\/strong> pour laisser un ciel partiellement d\u00e9gag\u00e9. <strong>De nouvelles gel\u00e9es<\/strong> sont toutefois attendues, qui pourront, l\u00e0 aussi, occasionner <strong>des chauss\u00e9es glissantes.<\/strong><\/p>\n<p class=\" wall-content\">En matin\u00e9e, le temps sera beau. \u00ab\u2009Les temp\u00e9ratures vont un peu dans tous les sens en Bretagne\u2009\u00bb, sourit S\u00e9bastien Decaux. \u00ab\u2009Si on regarde les mod\u00e9lisations, le thermom\u00e8tre pourra afficher <strong>jusqu\u2019\u00e0 -3 degr\u00e9s<\/strong> sur certains secteurs.\u2009\u00bb<\/p>\n<p class=\" wall-content\"><strong>Samedi, une perturbation pluvieuse<\/strong> va teinter le ciel de gris.<strong> Un l\u00e9ger redoux<\/strong> sera toutefois pr\u00e9sent sur l\u2019ensemble de la r\u00e9gion. \u00ab\u2009Certaines mod\u00e9lisations \u00e9voquent quelques flocons, \u00e0 Foug\u00e8res, par exemple, mais cela reste \u00e0 pr\u00e9ciser.\u2009\u00bb<\/p>\n<p class=\" wall-content\">Personnalisez votre actualit\u00e9 en ajoutant vos villes et m\u00e9dias en favori avec <a href=\"https:\/\/moncompte.actu.fr\" title=\"D\u00e9couvez Mon Actu\" rel=\"nofollow noopener\" data-trk=\"{&quot;cta&quot;:{&quot;action&quot;:&quot;https:\\\/\\\/moncompte.actu.fr&quot;,&quot;category&quot;:&quot;mon compte&quot;,&quot;from&quot;:&quot;article footer&quot;,&quot;name&quot;:&quot;Mon actu&quot;,&quot;type&quot;:&quot;cta&quot;}}\" target=\"_blank\">Mon Actu<\/a>.<\/p>\n","protected":false},"excerpt":{"rendered":"Par Laur\u00e8ne Fertin Publi\u00e9 le 19 nov. 2025 \u00e0 9h40 Le froid s\u2019est install\u00e9, en Bretagne, depuis le&hellip;\n","protected":false},"author":2,"featured_media":544356,"comment_status":"","ping_status":"","sticky":false,"template":"","format":"standard","meta":{"footnotes":""},"categories":[2821],"tags":[1111,11,829,1777,674,1011,27,3447,2487,10584,12,4459,584,25],"class_list":{"0":"post-544355","1":"post","2":"type-post","3":"status-publish","4":"format-standard","5":"has-post-thumbnail","7":"category-rennes","8":"tag-actu","9":"tag-actualites","10":"tag-bretagne","11":"tag-eu","12":"tag-europe","13":"tag-fr","14":"tag-france","15":"tag-froid","16":"tag-meteo","17":"tag-neige","18":"tag-news","19":"tag-pluie","20":"tag-rennes","21":"tag-republique-francaise"},"share_on_mastodon":{"url":"https:\/\/pubeurope.com\/@fr\/115575596420102299","error":""},"_links":{"self":[{"href":"https:\/\/www.europesays.com\/fr\/wp-json\/wp\/v2\/posts\/544355","targetHints":{"allow":["GET"]}}],"collection":[{"href":"https:\/\/www.europesays.com\/fr\/wp-json\/wp\/v2\/posts"}],"about":[{"href":"https:\/\/www.europesays.com\/fr\/wp-json\/wp\/v2\/types\/post"}],"author":[{"embeddable":true,"href":"https:\/\/www.europesays.com\/fr\/wp-json\/wp\/v2\/users\/2"}],"replies":[{"embeddable":true,"href":"https:\/\/www.europesays.com\/fr\/wp-json\/wp\/v2\/comments?post=544355"}],"version-history":[{"count":0,"href":"https:\/\/www.europesays.com\/fr\/wp-json\/wp\/v2\/posts\/544355\/revisions"}],"wp:featuredmedia":[{"embeddable":true,"href":"https:\/\/www.europesays.com\/fr\/wp-json\/wp\/v2\/media\/544356"}],"wp:attachment":[{"href":"https:\/\/www.europesays.com\/fr\/wp-json\/wp\/v2\/media?parent=544355"}],"wp:term":[{"taxonomy":"category","embeddable":true,"href":"https:\/\/www.europesays.com\/fr\/wp-json\/wp\/v2\/categories?post=544355"},{"taxonomy":"post_tag","embeddable":true,"href":"https:\/\/www.europesays.com\/fr\/wp-json\/wp\/v2\/tags?post=544355"}],"curies":[{"name":"wp","href":"https:\/\/api.w.org\/{rel}","templated":true}]}}