{"id":544357,"date":"2025-11-19T09:13:10","date_gmt":"2025-11-19T09:13:10","guid":{"rendered":"https:\/\/www.europesays.com\/fr\/544357\/"},"modified":"2025-11-19T09:13:10","modified_gmt":"2025-11-19T09:13:10","slug":"pourquoi-les-deux-accuses-sont-rejuges-cette-semaine","status":"publish","type":"post","link":"https:\/\/www.europesays.com\/fr\/544357\/","title":{"rendered":"pourquoi les deux accus\u00e9s sont rejug\u00e9s cette semaine"},"content":{"rendered":"<p>                    Par<br \/>\n        <strong><br \/>\n            <a href=\"https:\/\/actu.fr\/auteur\/ivan-capecchi\" title=\"Consulter tous les articles de Ivan CAPECCHI\" rel=\"nofollow noopener\" target=\"_blank\">Ivan CAPECCHI<\/a><br \/>\n                    <\/strong><\/p>\n<p>        Publi\u00e9 le<\/p>\n<p>            19 nov. 2025 \u00e0 9h31        <\/p>\n<p>23\u00a0ans de prison pour l\u2019un, quatre ans et demi pour l\u2019autre\u2009: deux jeunes hommes, condamn\u00e9s pour l\u2019<a href=\"https:\/\/actu.fr\/grand-est\/strasbourg_67482\/des-habitants-quartier-gare-sous-choc-apres-lincendie-dun-immeuble-strasbourg_31780987.html\" rel=\"nofollow noopener\" target=\"_blank\">incendie en 2020 d\u2019un immeuble \u00e0 Strasbourg qui avait fait cinq morts<\/a>, sont rejug\u00e9s depuis mardi \u00e0 <a href=\"https:\/\/actu.fr\/grand-est\/colmar_68066\" rel=\"nofollow noopener\" target=\"_blank\">Colmar<\/a>.<\/p>\n<p class=\" wall-content\">En septembre\u00a02023, la <strong>cour d\u2019assises du Bas-Rhin<\/strong> avait condamn\u00e9 \u00e0 23\u00a0ans de r\u00e9clusion criminelle Sassoun Azarian, aujourd\u2019hui \u00e2g\u00e9 de 26\u00a0ans, pour l\u2019incendie \u00ab\u2009volontaire\u2009\u00bb de l\u2019immeuble.<\/p>\n<p class=\" wall-content\">\u00ab\u2009Mon client entend <strong>contester le caract\u00e8re intentionnel de l\u2019incendie<\/strong>\u2009\u00bb, a d\u00e9clar\u00e9 \u00e0 l\u2019AFP son avocat, Baptiste Monnot, \u00e0 l\u2019ouverture du proc\u00e8s qui doit durer jusqu\u2019au 25\u00a0novembre devant la cour d\u2019assises d\u2019appel du Haut-Rhin.<\/p>\n<p>En 2020, un incendie rue de Barr \u00e0 Strasbourg fait 5 morts<\/p>\n<p class=\" wall-content\">Dans la nuit du 26 au 27\u00a0f\u00e9vrier 2020, vers 01h00 du matin, les flammes s\u2019\u00e9taient <a href=\"https:\/\/actu.fr\/faits-divers\/cinq-morts-dans-lincendie-dun-immeuble-strasbourg-voici-ce-lon-sait_31776437.html\" rel=\"nofollow noopener\" target=\"_blank\">rapidement propag\u00e9es dans l\u2019immeuble de sept \u00e9tages<\/a> de la rue de Barr, dans le quartier de la gare \u00e0 Strasbourg. Le feu avait mobilis\u00e9 pas moins de 48 sapeurs-pompiers et 23 v\u00e9hicules.<\/p>\n<p class=\" wall-content\">Les secours avaient compt\u00e9 <strong>sept bless\u00e9s et cinq morts<\/strong>\u2009: une retrait\u00e9e de 68\u00a0ans, une interne en m\u00e9decine de 25\u00a0ans, un cariste de 45\u00a0ans, un jeune homme de 29\u00a0ans, et un \u00e9tudiant togolais de 25\u00a0ans.<\/p>\n<p>Des versions oppos\u00e9es lors du premier proc\u00e8s<\/p>\n<p class=\" wall-content\">Lors du <a href=\"https:\/\/actu.fr\/tag\/proces\" rel=\"nofollow noopener\" target=\"_blank\">proc\u00e8s<\/a> en premi\u00e8re instance, le procureur avait estim\u00e9 que Sassoun Azarian, qui cachait son cannabis dans l\u2019immeuble mais r\u00e9futait \u00eatre un \u00ab\u2009dealer\u2009\u00bb, avait \u00ab\u2009volontairement\u2009\u00bb lanc\u00e9 un m\u00e9got dans la colonne \u00e9lectrique et mis en cause l\u2019autre accus\u00e9, Munasar Ali Abdullahi, pour \u00ab\u2009complicit\u00e9\u2009\u00bb.<\/p>\n<p class=\" wall-content\">\u00c0 l\u2019annonce du verdict, Sassoun Azarian, jeune homme d\u2019origine azerba\u00efdjanaise, avait d\u00e9nonc\u00e9 une d\u00e9cision \u00ab\u2009injuste\u2009\u00bb et \u00ab\u2009raciste\u2009\u00bb.<\/p>\n<p>Votre r\u00e9gion, votre actu !<\/p>\n<p>Recevez chaque jour les infos qui comptent pour vous.<\/p>\n<p>\t<a href=\"https:\/\/actu.fr\/newsletter\" class=\"ac-btn ac-btn--corner ac-btn--medium ac-btn--blue800\" rel=\"nofollow noopener\" target=\"_blank\">S&rsquo;incrire<\/a><br \/>\nExcuses du principal accus\u00e9, acquittement partiel pour le second<\/p>\n<p class=\" wall-content\">Juste avant le d\u00e9lib\u00e9r\u00e9, il avait pr\u00e9sent\u00e9 ses \u00ab\u2009excuses\u2009\u00bb aux familles des victimes. \u00ab\u2009Jamais de la vie on a voulu faire un coup pareil\u2009\u00bb, avait-il assur\u00e9.<\/p>\n<p class=\" wall-content\">La cour avait acquitt\u00e9 Munasar Ali Abdullahi des charges d\u2019incendie volontaire et avait seulement retenu l\u2019accusation de non-assistance \u00e0 personne en danger. Il a \u00e9t\u00e9 condamn\u00e9 \u00e0 quatre ans et demi de prison.<\/p>\n<p>La question des facult\u00e9s mentales au c\u0153ur du proc\u00e8s<\/p>\n<p class=\" wall-content\">Tout au long des cinq jours de proc\u00e8s, la question des<strong> facult\u00e9s mentales<\/strong> de ce jeune homme, aujourd\u2019hui \u00e2g\u00e9 de 27\u00a0ans, s\u2019est pos\u00e9e. \u00c0 la barre, il n\u2019a pas \u00e9t\u00e9 capable d\u2019apporter des r\u00e9ponses aux questions du tribunal, se contentant de r\u00e9pliquer le plus souvent\u2009: \u00ab\u2009Je ne me rappelle plus\u2009\u00bb.<\/p>\n<p class=\" wall-content\">\u00ab\u2009On estime que Munasar Ali Abdullahi n\u2019a pas les facult\u00e9s mentales pour prendre des d\u00e9cisions dans des situations extr\u00eames\u2009\u00bb, avait estim\u00e9 son avocat, Micha\u00ebl Wacquez.<\/p>\n<p class=\" wall-content\">Personnalisez votre actualit\u00e9 en ajoutant vos villes et m\u00e9dias en favori avec <a href=\"https:\/\/moncompte.actu.fr\" title=\"D\u00e9couvez Mon Actu\" rel=\"nofollow noopener\" data-trk=\"{&quot;cta&quot;:{&quot;action&quot;:&quot;https:\\\/\\\/moncompte.actu.fr&quot;,&quot;category&quot;:&quot;mon compte&quot;,&quot;from&quot;:&quot;article footer&quot;,&quot;name&quot;:&quot;Mon actu&quot;,&quot;type&quot;:&quot;cta&quot;}}\" target=\"_blank\">Mon Actu<\/a>.<\/p>\n","protected":false},"excerpt":{"rendered":"Par Ivan CAPECCHI Publi\u00e9 le 19 nov. 2025 \u00e0 9h31 23\u00a0ans de prison pour l\u2019un, quatre ans et&hellip;\n","protected":false},"author":2,"featured_media":481914,"comment_status":"","ping_status":"","sticky":false,"template":"","format":"standard","meta":{"footnotes":""},"categories":[2820],"tags":[1111,11,1777,674,118,1011,27,775,1310,303,12,2694,25,640],"class_list":{"0":"post-544357","1":"post","2":"type-post","3":"status-publish","4":"format-standard","5":"has-post-thumbnail","7":"category-strasbourg","8":"tag-actu","9":"tag-actualites","10":"tag-eu","11":"tag-europe","12":"tag-faits-divers","13":"tag-fr","14":"tag-france","15":"tag-grand-est","16":"tag-incendie","17":"tag-justice","18":"tag-news","19":"tag-proces","20":"tag-republique-francaise","21":"tag-strasbourg"},"share_on_mastodon":{"url":"https:\/\/pubeurope.com\/@fr\/115575602374991522","error":""},"_links":{"self":[{"href":"https:\/\/www.europesays.com\/fr\/wp-json\/wp\/v2\/posts\/544357","targetHints":{"allow":["GET"]}}],"collection":[{"href":"https:\/\/www.europesays.com\/fr\/wp-json\/wp\/v2\/posts"}],"about":[{"href":"https:\/\/www.europesays.com\/fr\/wp-json\/wp\/v2\/types\/post"}],"author":[{"embeddable":true,"href":"https:\/\/www.europesays.com\/fr\/wp-json\/wp\/v2\/users\/2"}],"replies":[{"embeddable":true,"href":"https:\/\/www.europesays.com\/fr\/wp-json\/wp\/v2\/comments?post=544357"}],"version-history":[{"count":0,"href":"https:\/\/www.europesays.com\/fr\/wp-json\/wp\/v2\/posts\/544357\/revisions"}],"wp:featuredmedia":[{"embeddable":true,"href":"https:\/\/www.europesays.com\/fr\/wp-json\/wp\/v2\/media\/481914"}],"wp:attachment":[{"href":"https:\/\/www.europesays.com\/fr\/wp-json\/wp\/v2\/media?parent=544357"}],"wp:term":[{"taxonomy":"category","embeddable":true,"href":"https:\/\/www.europesays.com\/fr\/wp-json\/wp\/v2\/categories?post=544357"},{"taxonomy":"post_tag","embeddable":true,"href":"https:\/\/www.europesays.com\/fr\/wp-json\/wp\/v2\/tags?post=544357"}],"curies":[{"name":"wp","href":"https:\/\/api.w.org\/{rel}","templated":true}]}}