{"id":54436,"date":"2025-04-26T13:01:18","date_gmt":"2025-04-26T13:01:18","guid":{"rendered":"https:\/\/www.europesays.com\/fr\/54436\/"},"modified":"2025-04-26T13:01:18","modified_gmt":"2025-04-26T13:01:18","slug":"boxe-tir-laser-escalade-de-multiples-animations-pour-rapprocher-police-et-population-a-darnetal","status":"publish","type":"post","link":"https:\/\/www.europesays.com\/fr\/54436\/","title":{"rendered":"Boxe, tir laser, escalade&#8230; De multiples animations pour rapprocher police et population \u00e0 Darn\u00e9tal"},"content":{"rendered":"<p>            Par<br \/>\n        <strong><br \/>\n            <a href=\"https:\/\/actu.fr\/auteur\/isabellevilly\" title=\"Consulter tous les articles de Isabelle Villy\" rel=\"nofollow noopener\" target=\"_blank\">Isabelle Villy<\/a><br \/>\n        <\/strong><\/p>\n<p>        Publi\u00e9 le<\/p>\n<p>            25 avr. 2025 \u00e0 16h37        <\/p>\n<p>Le quartier du complexe sportif Jules-Ferry, <a href=\"https:\/\/actu.fr\/normandie\/darnetal_76212\" rel=\"nofollow noopener\" target=\"_blank\">\u00e0 Darn\u00e9tal (Seine-Maritime)<\/a>, pr\u00e8s de Rouen, va \u00eatre anim\u00e9, samedi 26 avril. Le Raid\u2019Aventure (Prox\u2019Aventure), s\u2019installe en effet pour la journ\u00e9e, de 10\u2009h \u00e0 17\u2009h, avec un <strong>programme riche en animations<\/strong> qui devrait s\u00e9duire un large public.<\/p>\n<p>Les objectifs du Raid\u2019Aventure<\/p>\n<p class=\" wall-content\">Les objectifs du Raid\u2019Aventure, une association cr\u00e9\u00e9e en 1992 et qui rassemble plus de<strong> cinq cents policiers b\u00e9n\u00e9voles<\/strong>, visent \u00e0 promouvoir la citoyennet\u00e9 et les valeurs de la R\u00e9publique, am\u00e9liorer les relations entre les jeunes et les forces de s\u00e9curit\u00e9, <strong>cr\u00e9er du lien<\/strong> entre la population et les institutions locales, mais aussi <strong>d\u00e9construire les id\u00e9es re\u00e7ues<\/strong> qui se forgent vis-\u00e0-vis de la police notamment.<\/p>\n<p class=\" wall-content\">Face aux pol\u00e9miques quant \u00e0 \u00ab\u2009la violence pr\u00e9tendument polici\u00e8re\u2009\u00bb, l\u2019association Raid\u2019Aventure aspire ainsi \u00e0 donner une autre image des forces de l\u2019ordre\u2009: celle qui les guide au quotidien, dans ses missions aupr\u00e8s de la population.<\/p>\n<p>\u00ab\u2009Expliquer, discuter et apaiser les tensions\u2009\u00bb<\/p>\n<p class=\" wall-content\">\u00ab\u2009Cela fait 30 ans que l\u2019association \u0153uvre pour le rapprochement police-population, et plus particuli\u00e8rement les jeunes, \u00e0 travers diff\u00e9rents dispositifs, encadr\u00e9s par des policiers tous issus de<strong> forces de s\u00e9curit\u00e9 int\u00e9rieure<\/strong>, que ce soit la police nationale, <a href=\"https:\/\/actu.fr\/normandie\/rouen_76540\/un-commissaire-de-police-sauve-deux-jeunes-tombes-a-la-seine-a-rouen-il-y-avait-enormement-de-courant_62503986.html\" rel=\"nofollow noopener\" target=\"_blank\">la police municipale<\/a>, la gendarmerie ou encore les sapeurs-pompiers. Ils interviennent aupr\u00e8s de la jeunesse pour faire conna\u00eetre leur profession, expliquer les gestes et techniques d\u2019interpellation, discuter et apaiser les tensions\u2009\u00bb, mettent avant les responsables de l\u2019association Raid\u2019Aventure sur leur site internet.<\/p>\n<p>Dialoguer pour mieux se comprendre<\/p>\n<p class=\" wall-content\">\u00ab\u2009On voulait que cet \u00e9v\u00e9nement soit organis\u00e9 un jour de week-end, pour toucher et faire venir le plus de public possible, jeunes et moins jeunes\u2009\u00bb, indique Denis Gu\u00e9rin, adjoint au maire de Darn\u00e9tal, qui souligne que le but de cette journ\u00e9e est de<strong> cr\u00e9er une proximit\u00e9 avec la police<\/strong> et montrer que les forces de l\u2019ordre ne sont pas l\u00e0 \u00ab\u2009seulement pour faire de la r\u00e9pression. Cette journ\u00e9e permettra \u00e0 tous de d\u00e9couvrir les diff\u00e9rents m\u00e9tiers de la police, expliquer son action sur le terrain\u2009\u00bb.<\/p>\n<p class=\" wall-content\">Cr\u00e9er un \u00e9change, dialoguer pour mieux se comprendre\u2009: telle est l\u2019ambition affich\u00e9e de l\u2019\u00e9v\u00e9nement.<\/p>\n<p>Vid\u00e9os : en ce moment sur ActuLe programme<\/p>\n<p>Le Prox&rsquo;Raid&rsquo;Aventure aura lieu samedi 26\u00a0avril, de 10 h \u00e0 17 h, autour et dans le complexe sportif Jules-Ferry, \u00e0 Darn\u00e9tal. C&rsquo;est gratuit et ouvert \u00e0 tous.<\/p>\n<p>Animations propos\u00e9es par le Raid&rsquo;Aventure : boxe, tir laser, sports collectifs, atelier dialogue, mur d&rsquo;escalade, secourisme, parcours police, techniques de police.<\/p>\n<p>Animations propos\u00e9es par les sapeurs-pompiers : \u00e0 10 h 30 et 15 h 30, d\u00e9monstration de d\u00e9sincarc\u00e9ration de v\u00e9hicules. \u00c0 10 h et 15 h, d\u00e9monstration grande \u00e9chelle.<\/p>\n<p>Expositions : voitures de police am\u00e9ricaines, motos de la CRS 31.<\/p>\n<p>Stands : Pr\u00e9vention routi\u00e8re, APER (association pr\u00e9vention Est de Rouen), Full contact, Dynamic Krav Maga, Police Nationale, Mission locale, DDTM.<\/p>\n<p>L&rsquo;association darn\u00e9talaise de la d\u00e9fense des locataires du Robec (ADDLR) proposera une buvette et restauration sur place.<\/p>\n<p>D\u00e9monstrations des pompiers<\/p>\n<p class=\" wall-content\">Parmi les <strong>nombreuses animations<\/strong> \u00e0 l\u2019affiche, samedi 26\u00a0avril, notons que <a href=\"https:\/\/actu.fr\/normandie\/montville_76452\/les-sapeurs-pompiers-ont-explique-la-manoeuvre-de-desincarceration-au-public_61919107.html\" rel=\"nofollow noopener\" target=\"_blank\">les sapeurs-pompiers feront des d\u00e9monstrations<\/a>, toujours spectaculaires, de d\u00e9sincarc\u00e9ration de v\u00e9hicules et d\u00e9ploieront \u00e9galement la grande \u00e9chelle.<\/p>\n<p>Exposition de voitures de police am\u00e9ricaines<\/p>\n<p class=\" wall-content\">Une <strong>exposition propos\u00e9e par Paris Interceptor<\/strong> devrait par ailleurs s\u00e9duire les visiteurs\u2009: l\u2019association sera en effet pr\u00e9sente avec quatre v\u00e9hicules de police, des voitures am\u00e9ricaines. De quoi int\u00e9resser les passionn\u00e9s\u2009!<\/p>\n<p class=\" wall-content\">\u00ab\u2009Les gens peuvent aller aux stands qui les int\u00e9ressent, il n\u2019y a pas d\u2019obligation d\u2019aller partout\u2009\u00bb, pr\u00e9cise Denis Gu\u00e9rin, qui esp\u00e8re que les Darn\u00e9talais seront nombreux au rendez-vous.<\/p>\n<p>Samedi 26\u00a0avril, de 10h \u00e0 17h, autour et dans le complexe Jules-Ferry, \u00e0 Darn\u00e9tal. Gratuit et ouvert \u00e0 tous.<\/p>\n<p>Suivez l\u2019actualit\u00e9 de Rouen <a href=\"https:\/\/www.whatsapp.com\/channel\/0029VaKfnf99hXF2ddApFB1D\" rel=\"nofollow noopener\" target=\"_blank\">sur notre cha\u00eene WhatsApp<\/a> et <a href=\"https:\/\/www.tiktok.com\/@76actu.fr?lang=fr\" rel=\"nofollow noopener\" target=\"_blank\">sur notre compte TikTok<\/a><\/p>\n<p class=\" wall-content\">Suivez toute l\u2019actualit\u00e9 de vos villes et m\u00e9dias favoris en vous inscrivant \u00e0 <a href=\"https:\/\/moncompte.actu.fr\" title=\"D\u00e9couvez Mon Actu\" rel=\"nofollow noopener\" data-trk=\"{&quot;cta&quot;:{&quot;action&quot;:&quot;https:\\\/\\\/moncompte.actu.fr&quot;,&quot;category&quot;:&quot;mon compte&quot;,&quot;from&quot;:&quot;article footer&quot;,&quot;name&quot;:&quot;Mon actu&quot;,&quot;type&quot;:&quot;cta&quot;}}\" target=\"_blank\">Mon Actu<\/a>.<\/p>\n<p>                    <script async src=\"\/\/www.tiktok.com\/embed.js\"><\/script><\/p>\n","protected":false},"excerpt":{"rendered":"Par Isabelle Villy Publi\u00e9 le 25 avr. 2025 \u00e0 16h37 Le quartier du complexe sportif Jules-Ferry, \u00e0 Darn\u00e9tal&hellip;\n","protected":false},"author":2,"featured_media":54437,"comment_status":"","ping_status":"","sticky":false,"template":"","format":"standard","meta":{"footnotes":""},"categories":[9587],"tags":[1111,11,1777,674,1011,27,1652,12,5161,1072,8989,25,9590],"class_list":{"0":"post-54436","1":"post","2":"type-post","3":"status-publish","4":"format-standard","5":"has-post-thumbnail","7":"category-rouen","8":"tag-actu","9":"tag-actualites","10":"tag-eu","11":"tag-europe","12":"tag-fr","13":"tag-france","14":"tag-loisirs-culture","15":"tag-news","16":"tag-normandie","17":"tag-police","18":"tag-raid","19":"tag-republique-francaise","20":"tag-rouen"},"share_on_mastodon":{"url":"https:\/\/pubeurope.com\/@fr\/114404398371123383","error":""},"_links":{"self":[{"href":"https:\/\/www.europesays.com\/fr\/wp-json\/wp\/v2\/posts\/54436","targetHints":{"allow":["GET"]}}],"collection":[{"href":"https:\/\/www.europesays.com\/fr\/wp-json\/wp\/v2\/posts"}],"about":[{"href":"https:\/\/www.europesays.com\/fr\/wp-json\/wp\/v2\/types\/post"}],"author":[{"embeddable":true,"href":"https:\/\/www.europesays.com\/fr\/wp-json\/wp\/v2\/users\/2"}],"replies":[{"embeddable":true,"href":"https:\/\/www.europesays.com\/fr\/wp-json\/wp\/v2\/comments?post=54436"}],"version-history":[{"count":0,"href":"https:\/\/www.europesays.com\/fr\/wp-json\/wp\/v2\/posts\/54436\/revisions"}],"wp:featuredmedia":[{"embeddable":true,"href":"https:\/\/www.europesays.com\/fr\/wp-json\/wp\/v2\/media\/54437"}],"wp:attachment":[{"href":"https:\/\/www.europesays.com\/fr\/wp-json\/wp\/v2\/media?parent=54436"}],"wp:term":[{"taxonomy":"category","embeddable":true,"href":"https:\/\/www.europesays.com\/fr\/wp-json\/wp\/v2\/categories?post=54436"},{"taxonomy":"post_tag","embeddable":true,"href":"https:\/\/www.europesays.com\/fr\/wp-json\/wp\/v2\/tags?post=54436"}],"curies":[{"name":"wp","href":"https:\/\/api.w.org\/{rel}","templated":true}]}}