{"id":544364,"date":"2025-11-19T09:17:20","date_gmt":"2025-11-19T09:17:20","guid":{"rendered":"https:\/\/www.europesays.com\/fr\/544364\/"},"modified":"2025-11-19T09:17:20","modified_gmt":"2025-11-19T09:17:20","slug":"pres-de-nantes-un-job-dating-handicap-pour-les-20-ans-des-trophees-de-linsertion","status":"publish","type":"post","link":"https:\/\/www.europesays.com\/fr\/544364\/","title":{"rendered":"Pr\u00e8s de Nantes, un job dating handicap pour les 20 ans des Troph\u00e9es de l\u2019insertion"},"content":{"rendered":"<p>Publi\u00e9 par Soizick David, le 19 Novembre 2025 \u00e0 09:26<\/p>\n<p itemprop=\"description\" class=\"chapo\">Ce jeudi 20 novembre, une centaine d\u2019offres destin\u00e9es aux personnes en situation de handicap seront pr\u00e9sent\u00e9es par une quarantaine d\u2019entreprises du d\u00e9partement.<\/p>\n<p><img decoding=\"async\" src=\"https:\/\/www.europesays.com\/fr\/wp-content\/uploads\/2025\/11\/2025-11-19-pres-de-nantes-un-job-dating-handicap-pour-les-20-ans-des-trophees-de-l-insertion.jpg\" class=\"img-fluid rounded-3\" alt=\"Pr\u00e8s de Nantes, un job dating handicap pour les 20 ans des Troph\u00e9es de l\u2019insertion\"\/><br \/>\nL&rsquo;\u00e9dition 2024 des Troph\u00e9es de l&rsquo;Insertion \u00a9 DR<\/p>\n<p>\u00c0 l\u2019occasion de la <strong>Semaine Europ\u00e9enne pour l\u2019Emploi des Personnes Handicap\u00e9es<\/strong>, une quarantaine d\u2019entreprises du d\u00e9partement se r\u00e9uniront au Piano\u2019cktail, \u00e0 <strong>Bouguenais<\/strong>, pour une \u00e9dition anniversaire plac\u00e9e sous le signe de l\u2019inclusion. Entre job dating, salon d\u00e9di\u00e9 aux acteurs du handicap et c\u00e9r\u00e9monie anniversaire des Troph\u00e9es de l\u2019insertion, l\u2019\u00e9v\u00e9nement rappelera l\u2019importance d\u2019agir pour r\u00e9duire encore les in\u00e9galit\u00e9s.<\/p>\n<p><strong>Un job dating pour ouvrir des opportunit\u00e9s professionnelles<\/strong><\/p>\n<p>De 15h \u00e0 17h15, des entreprises engag\u00e9es (parmi lesquelles Airbus Atlantic, Chantiers de l\u2019Atlantique, Groupe Idea, le Cr\u00e9dit Mutuel, Seris, Manitou ou encore le groupe IDEA) rencontreront les demandeurs d\u2019emploi et \u00e9tudiants en situation de handicap. Une centaine d\u2019offres adapt\u00e9es seront propos\u00e9es, couvrant un large \u00e9ventail de m\u00e9tiers et de niveaux de qualification. Pour Yves-Olivier Lenormand, leader du club Les Entreprises s\u2019Engagent en Loire-Atlantique, cette mobilisation est essentielle. \u00ab L\u2019engagement des entreprises est r\u00e9el, mais les efforts doivent se poursuivre. Le taux de ch\u00f4mage des personnes handicap\u00e9es reste le double de celui des valides \u00bb rappelle-t-il. En parall\u00e8le, un salon r\u00e9unira des associations, startups, Esat, entreprises adapt\u00e9es et partenaires institutionnels. Ils pr\u00e9senteront leurs solutions d\u2019accompagnement, leurs outils RH et les initiatives permettant aux employeurs de mieux int\u00e9grer le handicap dans leurs politiques de recrutement et de gestion des carri\u00e8res.<\/p>\n<\/p>\n<p>Des initiatives locales mises en valeur<\/p>\n<p>\u00c0 partir de 19h, la c\u00e9r\u00e9monie des Troph\u00e9es de l\u2019insertion, port\u00e9e par le Medef Loire-Atlantique avec l\u2019Agefiph Pays de la Loire, c\u00e9l\u00e9brera vingt ann\u00e9es d\u2019engagement en faveur d\u2019un emploi plus inclusif. Cette \u00e9dition 2025 s\u2019annonce exceptionnelle, avec plusieurs surprises artistiques et des laur\u00e9ats s\u00e9lectionn\u00e9s parmi 68 dossiers de candidature. Les objectifs restent inchang\u00e9s. Les Troph\u00e9es viendront r\u00e9compenser des initiatives exemplaires, inspirer les dirigeants, encourager le partage de bonnes pratiques et aborder sans d\u00e9tour les d\u00e9fis rencontr\u00e9s par les entreprises. La soir\u00e9e se cl\u00f4turera par un temps convivial \u00e0 20h30, l\u2019occasion pour les participants d\u2019\u00e9changer et de renforcer les liens entre acteurs de l\u2019inclusion. L&rsquo;\u00e9v\u00e9nement gratuit est ouvert \u00e0 tous.<\/p>\n<p>Jobdating et Troph\u00e9es de l&rsquo;insertion \u2022 Le jeudi 20\u00a0novembre 2025 \u2022 Piano\u2019cktail &#8211; Rue Ginsheim-Gustavsburg \u2022 44340 Bouguenais \u2022 Job dating\u00a0de 15h \u00e0 17h15 \u2022 Salon du handicap de 18\u00a0h \u00e0 19\u00a0h \u2022 \u00a0C\u00e9r\u00e9monie des Troph\u00e9es de l\u2019insertion \u00e0 19\u00a0h\u00a015. <a href=\"https:\/\/docs.google.com\/forms\/d\/e\/1FAIpQLSc9BgJfouBxcBz1aHYv3318cUVoXPrdU-EILlld0bZXpg-OVA\/viewform\" target=\"_blank\" rel=\"noopener noreferrer\">Inscription en ligne<\/a>.<\/p>\n","protected":false},"excerpt":{"rendered":"Publi\u00e9 par Soizick David, le 19 Novembre 2025 \u00e0 09:26 Ce jeudi 20 novembre, une centaine d\u2019offres destin\u00e9es&hellip;\n","protected":false},"author":2,"featured_media":544365,"comment_status":"","ping_status":"","sticky":false,"template":"","format":"standard","meta":{"footnotes":""},"categories":[2818],"tags":[1111,11,3723,1777,674,1011,27,1114,766,13694,12,2636,25,3213],"class_list":{"0":"post-544364","1":"post","2":"type-post","3":"status-publish","4":"format-standard","5":"has-post-thumbnail","7":"category-nantes","8":"tag-actu","9":"tag-actualites","10":"tag-actus","11":"tag-eu","12":"tag-europe","13":"tag-fr","14":"tag-france","15":"tag-infos","16":"tag-nantes","17":"tag-nazaire","18":"tag-news","19":"tag-pays-de-la-loire","20":"tag-republique-francaise","21":"tag-saint"},"share_on_mastodon":{"url":"https:\/\/pubeurope.com\/@fr\/115575616244288410","error":""},"_links":{"self":[{"href":"https:\/\/www.europesays.com\/fr\/wp-json\/wp\/v2\/posts\/544364","targetHints":{"allow":["GET"]}}],"collection":[{"href":"https:\/\/www.europesays.com\/fr\/wp-json\/wp\/v2\/posts"}],"about":[{"href":"https:\/\/www.europesays.com\/fr\/wp-json\/wp\/v2\/types\/post"}],"author":[{"embeddable":true,"href":"https:\/\/www.europesays.com\/fr\/wp-json\/wp\/v2\/users\/2"}],"replies":[{"embeddable":true,"href":"https:\/\/www.europesays.com\/fr\/wp-json\/wp\/v2\/comments?post=544364"}],"version-history":[{"count":0,"href":"https:\/\/www.europesays.com\/fr\/wp-json\/wp\/v2\/posts\/544364\/revisions"}],"wp:featuredmedia":[{"embeddable":true,"href":"https:\/\/www.europesays.com\/fr\/wp-json\/wp\/v2\/media\/544365"}],"wp:attachment":[{"href":"https:\/\/www.europesays.com\/fr\/wp-json\/wp\/v2\/media?parent=544364"}],"wp:term":[{"taxonomy":"category","embeddable":true,"href":"https:\/\/www.europesays.com\/fr\/wp-json\/wp\/v2\/categories?post=544364"},{"taxonomy":"post_tag","embeddable":true,"href":"https:\/\/www.europesays.com\/fr\/wp-json\/wp\/v2\/tags?post=544364"}],"curies":[{"name":"wp","href":"https:\/\/api.w.org\/{rel}","templated":true}]}}