{"id":544374,"date":"2025-11-19T09:22:18","date_gmt":"2025-11-19T09:22:18","guid":{"rendered":"https:\/\/www.europesays.com\/fr\/544374\/"},"modified":"2025-11-19T09:22:18","modified_gmt":"2025-11-19T09:22:18","slug":"a-toulouse-lopera-don-giovanni-de-mozart-au-prisme-dagnes-jaoui-actualites","status":"publish","type":"post","link":"https:\/\/www.europesays.com\/fr\/544374\/","title":{"rendered":"\u00c0 Toulouse, l&rsquo;op\u00e9ra \u00ab\u00a0Don Giovanni\u00a0\u00bb de Mozart au prisme d&rsquo;Agn\u00e8s Jaoui : Actualit\u00e9s"},"content":{"rendered":"<p class=\"lead \">L\u2019actrice et r\u00e9alisatrice multi-c\u00e9saris\u00e9e Agn\u00e8s Jaoui signe jeudi \u00e0 Toulouse sa troisi\u00e8me mise en sc\u00e8ne d\u2019op\u00e9ra: Don Giovanni de Mozart, \u201cune sorte d\u2019ogre qui fascine autant qu\u2019il d\u00e9go\u00fbte\u201d dont les m\u00e9faits r\u00e9sonnent avec les affaires de violences sexistes et sexuelles qui secouent l\u2019actualit\u00e9.<\/p>\n<p class=\"lead \">Apr\u00e8s pr\u00e8s de quarante ans de carri\u00e8re et sept c\u00e9sars, la r\u00e9alisatrice du \u00ab\u00a0Go\u00fbt des autres\u00a0\u00bb (2000) a expliqu\u00e9 \u00e0 l&rsquo;AFP \u00eatre rest\u00e9e \u00ab\u00a0extr\u00eamement humble vis-\u00e0-vis d&rsquo;une partition sublimissime d&rsquo;un compositeur de g\u00e9nie\u00a0\u00bb.<\/p>\n<p class=\"lead \">Pour monter le chef d\u2019\u0153uvre du compositeur autrichien, Agn\u00e8s Jaoui a d\u00fb se confronter au personnage sulfureux de Don Giovanni, qui commet d\u00e8s le lever de rideau une tentative de viol puis tue le p\u00e8re de sa victime.<\/p>\n<p class=\"lead \">&#8211; \u00ab\u00a0Ogre\u00a0\u00bb &#8211;<\/p>\n<p class=\"lead \">\u00ab\u00a0Don Giovanni, c&rsquo;est un aristocrate qui est au-dessus des lois, qui se permet ce qui \u00e9tait permis \u00e0 l&rsquo;\u00e9poque, c&rsquo;est-\u00e0-dire de prendre n&rsquo;importe quelle fille du peuple, de coucher avec et de la jeter apr\u00e8s\u00a0\u00bb, explique la metteuse en sc\u00e8ne, qui a cherch\u00e9 \u00e0 \u00ab\u00a0comprendre\u00a0\u00bb le personnage, perdu \u00ab\u00a0dans l&rsquo;addiction\u00a0\u00bb selon elle.<\/p>\n<p class=\"lead \">\u00ab\u00a0C&rsquo;est une sorte d&rsquo;ogre qui fascine et d\u00e9go\u00fbte, qui provoque, qui fait bouger tout son monde en rapport \u00e0 lui\u00a0\u00bb, analyse-t-elle. \u00ab\u00a0Il cherche sa perte, il cherche la limite, il cherche que quelqu&rsquo;un lui dise +stop+ (&#8230;) jusqu&rsquo;\u00e0 ce qu&rsquo;il tombe en overdose de lui-m\u00eame.\u00a0\u00bb<\/p>\n<p class=\"lead \">\u00ab\u00a0Comme r\u00e9alisatrice et comme sc\u00e9nariste, Agn\u00e8s Jaoui a toujours pos\u00e9 ce genre de sujet, celui des rapports humains, de la s\u00e9duction, du bien et du mal\u00a0\u00bb, explique le directeur artistique de l&rsquo;Op\u00e9ra national du Capitole, Christophe Ghristi.<\/p>\n<p class=\"lead \">Tomb\u00e9e dans le chant lyrique \u00e0 17 ans, la com\u00e9dienne de 61 ans exerce en tant que soprano \u00e0 ses heures perdues, avec quatre albums \u00e0 son actif et un Victoire de la musique en 2007.<\/p>\n<p class=\"lead \">Apr\u00e8s \u00ab\u00a0Tosca\u00a0\u00bb de Puccini en 2019 et \u00ab\u00a0L&rsquo;Uomo Femina\u00a0\u00bb de Baldassare Galuppi en 2024, elle met en sc\u00e8ne \u00e0 Toulouse son troisi\u00e8me op\u00e9ra, qui sera ensuite jou\u00e9 \u00e0 Dijon, Montpellier, Marseille et Tours.<\/p>\n<p class=\"lead \">Elle a voulu son Don Giovanni dans un magnifique d\u00e9cor d&rsquo;\u00e9poque, avec pour inspiration \u00ab\u00a0un quartier gothique de Barcelone\u00a0\u00bb, et le spectateur d\u00e9couvre ainsi au lever de rideau de sombres ruelles aux murs perc\u00e9s de rosaces et d&rsquo;alc\u00f4ves, et dont l&rsquo;enduit craquel\u00e9 laisse par endroit apercevoir des briques ocres &#8211; clin d\u2019\u0153il \u00e0 la Ville rose?<\/p>\n<p class=\"lead \">\u00ab\u00a0J&rsquo;ai eu envie qu&rsquo;on ressente ce qui pouvait se passer dans cette soci\u00e9t\u00e9 qui \u00e9tait pesante\u00a0\u00bb, dit-elle \u00e0 l&rsquo;AFP de ce d\u00e9cor monumental. \u00ab\u00a0Si on peut reconna\u00eetre une qualit\u00e9 \u00e0 Don Juan (la graphie espagnole de Don Giovanni, ndlr), c&rsquo;est qu&rsquo;il n&rsquo;a peur de rien et qu&rsquo;il est quand m\u00eame tr\u00e8s anticonformiste. Les autres sont corset\u00e9s par le poids de cette soci\u00e9t\u00e9, des religions, des normes, etc. et lui explose tout \u00e7a. C&rsquo;est en ce sens qu&rsquo;il est aussi fascinant.\u00a0\u00bb<\/p>\n<p class=\"lead \">&#8211; \u00ab\u00a0Puni\u00a0\u00bb &#8211;<\/p>\n<p class=\"lead \">Au d\u00e9but de cet op\u00e9ra cr\u00e9\u00e9 en 1787, Don Giovanni fuit les appartements de Donna Anna, qu&rsquo;il vient de tenter de violer en se faisant passer pour son fianc\u00e9, puis tue son p\u00e8re le Commandeur. Loin de s&rsquo;en formaliser, il passe ensuite le reste de l\u2019\u0153uvre \u00e0 mentir et manipuler tout un chacun pour mieux s\u00e9duire les femmes qui passent \u00e0 sa port\u00e9e.<\/p>\n<p class=\"lead \">\u00ab\u00a0Il faut bien dire que l&rsquo;op\u00e9ra n&rsquo;est pas une chose r\u00e9aliste et que +Don Giovanni+ n&rsquo;est pas un cours sur les violences sexistes et sexuelles (&#8230;) L&rsquo;\u00e9poque est univoque, mais les \u0153uvres ne le sont pas\u00a0\u00bb, souligne Christophe Ghristi.<\/p>\n<p class=\"lead \">Et m\u00eame si, \u00ab\u00a0\u00e0 la fin, le d\u00e9bauch\u00e9 est puni\u00a0\u00bb (Don Giovanni est entra\u00een\u00e9 dans les enfers par le Commandeur revenu d&rsquo;entre les morts), \u00ab\u00a0le fait qu&rsquo;il disparaisse ou qu&rsquo;il soit mis hors d&rsquo;\u00e9tat de nuire ne r\u00e9sout pas tout. \u00c7a laisse des traces dans la vie de chacun\u00a0\u00bb, poursuit le directeur artistique.<\/p>\n<p class=\"lead \">\u00ab\u00a0Le rapport de force social continue \u00e0 exister. L&rsquo;id\u00e9e, dans la conjugalit\u00e9, de se servir de la femme pour son plaisir, reste et demeure. Elle est questionn\u00e9e, mais on voit bien qu&rsquo;il faut beaucoup de coups de boutoirs pour changer l&rsquo;ordre des choses\u00a0\u00bb, estime Agn\u00e8s Jaoui. \u00ab\u00a0J&rsquo;esp\u00e8re que les r\u00e9volutions f\u00e9ministes successives en arriveront \u00e0 bout un jour.\u00a0\u00bb<\/p>\n<p class=\"small font-weight-bold text-gray3 \"> publi\u00e9 le 19 novembre \u00e0 10h18, AFP<\/p>\n<p>                             Partager<\/p>\n","protected":false},"excerpt":{"rendered":"L\u2019actrice et r\u00e9alisatrice multi-c\u00e9saris\u00e9e Agn\u00e8s Jaoui signe jeudi \u00e0 Toulouse sa troisi\u00e8me mise en sc\u00e8ne d\u2019op\u00e9ra: Don Giovanni&hellip;\n","protected":false},"author":2,"featured_media":544375,"comment_status":"","ping_status":"","sticky":false,"template":"","format":"standard","meta":{"footnotes":""},"categories":[2816],"tags":[1111,11,1120,1972,251,1777,674,1011,27,12,2680,66298,25,13791,2312],"class_list":{"0":"post-544374","1":"post","2":"type-post","3":"status-publish","4":"format-standard","5":"has-post-thumbnail","7":"category-toulouse","8":"tag-actu","9":"tag-actualites","10":"tag-agression","11":"tag-cinma","12":"tag-culture","13":"tag-eu","14":"tag-europe","15":"tag-fr","16":"tag-france","17":"tag-news","18":"tag-occitanie","19":"tag-opra","20":"tag-republique-francaise","21":"tag-socit","22":"tag-toulouse"},"share_on_mastodon":{"url":"https:\/\/pubeurope.com\/@fr\/115575635664564011","error":""},"_links":{"self":[{"href":"https:\/\/www.europesays.com\/fr\/wp-json\/wp\/v2\/posts\/544374","targetHints":{"allow":["GET"]}}],"collection":[{"href":"https:\/\/www.europesays.com\/fr\/wp-json\/wp\/v2\/posts"}],"about":[{"href":"https:\/\/www.europesays.com\/fr\/wp-json\/wp\/v2\/types\/post"}],"author":[{"embeddable":true,"href":"https:\/\/www.europesays.com\/fr\/wp-json\/wp\/v2\/users\/2"}],"replies":[{"embeddable":true,"href":"https:\/\/www.europesays.com\/fr\/wp-json\/wp\/v2\/comments?post=544374"}],"version-history":[{"count":0,"href":"https:\/\/www.europesays.com\/fr\/wp-json\/wp\/v2\/posts\/544374\/revisions"}],"wp:featuredmedia":[{"embeddable":true,"href":"https:\/\/www.europesays.com\/fr\/wp-json\/wp\/v2\/media\/544375"}],"wp:attachment":[{"href":"https:\/\/www.europesays.com\/fr\/wp-json\/wp\/v2\/media?parent=544374"}],"wp:term":[{"taxonomy":"category","embeddable":true,"href":"https:\/\/www.europesays.com\/fr\/wp-json\/wp\/v2\/categories?post=544374"},{"taxonomy":"post_tag","embeddable":true,"href":"https:\/\/www.europesays.com\/fr\/wp-json\/wp\/v2\/tags?post=544374"}],"curies":[{"name":"wp","href":"https:\/\/api.w.org\/{rel}","templated":true}]}}