{"id":544382,"date":"2025-11-19T09:27:22","date_gmt":"2025-11-19T09:27:22","guid":{"rendered":"https:\/\/www.europesays.com\/fr\/544382\/"},"modified":"2025-11-19T09:27:22","modified_gmt":"2025-11-19T09:27:22","slug":"sept-syndicats-et-plus-de-50-personnes-portent-plainte-en-raison-de-la-presence-damiante-dans-les-ecoles","status":"publish","type":"post","link":"https:\/\/www.europesays.com\/fr\/544382\/","title":{"rendered":"sept syndicats et plus de 50 personnes portent plainte en raison de la pr\u00e9sence d\u2019amiante dans les \u00e9coles"},"content":{"rendered":"<p>\n    Une grande majorit\u00e9 des \u00e9tablissements scolaires construits avant 1997, date de l\u2019interdiction de l\u2019amiante, sont encore compos\u00e9s de cet \u00e9l\u00e9ment canc\u00e9rog\u00e8ne.<\/p>\n<p class=\"fig-paragraph\">Pour pr\u00e9server leur sant\u00e9, une cinquantaine de personnes, qu\u2019ils soient parents d\u2019\u00e9l\u00e8ves, enseignants ou agents municipaux, toutes expos\u00e9es \u00e0 l&rsquo;<a href=\"https:\/\/sante.lefigaro.fr\/mieux-etre\/environnement\/amiante\/quest-ce-que-cest\" target=\"_blank\" data-fig-type=\"Keyword\" rel=\"noopener\" data-gtm-custom-categorie=\"navigation\" data-gtm-custom-action=\"crossclick\" data-gtm-custom-label=\"Contextuel\" data-gtm-event=\"customEventSPE\" data-fig-domain=\"SANTE\">amiante<\/a>\u00a0dans\u00a0<a href=\"http:\/\/www.lefigaro.fr\/actualite-france\/amiante-dans-les-ecoles-une-volonte-politique-forte-est-indispensable-pour-agir-alerte-des-syndicats-enseignants-20250314\" target=\"_blank\" data-fig-type=\"NewsFlash\" rel=\"noopener\" data-gtm-custom-categorie=\"navigation\" data-gtm-custom-action=\"crossclick\" data-gtm-custom-label=\"Contextuel\" data-gtm-event=\"customEventSPE\" data-fig-domain=\"LEFIGARO\">des \u00e9coles<\/a>\u00a0des Bouches-du-Rh\u00f4ne, vont d\u00e9poser mercredi \u00e0 Marseille une plainte contre X pour \u00abmise en danger d\u00e9lib\u00e9r\u00e9e de la vie d&rsquo;autrui\u00bb. Sept syndicats et trois associations de victimes de l&rsquo;amiante sont aussi plaignants dans ce dossier, qui concerne 12 \u00e9tablissements scolaires, la plupart \u00e0 Marseille. \u00abLa grande majorit\u00e9 des \u00e9tablissements scolaires en France, construits avant son interdiction en 1997, pr\u00e9sentent encore \u00e0 ce jour de l&rsquo;amiante dans de nombreux \u00e9l\u00e9ments du b\u00e2ti\u00bb, rappelle dans un communiqu\u00e9 l&rsquo;avocate Julie Andreu, qui repr\u00e9sente ces plaignants d&rsquo;une douzaine d&rsquo;\u00e9tablissements scolaires et dont la plainte va \u00eatre d\u00e9pos\u00e9e \u00e0 14h.<\/p>\n<p class=\"fig-paragraph\">Or, la v\u00e9tust\u00e9 de certains d&rsquo;entre eux aggrave l&rsquo;exposition \u00e0 l&rsquo;amiante et selon l&rsquo;avocate, \u00ables responsables concern\u00e9s (collectivit\u00e9s locales) n&rsquo;ont pas pris les mesures qui s&rsquo;imposent\u00bb. Class\u00e9\u00a0<a href=\"http:\/\/www.lefigaro.fr\/flash-eco\/arcelormittal-393-ouvriers-de-dunkerque-exposes-a-l-amiante-en-2023-alerte-l-inspection-du-travail-20251113\" target=\"_blank\" data-fig-type=\"NewsFlash\" rel=\"noopener\" data-gtm-custom-categorie=\"navigation\" data-gtm-custom-action=\"crossclick\" data-gtm-custom-label=\"Contextuel\" data-gtm-event=\"customEventSPE\" data-fig-domain=\"LEFIGARO\">canc\u00e9rog\u00e8ne<\/a>, l&rsquo;amiante pr\u00e9sente des risques pour la sant\u00e9 principalement par inhalation, lorsque les poussi\u00e8res p\u00e9n\u00e8trent le syst\u00e8me respiratoire.<\/p>\n<p>                                    <a class=\"fig-a11y-skip a11y-hidden\" href=\"#fig-a11y-skip-main-inarticle\"><br \/>\n        Passer la publicit\u00e9<br \/>\n    <\/a><\/p>\n<p>\u00abDe nombreuses d\u00e9faillances\u00bb<\/p>\n<p class=\"fig-paragraph\">\u00abUne coll\u00e8gue est d\u00e9c\u00e9d\u00e9e en avril 2024 des suites d&rsquo;un cancer li\u00e9 \u00e0 l&rsquo;amiante, reconnu comme maladie professionnelle\u00bb, a expliqu\u00e9 dans un dossier de presse le collectif stop amiante \u00e9ducation, dans lequel sont r\u00e9unis les syndicats et associations plaignants. Le collectif d\u00e9nonce \u00abde nombreuses d\u00e9faillances\u00bb, notamment une absence d&rsquo;information sur l&rsquo;amiante, malgr\u00e9 les obligations r\u00e9glementaires, ou encore une absence de protection pendant les travaux.<\/p>\n<p class=\"fig-paragraph\">En mars, les syndicats enseignants avaient r\u00e9v\u00e9l\u00e9 que plus de 80% des b\u00e2timents scolaires en France \u00e9taient potentiellement concern\u00e9s par la pr\u00e9sence d&rsquo;amiante. Un rapport du Haut Conseil de la Sant\u00e9 Publique publi\u00e9 en 2014, pr\u00e9voit que d&rsquo;ici 2050, 50.000 \u00e0 75.000 d\u00e9c\u00e8s par cancer du poumon dus \u00e0 l&rsquo;amiante aient lieu, auxquels s&rsquo;ajoutent jusqu&rsquo;\u00e0 25.000 d\u00e9c\u00e8s par m\u00e9soth\u00e9liome (un autre type de cancer).<\/p>\n","protected":false},"excerpt":{"rendered":"Une grande majorit\u00e9 des \u00e9tablissements scolaires construits avant 1997, date de l\u2019interdiction de l\u2019amiante, sont encore compos\u00e9s de&hellip;\n","protected":false},"author":2,"featured_media":544383,"comment_status":"","ping_status":"","sticky":false,"template":"","format":"standard","meta":{"footnotes":""},"categories":[2814],"tags":[1111,11,21731,1122,1777,674,1011,27,884,12,882,25,71],"class_list":{"0":"post-544382","1":"post","2":"type-post","3":"status-publish","4":"format-standard","5":"has-post-thumbnail","7":"category-marseille","8":"tag-actu","9":"tag-actualites","10":"tag-amiante","11":"tag-ecole","12":"tag-eu","13":"tag-europe","14":"tag-fr","15":"tag-france","16":"tag-marseille","17":"tag-news","18":"tag-provence-alpes-cote-dazur","19":"tag-republique-francaise","20":"tag-sante"},"share_on_mastodon":{"url":"https:\/\/pubeurope.com\/@fr\/115575655276292815","error":""},"_links":{"self":[{"href":"https:\/\/www.europesays.com\/fr\/wp-json\/wp\/v2\/posts\/544382","targetHints":{"allow":["GET"]}}],"collection":[{"href":"https:\/\/www.europesays.com\/fr\/wp-json\/wp\/v2\/posts"}],"about":[{"href":"https:\/\/www.europesays.com\/fr\/wp-json\/wp\/v2\/types\/post"}],"author":[{"embeddable":true,"href":"https:\/\/www.europesays.com\/fr\/wp-json\/wp\/v2\/users\/2"}],"replies":[{"embeddable":true,"href":"https:\/\/www.europesays.com\/fr\/wp-json\/wp\/v2\/comments?post=544382"}],"version-history":[{"count":0,"href":"https:\/\/www.europesays.com\/fr\/wp-json\/wp\/v2\/posts\/544382\/revisions"}],"wp:featuredmedia":[{"embeddable":true,"href":"https:\/\/www.europesays.com\/fr\/wp-json\/wp\/v2\/media\/544383"}],"wp:attachment":[{"href":"https:\/\/www.europesays.com\/fr\/wp-json\/wp\/v2\/media?parent=544382"}],"wp:term":[{"taxonomy":"category","embeddable":true,"href":"https:\/\/www.europesays.com\/fr\/wp-json\/wp\/v2\/categories?post=544382"},{"taxonomy":"post_tag","embeddable":true,"href":"https:\/\/www.europesays.com\/fr\/wp-json\/wp\/v2\/tags?post=544382"}],"curies":[{"name":"wp","href":"https:\/\/api.w.org\/{rel}","templated":true}]}}