{"id":54439,"date":"2025-04-26T13:06:22","date_gmt":"2025-04-26T13:06:22","guid":{"rendered":"https:\/\/www.europesays.com\/fr\/54439\/"},"modified":"2025-04-26T13:06:22","modified_gmt":"2025-04-26T13:06:22","slug":"des-coups-de-feu-tires-devant-une-boite-de-nuit-un-homme-hospitalise","status":"publish","type":"post","link":"https:\/\/www.europesays.com\/fr\/54439\/","title":{"rendered":"des coups de feu tir\u00e9s devant une bo\u00eete de nuit, un homme hospitalis\u00e9"},"content":{"rendered":"<p>            Par<br \/>\n        <strong><br \/>\n            <a href=\"https:\/\/actu.fr\/auteur\/clemence-pays02-actu-fr\" title=\"Consulter tous les articles de Cl\u00e9mence Pays\" rel=\"nofollow noopener\" target=\"_blank\">Cl\u00e9mence Pays<\/a><br \/>\n        <\/strong><\/p>\n<p>        Publi\u00e9 le<\/p>\n<p>            26 avr. 2025 \u00e0 8h45        <\/p>\n<p>Ce samedi 26\u00a0avril 2025, \u00e0 6\u2009h\u200951, les<strong> sapeurs-pompiers<\/strong> de Rennes ont \u00e9t\u00e9 d\u00e9p\u00each\u00e9s rue du Noyer. Selon le Centre op\u00e9rationnel d\u00e9partemental d\u2019incendie et de secours (Codis), <strong>deux coups de feu<\/strong> de calibres 12 ont \u00e9t\u00e9 tir\u00e9s devant la bo\u00eete de nuit<strong> Le Mango Club.<\/strong><\/p>\n<p>    <a href=\"https:\/\/www.google.com\/maps\/embed?pb=!1m18!1m12!1m3!1d1014.1489832848681!2d-1.6366817638185642!3d48.09757146994939!2m3!1f0!2f0!3f0!3m2!1i1024!2i768!4f13.1!3m3!1m2!1s0x480edf1714d009bf%3A0x12d289154fe1cb6f!2sMango%20Club%20-%20Rennes!5e1!3m2!1sfr!2sfr!4v1745650256621!5m2!1sfr!2sfr\" title=\"Ouvrie le lien\" rel=\"nofollow noopener\" target=\"_blank\">Cliquez ici pour visualiser le contenu<\/a><\/p>\n<p>Un homme bless\u00e9<\/p>\n<p class=\" wall-content\">Un homme de 30\u00a0ans a \u00e9t\u00e9 <strong>bless\u00e9 au genou.<\/strong> \u00ab\u2009Il a \u00e9t\u00e9 transport\u00e9 \u00e0 <a href=\"https:\/\/actu.fr\/tag\/chu-de-rennes\" rel=\"nofollow noopener\" target=\"_blank\">l\u2019h\u00f4pital Pontchaillou<\/a> en <strong>urgence relative\u2009\u00bb,<\/strong> d\u00e9taille le Codis aupr\u00e8s d\u2019actu Rennes.<\/p>\n<p class=\" wall-content\">Au total, neuf sapeurs-pompiers ont \u00e9t\u00e9 mobilis\u00e9s aux c\u00f4t\u00e9s de la police.<\/p>\n<p class=\" wall-content\">Suivez toute l\u2019actualit\u00e9 de vos villes et m\u00e9dias favoris en vous inscrivant \u00e0 <a href=\"https:\/\/moncompte.actu.fr\" title=\"D\u00e9couvez Mon Actu\" rel=\"nofollow noopener\" data-trk=\"{&quot;cta&quot;:{&quot;action&quot;:&quot;https:\\\/\\\/moncompte.actu.fr&quot;,&quot;category&quot;:&quot;mon compte&quot;,&quot;from&quot;:&quot;article footer&quot;,&quot;name&quot;:&quot;Mon actu&quot;,&quot;type&quot;:&quot;cta&quot;}}\" target=\"_blank\">Mon Actu<\/a>.<\/p>\n","protected":false},"excerpt":{"rendered":"Par Cl\u00e9mence Pays Publi\u00e9 le 26 avr. 2025 \u00e0 8h45 Ce samedi 26\u00a0avril 2025, \u00e0 6\u2009h\u200951, les sapeurs-pompiers&hellip;\n","protected":false},"author":2,"featured_media":54440,"comment_status":"","ping_status":"","sticky":false,"template":"","format":"standard","meta":{"footnotes":""},"categories":[2821],"tags":[1111,11,829,1777,674,118,1011,27,12,1072,1311,584,25],"class_list":{"0":"post-54439","1":"post","2":"type-post","3":"status-publish","4":"format-standard","5":"has-post-thumbnail","7":"category-rennes","8":"tag-actu","9":"tag-actualites","10":"tag-bretagne","11":"tag-eu","12":"tag-europe","13":"tag-faits-divers","14":"tag-fr","15":"tag-france","16":"tag-news","17":"tag-police","18":"tag-pompiers","19":"tag-rennes","20":"tag-republique-francaise"},"share_on_mastodon":{"url":"https:\/\/pubeurope.com\/@fr\/114404418166706818","error":""},"_links":{"self":[{"href":"https:\/\/www.europesays.com\/fr\/wp-json\/wp\/v2\/posts\/54439","targetHints":{"allow":["GET"]}}],"collection":[{"href":"https:\/\/www.europesays.com\/fr\/wp-json\/wp\/v2\/posts"}],"about":[{"href":"https:\/\/www.europesays.com\/fr\/wp-json\/wp\/v2\/types\/post"}],"author":[{"embeddable":true,"href":"https:\/\/www.europesays.com\/fr\/wp-json\/wp\/v2\/users\/2"}],"replies":[{"embeddable":true,"href":"https:\/\/www.europesays.com\/fr\/wp-json\/wp\/v2\/comments?post=54439"}],"version-history":[{"count":0,"href":"https:\/\/www.europesays.com\/fr\/wp-json\/wp\/v2\/posts\/54439\/revisions"}],"wp:featuredmedia":[{"embeddable":true,"href":"https:\/\/www.europesays.com\/fr\/wp-json\/wp\/v2\/media\/54440"}],"wp:attachment":[{"href":"https:\/\/www.europesays.com\/fr\/wp-json\/wp\/v2\/media?parent=54439"}],"wp:term":[{"taxonomy":"category","embeddable":true,"href":"https:\/\/www.europesays.com\/fr\/wp-json\/wp\/v2\/categories?post=54439"},{"taxonomy":"post_tag","embeddable":true,"href":"https:\/\/www.europesays.com\/fr\/wp-json\/wp\/v2\/tags?post=54439"}],"curies":[{"name":"wp","href":"https:\/\/api.w.org\/{rel}","templated":true}]}}