{"id":544397,"date":"2025-11-19T09:36:16","date_gmt":"2025-11-19T09:36:16","guid":{"rendered":"https:\/\/www.europesays.com\/fr\/544397\/"},"modified":"2025-11-19T09:36:16","modified_gmt":"2025-11-19T09:36:16","slug":"la-russie-ladversaire-numero-un-des-militaires-du-comcyber","status":"publish","type":"post","link":"https:\/\/www.europesays.com\/fr\/544397\/","title":{"rendered":"La Russie, l\u2019adversaire num\u00e9ro un des militaires du Comcyber"},"content":{"rendered":"<p><strong>European Cyber Week (Rennes) &#8211;<\/strong> La menace cyber qui vient du froid. La Russie est aujourd\u2019hui clairement l\u2019adversaire num\u00e9ro un des cybercombattants fran\u00e7ais. Certes, ce n&rsquo;est pas une surprise, mais ce discours plus franc montre que les militaires n&rsquo;h\u00e9sitent plus \u00e0 mettre les pieds dans le plat.<\/p>\n<p>Cette hi\u00e9rarchisation de la menace s&rsquo;inscrit dans la continuit\u00e9 d&rsquo;une parole plus directe des autorit\u00e9s fran\u00e7aises. Et ce du <a href=\"https:\/\/www.assemblee-nationale.fr\/dyn\/17\/comptes-rendus\/cion_def\/l17cion_def2526009_compte-rendu\" target=\"_blank\" rel=\"noopener\">chef d\u2019\u00e9tat-major des arm\u00e9es<\/a> Fabien Mandon qui a r\u00e9cemment appel\u00e9 ses troupes \u00ab \u00e0 se tenir pr\u00eates \u00e0 un choc \u00e0 une \u00e9ch\u00e9ance de trois \u00e0 quatre ans \u00bb \u00e0 l\u2019attribution moins timide des <a href=\"https:\/\/www.zdnet.fr\/actualites\/comment-le-renseignement-militaire-russe-pirate-des-cibles-francaises-474185.htm\" target=\"_blank\" rel=\"noopener\">attaques cyber<\/a>.<\/p>\n<p>\u00ab L\u2019acteur le plus offensif, c\u2019est de loin la Russie \u00bb, souligne ainsi Emmanuel Na\u00ebgelen, le patron du Commandement de la cyberd\u00e9fense (Comcyber). Ces militaires sont charg\u00e9s de la d\u00e9fense, des syst\u00e8mes d\u2019information au syst\u00e8mes d\u2019armes, et de la conduite des op\u00e9rations militaires dans le cyberespace.<\/p>\n<p> Adversaire \u00e0 prendre au s\u00e9rieux <\/p>\n<p>\u00ab Ce n\u2019est pas le seul, il y en a d\u2019autres, mais c\u2019est celui qui nous para\u00eet le plus mena\u00e7ant \u00bb, ajoute depuis Rennes <a href=\"https:\/\/www.zdnet.fr\/actualites\/le-commandement-de-la-cyberdefense-comcyber-change-de-chef-480177.htm\" target=\"_blank\" rel=\"noopener\">l\u2019ancien num\u00e9ro deux de l\u2019Anssi \u00e0 Rennes<\/a>. La Chine est ainsi consid\u00e9r\u00e9e comme un acteur plus puissant. Mais avec toutefois une agressivit\u00e9 moindre.<\/p>\n<p>Cet adversaire russe est \u00e0 prendre au s\u00e9rieux, rappelle cet officier g\u00e9n\u00e9ral lors de la European Cyber Week, sa premi\u00e8re prise de parole publique depuis sa nomination cet \u00e9t\u00e9. Ce salon d\u00e9di\u00e9 \u00e0 la cybers\u00e9curit\u00e9 est organis\u00e9 par le P\u00f4le d\u2019excellence cyber, une association lanc\u00e9e par la r\u00e9gion Bretagne et le minist\u00e8re des Arm\u00e9es.<\/p>\n<p>Moscou, qui cible d\u00e9j\u00e0 la France et ses militaires, a ainsi d\u00e9j\u00e0 \u00ab d\u00e9montr\u00e9 en Ukraine qu\u2019elle \u00e9tait capable de mener des attaques de haute intensit\u00e9 \u00bb. Dans le viseur du g\u00e9n\u00e9ral, les attaques contre <a href=\"https:\/\/www.zdnet.fr\/actualites\/les-services-de-l-operateur-satellitaire-viasat-en-ukraine-freines-par-une-cyberattaque-39938127.htm\" target=\"_blank\" rel=\"noopener\">l&rsquo;op\u00e9rateur satellitaire Viasat<\/a> et le <a href=\"https:\/\/www.zdnet.fr\/actualites\/la-cyberattaque-russe-contre-le-principal-operateur-telecom-ukrainien-se-precise-39963400.htm\" target=\"_blank\" rel=\"noopener\">g\u00e9ant des t\u00e9l\u00e9coms Kyivstar<\/a>.<\/p>\n<p>Ces piratages sophistiqu\u00e9s semblent s\u2019inscrire dans un cycle de r\u00e9g\u00e9n\u00e9ration d\u2019environ 18 mois, ont compt\u00e9 les militaires fran\u00e7ais. Soit vraisemblablement le d\u00e9lai n\u00e9cessaire pour la Russie de remettre sur pied de nouvelles armes cyber.<\/p>\n<p> D&rsquo;abord \u00ab savoir se d\u00e9fendre \u00bb <\/p>\n<p>Sur ce sujet, les cybercombattants fran\u00e7ais sont en premi\u00e8re ligne. Car le choc de haute intensit\u00e9 craint, s\u2019il advient, devrait logiquement commencer par des actions dans le cyberespace, \u00e0 l&rsquo;instar de ce qui a \u00e9t\u00e9 observ\u00e9 sur le th\u00e9\u00e2tre d&rsquo;op\u00e9rations ukrainien.<\/p>\n<p>\u00ab Ma mission premi\u00e8re, c\u2019est de savoir se d\u00e9fendre \u00bb, indique Emmanuel Na\u00ebgelen. Il s\u2019agit d\u2019abord de prot\u00e9ger par exemple les syst\u00e8mes de communication des militaires. Sans postes radio, par exemple, \u00ab nous ne savons plus commander \u00bb.<\/p>\n<p>Les geeks du minist\u00e8re des Arm\u00e9es doivent ensuite garder un \u0153il, avec ses partenaires comme l\u2019Anssi, sur des capacit\u00e9s civiles critiques. Impossible de faire sans la guerre aujourd\u2019hui sans infrastructures t\u00e9l\u00e9coms, par exemple.<\/p>\n<p>Et au-del\u00e0 des attaques cyber proprement dites, les militaires fran\u00e7ais surveillent les attaques informationnelles. Ces derni\u00e8res visent \u00e0 casser le lien de confiance entre arm\u00e9es et nation, rappellent-ils.<\/p>\n<p>Enfin, le Comcyber doit \u00eatre capable de riposter, que ce soit seul ou avec ses partenaires europ\u00e9ens ou militaires. \u00ab Si l\u2019on veut \u00eatre pr\u00eat demain, il faut \u00eatre d\u00e8s \u00e0 pr\u00e9sent dans le combat \u00bb, a insist\u00e9 lors d\u2019une table ronde Emmanuel Na\u00ebgelen.<\/p>\n<p>Dans le cadre de la loi de programmation militaire actuelle, les 4900 cybercombattants fran\u00e7ais doivent \u00eatre rejoints \u00e0 terme par un renfort d&rsquo;un millier de personnes.<\/p>\n","protected":false},"excerpt":{"rendered":"European Cyber Week (Rennes) &#8211; La menace cyber qui vient du froid. La Russie est aujourd\u2019hui clairement l\u2019adversaire&hellip;\n","protected":false},"author":2,"featured_media":544398,"comment_status":"","ping_status":"","sticky":false,"template":"","format":"standard","meta":{"footnotes":""},"categories":[1591],"tags":[11,2481,16968,1887,12,1885,1886,132],"class_list":{"0":"post-544397","1":"post","2":"type-post","3":"status-publish","4":"format-standard","5":"has-post-thumbnail","7":"category-russie","8":"tag-actualites","9":"tag-cyberattaque","10":"tag-cybercriminalite","11":"tag-federation-de-russie","12":"tag-news","13":"tag-russia","14":"tag-russian-federation","15":"tag-russie"},"share_on_mastodon":{"url":"https:\/\/pubeurope.com\/@fr\/115575690605420354","error":""},"_links":{"self":[{"href":"https:\/\/www.europesays.com\/fr\/wp-json\/wp\/v2\/posts\/544397","targetHints":{"allow":["GET"]}}],"collection":[{"href":"https:\/\/www.europesays.com\/fr\/wp-json\/wp\/v2\/posts"}],"about":[{"href":"https:\/\/www.europesays.com\/fr\/wp-json\/wp\/v2\/types\/post"}],"author":[{"embeddable":true,"href":"https:\/\/www.europesays.com\/fr\/wp-json\/wp\/v2\/users\/2"}],"replies":[{"embeddable":true,"href":"https:\/\/www.europesays.com\/fr\/wp-json\/wp\/v2\/comments?post=544397"}],"version-history":[{"count":0,"href":"https:\/\/www.europesays.com\/fr\/wp-json\/wp\/v2\/posts\/544397\/revisions"}],"wp:featuredmedia":[{"embeddable":true,"href":"https:\/\/www.europesays.com\/fr\/wp-json\/wp\/v2\/media\/544398"}],"wp:attachment":[{"href":"https:\/\/www.europesays.com\/fr\/wp-json\/wp\/v2\/media?parent=544397"}],"wp:term":[{"taxonomy":"category","embeddable":true,"href":"https:\/\/www.europesays.com\/fr\/wp-json\/wp\/v2\/categories?post=544397"},{"taxonomy":"post_tag","embeddable":true,"href":"https:\/\/www.europesays.com\/fr\/wp-json\/wp\/v2\/tags?post=544397"}],"curies":[{"name":"wp","href":"https:\/\/api.w.org\/{rel}","templated":true}]}}