{"id":544401,"date":"2025-11-19T09:38:15","date_gmt":"2025-11-19T09:38:15","guid":{"rendered":"https:\/\/www.europesays.com\/fr\/544401\/"},"modified":"2025-11-19T09:38:15","modified_gmt":"2025-11-19T09:38:15","slug":"usa-le-congres-avance-pour-forcer-la-publication-du-dossier-epstein","status":"publish","type":"post","link":"https:\/\/www.europesays.com\/fr\/544401\/","title":{"rendered":"USA\u00a0: Le Congr\u00e8s avance pour forcer la publication du dossier Epstein"},"content":{"rendered":"<p>La Chambre des repr\u00e9sentants a vot\u00e9 mardi pour la publication par les autorit\u00e9s du dossier d\u2019enqu\u00eate sur le criminel sexuel Jeffrey Epstein, apr\u00e8s le revirement de Donald Trump qui a longtemps fait pression sur les r\u00e9publicains pour emp\u00eacher le vote.<\/p>\n<p>La proposition de loi, adopt\u00e9e \u00e0 427 voix pour et 1 contre, vise \u00e0 ordonner au minist\u00e8re de la Justice \u00ab\u00a0de publier tous les documents et archives\u00a0\u00bb en sa possession concernant le financier new-yorkais, mort en prison en 2019 avant son proc\u00e8s pour crimes sexuels.<\/p>\n<p>Elle se dirige \u00e0 pr\u00e9sent vers le S\u00e9nat, o\u00f9 un vote pourrait avoir lieu d\u00e8s mardi soir selon le chef de la majorit\u00e9 r\u00e9publicaine, John Thune, cit\u00e9 par CNN.<\/p>\n<p>Pendant des mois, Donald Trump avait men\u00e9 une v\u00e9ritable campagne pour contrecarrer la tenue de ce vote \u00e0 la Chambre, aux cons\u00e9quences potentiellement embarrassantes pour le pr\u00e9sident.<\/p>\n<p>Le milliardaire r\u00e9publicain a r\u00e9it\u00e9r\u00e9 mardi n\u2019avoir \u00ab\u00a0rien \u00e0 voir avec Jeffrey Epstein\u00a0\u00bb, assurant qu\u2019il avait vir\u00e9 le financier de Mar-a-Lago, son luxueux club en Floride, parce que c\u2019\u00e9tait \u00ab\u00a0un pervers malade\u00a0\u00bb.<\/p>\n<p>Figures de la jet-set new-yorkaise, les deux hommes d\u2019affaires furent proches \u00e0 partir de la fin des ann\u00e9es 1980 jusqu\u2019\u00e0 leur brouille au d\u00e9but des ann\u00e9es 2000, et avant que les poursuites ne soient lanc\u00e9es quelques ann\u00e9es plus tard contre le financier, accus\u00e9 d\u2019avoir organis\u00e9 un r\u00e9seau d\u2019exploitation sexuelle de jeunes filles mineures.<\/p>\n<p>&#8211; Publicit\u00e9-<\/p>\n","protected":false},"excerpt":{"rendered":"La Chambre des repr\u00e9sentants a vot\u00e9 mardi pour la publication par les autorit\u00e9s du dossier d\u2019enqu\u00eate sur le&hellip;\n","protected":false},"author":2,"featured_media":506202,"comment_status":"","ping_status":"","sticky":false,"template":"","format":"standard","meta":{"footnotes":""},"categories":[1589],"tags":[11,73,1866,12,1864,1865,1863,308],"class_list":{"0":"post-544401","1":"post","2":"type-post","3":"status-publish","4":"format-standard","5":"has-post-thumbnail","7":"category-etats-unis","8":"tag-actualites","9":"tag-etats-unis","10":"tag-etats-unis-damerique","11":"tag-news","12":"tag-united-states","13":"tag-united-states-of-america","14":"tag-us","15":"tag-usa"},"share_on_mastodon":{"url":"https:\/\/pubeurope.com\/@fr\/115575698528728094","error":""},"_links":{"self":[{"href":"https:\/\/www.europesays.com\/fr\/wp-json\/wp\/v2\/posts\/544401","targetHints":{"allow":["GET"]}}],"collection":[{"href":"https:\/\/www.europesays.com\/fr\/wp-json\/wp\/v2\/posts"}],"about":[{"href":"https:\/\/www.europesays.com\/fr\/wp-json\/wp\/v2\/types\/post"}],"author":[{"embeddable":true,"href":"https:\/\/www.europesays.com\/fr\/wp-json\/wp\/v2\/users\/2"}],"replies":[{"embeddable":true,"href":"https:\/\/www.europesays.com\/fr\/wp-json\/wp\/v2\/comments?post=544401"}],"version-history":[{"count":0,"href":"https:\/\/www.europesays.com\/fr\/wp-json\/wp\/v2\/posts\/544401\/revisions"}],"wp:featuredmedia":[{"embeddable":true,"href":"https:\/\/www.europesays.com\/fr\/wp-json\/wp\/v2\/media\/506202"}],"wp:attachment":[{"href":"https:\/\/www.europesays.com\/fr\/wp-json\/wp\/v2\/media?parent=544401"}],"wp:term":[{"taxonomy":"category","embeddable":true,"href":"https:\/\/www.europesays.com\/fr\/wp-json\/wp\/v2\/categories?post=544401"},{"taxonomy":"post_tag","embeddable":true,"href":"https:\/\/www.europesays.com\/fr\/wp-json\/wp\/v2\/tags?post=544401"}],"curies":[{"name":"wp","href":"https:\/\/api.w.org\/{rel}","templated":true}]}}