{"id":544402,"date":"2025-11-19T09:39:12","date_gmt":"2025-11-19T09:39:12","guid":{"rendered":"https:\/\/www.europesays.com\/fr\/544402\/"},"modified":"2025-11-19T09:39:12","modified_gmt":"2025-11-19T09:39:12","slug":"huit-hommes-lourdement-condamnes-a-paris-pour-avoir-tente-de-faire-entrer-clandestinement-des-migrants-au-royaume-uni-une-traversee-de-la-manche-qui-avait-tourne-au-drame-en-2023","status":"publish","type":"post","link":"https:\/\/www.europesays.com\/fr\/544402\/","title":{"rendered":"Huit hommes lourdement condamn\u00e9s \u00e0 Paris pour avoir tent\u00e9 de faire entrer clandestinement des migrants au Royaume-Uni, une travers\u00e9e de la Manche qui avait tourn\u00e9 au drame en 2023"},"content":{"rendered":"<p>Huit hommes, d\u00e9sormais reconnus comme \u00ab\u00a0passeurs\u00a0\u00bb, ont \u00e9t\u00e9 lourdement condamn\u00e9s mardi \u00e0 Paris pour avoir tent\u00e9 de faire entrer clandestinement des migrants au Royaume-Uni, une travers\u00e9e de la Manche qui avait tourn\u00e9 au drame en 2023, avec un naufrage et sept morts.<\/p>\n<p>D\u00e9j\u00e0 en d\u00e9tention pour certains depuis plus d\u2019un an et demi, ces huit Afghans et Kurdes irakiens \u00e2g\u00e9s de 23 \u00e0 45 ans ont \u00e9cop\u00e9 de trois \u00e0 quinze ans de prison ferme selon leur r\u00f4le dans ce r\u00e9seau de passeurs, essentiellement pour homicides involontaires et aide \u00e0 l\u2019entr\u00e9e et au s\u00e9jour irr\u00e9gulier en bande organis\u00e9e.<\/p>\n<p>Dans ce drame qui a fauch\u00e9 sept candidats afghans \u00e0 l\u2019exil, la pr\u00e9sidente du tribunal a en revanche relax\u00e9 le neuvi\u00e8me pr\u00e9venu, un ressortissant soudanais originaire du Darfour en reconnaissant \u00e0 ce rescap\u00e9 du naufrage sa qualit\u00e9 de victime, lui qui comparaissait dans le m\u00eame box que ses passeurs car soup\u00e7onn\u00e9 d\u2019avoir pilot\u00e9 l\u2019embarcation de fortune.<\/p>\n<p>Les huit autres pr\u00e9venus ont men\u00e9 une activit\u00e9 \u00ab\u00a0particuli\u00e8rement lucrative\u00a0\u00bb et \u00ab\u00a0profit\u00e9 de la grande vuln\u00e9rabilit\u00e9 (des migrants) pour monnayer des passages dans des conditions dangereuses\u00a0\u00bb, a d\u00e9clar\u00e9 mardi la pr\u00e9sidente du tribunal, suivant les r\u00e9quisitions du parquet, qui avait r\u00e9clam\u00e9 la semaine derni\u00e8re des peines exemplaires pour des passeurs \u00ab\u00a0aveugl\u00e9s par leur volont\u00e9 d\u2019enrichissement\u00a0\u00bb.<\/p>\n<p>\u00a0<\/p>\n","protected":false},"excerpt":{"rendered":"Huit hommes, d\u00e9sormais reconnus comme \u00ab\u00a0passeurs\u00a0\u00bb, ont \u00e9t\u00e9 lourdement condamn\u00e9s mardi \u00e0 Paris pour avoir tent\u00e9 de faire&hellip;\n","protected":false},"author":2,"featured_media":544403,"comment_status":"","ping_status":"","sticky":false,"template":"","format":"standard","meta":{"footnotes":""},"categories":[1588],"tags":[11,1777,674,303,1251,12,473,1853,1851,1850,1852],"class_list":{"0":"post-544402","1":"post","2":"type-post","3":"status-publish","4":"format-standard","5":"has-post-thumbnail","7":"category-royaume-uni","8":"tag-actualites","9":"tag-eu","10":"tag-europe","11":"tag-justice","12":"tag-migrants","13":"tag-news","14":"tag-royaume-uni","15":"tag-royaume-uni-de-grande-bretagne-et-dirlande-du-nord","16":"tag-uk","17":"tag-united-kingdom","18":"tag-united-kingdom-of-great-britain-and-northern-ireland"},"share_on_mastodon":{"url":"https:\/\/pubeurope.com\/@fr\/115575702424266074","error":""},"_links":{"self":[{"href":"https:\/\/www.europesays.com\/fr\/wp-json\/wp\/v2\/posts\/544402","targetHints":{"allow":["GET"]}}],"collection":[{"href":"https:\/\/www.europesays.com\/fr\/wp-json\/wp\/v2\/posts"}],"about":[{"href":"https:\/\/www.europesays.com\/fr\/wp-json\/wp\/v2\/types\/post"}],"author":[{"embeddable":true,"href":"https:\/\/www.europesays.com\/fr\/wp-json\/wp\/v2\/users\/2"}],"replies":[{"embeddable":true,"href":"https:\/\/www.europesays.com\/fr\/wp-json\/wp\/v2\/comments?post=544402"}],"version-history":[{"count":0,"href":"https:\/\/www.europesays.com\/fr\/wp-json\/wp\/v2\/posts\/544402\/revisions"}],"wp:featuredmedia":[{"embeddable":true,"href":"https:\/\/www.europesays.com\/fr\/wp-json\/wp\/v2\/media\/544403"}],"wp:attachment":[{"href":"https:\/\/www.europesays.com\/fr\/wp-json\/wp\/v2\/media?parent=544402"}],"wp:term":[{"taxonomy":"category","embeddable":true,"href":"https:\/\/www.europesays.com\/fr\/wp-json\/wp\/v2\/categories?post=544402"},{"taxonomy":"post_tag","embeddable":true,"href":"https:\/\/www.europesays.com\/fr\/wp-json\/wp\/v2\/tags?post=544402"}],"curies":[{"name":"wp","href":"https:\/\/api.w.org\/{rel}","templated":true}]}}