{"id":544407,"date":"2025-11-19T09:42:14","date_gmt":"2025-11-19T09:42:14","guid":{"rendered":"https:\/\/www.europesays.com\/fr\/544407\/"},"modified":"2025-11-19T09:42:14","modified_gmt":"2025-11-19T09:42:14","slug":"lunion-europeenne-envisage-dalleger-les-regles-sur-lintelligence-artificielle-et-les-donnees-privees","status":"publish","type":"post","link":"https:\/\/www.europesays.com\/fr\/544407\/","title":{"rendered":"L\u2019Union Europ\u00e9enne envisage d\u2019all\u00e9ger les r\u00e8gles sur l\u2019intelligence artificielle et les donn\u00e9es priv\u00e9es"},"content":{"rendered":"<p class=\"ap-StoryElement ap-StoryElement--mb ap-StoryText\">Elle a assur\u00e9 \u00e0 plusieurs reprises pr\u00e9parer uniquement une loi de simplification pr\u00e9voyant des \u201cajustements\u201d cibl\u00e9s, n\u00e9cessaires aux entreprises pour se mettre en conformit\u00e9 \u00e0 ces nouvelles r\u00e8gles, et r\u00e9duire le fardeau bureaucratique et les co\u00fbts qui en r\u00e9sultent.<\/p>\n<p><a href=\"https:\/\/www.moustique.be\/notre-epoque\/les-infos\/2025\/10\/24\/meta-et-tiktok-dans-le-viseur-de-lue-pourquoi-bruxelles-sen-prend-aux-deux-geants-des-reseaux-sociaux-IPTU57SY3JCTPNHTAQ3475CKRE\/\" target=\"_self\" class=\"ap-StoryInterstitialLink ap-StoryElement ap-StoryElement--mb\" rel=\"noopener\">Meta et TikTok dans le viseur de l\u2019UE: pourquoi Bruxelles s\u2019en prend aux deux g\u00e9ants des r\u00e9seaux sociaux<\/a>Quelles mesures attendre ?<\/p>\n<p class=\"ap-StoryElement ap-StoryElement--mb ap-StoryText\">Parmi les mesures phares qui pourraient \u00eatre propos\u00e9es ce mercredi, selon une version provisoire du projet consult\u00e9e par l\u2019AFP, la Commission pourrait sugg\u00e9rer d\u2019accorder un d\u00e9lai d\u2019un an aux entreprises qui d\u00e9veloppent des syst\u00e8mes d\u2019IA consid\u00e9r\u00e9s comme \u00e0 \u201chaut risque\u201d pour se conformer \u00e0 <a href=\"https:\/\/www.moustique.be\/notre-epoque\/les-infos\/2025\/07\/08\/un-report-des-obligations-de-la-legislation-europeenne-sur-lia-cest-ce-que-demande-agora-W6PMGGQCSJBM3BAZ6LYSFDGFYA\/\" target=\"_self\" rel=\"noopener\">la loi europ\u00e9enne sur l\u2019intelligence artificielle <\/a>(AI Act).<\/p>\n<p class=\"ap-StoryElement ap-StoryElement--mb ap-StoryText\">Entr\u00e9 en vigueur en 2024, avec une application progressive au cours des prochaines ann\u00e9es, ce texte europ\u00e9en \u00e9tait cens\u00e9 prot\u00e9ger des d\u00e9rives de l\u2019intelligence artificielle sans brider l\u2019innovation.<\/p>\n<p class=\"ap-StoryElement ap-StoryElement--mb ap-StoryText\">Il classifie les mod\u00e8les selon leur niveau de risque, avec des contraintes proportionnelles au danger.<\/p>\n<p class=\"ap-StoryElement ap-StoryElement--mb ap-StoryText\">Mais cette l\u00e9gislation a suscit\u00e9 une pluie de critiques d\u2019entreprises europ\u00e9ennes et am\u00e9ricaines qui y voient un frein \u00e0 leur d\u00e9veloppement.<\/p>\n<p><a href=\"https:\/\/www.moustique.be\/notre-epoque\/les-infos\/2025\/09\/03\/nos-donnees-informatiques-pourront-etre-transferees-aux-usa-pourquoi-cette-decision-du-tribunal-de-lue-pose-question-WGCWXIGQXVGQFFZFQRIARGXVHA\/\" target=\"_self\" class=\"ap-StoryInterstitialLink ap-StoryElement ap-StoryElement--mb\" rel=\"noopener\">Nos donn\u00e9es informatiques pourront \u00eatre transf\u00e9r\u00e9es aux USA: pourquoi cette d\u00e9cision du Tribunal de l\u2019UE pose question<\/a>\u201cComplexit\u00e9 excessive et incoh\u00e9rences\u201d<\/p>\n<p class=\"ap-StoryElement ap-StoryElement--mb ap-StoryText\">Le groupe am\u00e9ricain <a href=\"https:\/\/www.moustique.be\/notre-epoque\/les-infos\/2025\/10\/02\/openai-bat-tous-les-records-en-etant-la-start-up-la-mieux-valorisee-au-monde-decouvrez-comment-elle-a-atteint-ce-montant-astronomique-IAER2HCRQFHHTKBPNCRBF5D7AU\/\" target=\"_self\" rel=\"noopener\">OpenAI<\/a> avait appel\u00e9 Bruxelles \u00e0 mettre fin \u00e0 l\u2019enchev\u00eatrement des r\u00e8gles europ\u00e9ennes (AI Act, DMA, DSA, RGPD\u2026) et nationales, y voyant une chance pour l\u2019Europe de \u201crelancer sa comp\u00e9titivit\u00e9, prot\u00e9ger ses citoyens et renouer avec la prosp\u00e9rit\u00e9 et le progr\u00e8s\u201d.<\/p>\n<p class=\"ap-StoryElement ap-StoryElement--mb ap-StoryText\">\u201cIl y a un vaste consensus parmi les dirigeants d\u2019entreprises selon lequel la simplification de la r\u00e9glementation serait le levier le plus puissant pour d\u00e9velopper l\u2019investissement et l\u2019innovation en Europe\u201d, a d\u00e9fendu de son c\u00f4t\u00e9 DigitalEurope, le lobby europ\u00e9en du secteur technologique.<\/p>\n<p class=\"ap-StoryElement ap-StoryElement--mb ap-StoryText\">Autre point qui suscite l\u2019inqui\u00e9tude des d\u00e9fenseurs de la protection des donn\u00e9es personnelles, la proposition de la Commission pourrait autoriser l\u2019utilisation de <a href=\"https:\/\/www.moustique.be\/television\/2023\/12\/12\/notre-vie-privee-est-en-danger-2030-enquete-sur-lutilisation-de-nos-donnees-personnelles-5TLXPSXCAZFKFOT75YNYZ34J2A\/\" target=\"_self\" rel=\"noopener\">donn\u00e9es priv\u00e9es<\/a> pour le d\u00e9veloppement des mod\u00e8les d\u2019IA.<\/p>\n<p class=\"ap-StoryElement ap-StoryElement--mb ap-StoryText\">Une possibilit\u00e9 tr\u00e8s critiqu\u00e9e par les ONG, qui y voient une grave entorse au r\u00e8glement europ\u00e9en sur la protection des donn\u00e9es (RGPD).<\/p>\n<p><a href=\"https:\/\/www.moustique.be\/notre-epoque\/2025\/11\/16\/les-ia-generatives-sont-dangereuses-concernant-la-protection-des-donnees-de-sante-KI6JUH42UZHNRJDJI2P66HNA34\/\" target=\"_self\" class=\"ap-StoryInterstitialLink ap-StoryElement ap-StoryElement--mb\" rel=\"noopener\">Les IA g\u00e9n\u00e9ratives sont dangereuses concernant la protection des donn\u00e9es de sant\u00e9<\/a>Cookies \u00e0 la loupe<\/p>\n<p class=\"ap-StoryElement ap-StoryElement--mb ap-StoryText\">Parmi les dispositions qui auraient le plus de cons\u00e9quences visibles pour les internautes, la Commission pourrait chercher \u00e0 r\u00e9duire la multiplication des banni\u00e8res d\u2019autorisation des cookies, ces outils de mesure et de pistage publicitaires.<\/p>\n<p class=\"ap-StoryElement ap-StoryElement--mb ap-StoryText\">Ces banni\u00e8res incessantes sont devenues une plaie au quotidien pour de nombreux utilisateurs, m\u00eame si elles visaient au d\u00e9part \u00e0 leur donner un meilleur contr\u00f4le sur la collecte et d\u2019exploitation de leurs donn\u00e9es.<\/p>\n<p class=\"ap-StoryElement ap-StoryElement--mb ap-StoryText\">Ces mesures, si elles sont confirm\u00e9es, risquent de faire l\u2019objet de d\u00e9bats agit\u00e9s au Parlement europ\u00e9en.<\/p>\n<p class=\"ap-StoryElement ap-StoryElement--mb ap-StoryText\">\u201cL\u2019Europe souffre de la complexit\u00e9 excessive et des incoh\u00e9rences entre les r\u00e8gles qui sont d\u00e9j\u00e0 en place. Les silos et les doublons r\u00e9glementaires, et l\u2019application in\u00e9gale des obligations cr\u00e9ent des incertitudes pour les entreprises, et fragmentent le march\u00e9 unique\u201d, plaide l\u2019eurod\u00e9put\u00e9e bulgare Eva Maydell (PPE, droite), parmi les partisans de ces assouplissements.<\/p>\n<p class=\"ap-StoryElement ap-StoryElement--mb ap-StoryText\">Au contraire, les eurod\u00e9put\u00e9s sociaux-d\u00e9mocrates ont demand\u00e9 \u00e0 la Commission \u201cde ne pas d\u00e9r\u00e9glementer et affaiblir le cadre juridique num\u00e9rique soigneusement construit par l\u2019UE\u201d.<\/p>\n<p class=\"ap-StoryElement ap-StoryElement--mb ap-StoryText\">\u201cAu lieu des ajustements cibl\u00e9s annonc\u00e9s, la Commission propose de modifier des \u00e9l\u00e9ments fondamentaux tels que la d\u00e9finition des donn\u00e9es \u00e0 caract\u00e8re personnel et les droits des personnes concern\u00e9es par le RGPD\u201d, s\u2019alarme quant \u00e0 elle NOYB, l\u2019association du militant autrichien pour la protection des donn\u00e9es <a href=\"https:\/\/www.moustique.be\/notre-epoque\/les-infos\/2015\/06\/19\/lhomme-qui-veut-faire-plier-facebook-OP45EIFVR5E35B2Y6Z4BRQZTQE\/\" target=\"_self\" rel=\"noopener\">Max Schrems<\/a>.<\/p>\n<p class=\"ap-StoryElement ap-StoryElement--mb ap-StoryText\">Elle craint \u00e9galement que l\u2019UE accepte de \u201cdonner aux entreprises d\u2019IA un ch\u00e8que en blanc pour aspirer les donn\u00e9es personnelles des Europ\u00e9ens\u201d.<\/p>\n","protected":false},"excerpt":{"rendered":"Elle a assur\u00e9 \u00e0 plusieurs reprises pr\u00e9parer uniquement une loi de simplification pr\u00e9voyant des \u201cajustements\u201d cibl\u00e9s, n\u00e9cessaires aux&hellip;\n","protected":false},"author":2,"featured_media":544408,"comment_status":"","ping_status":"","sticky":false,"template":"","format":"standard","meta":{"footnotes":""},"categories":[1586],"tags":[11,312,1777,674,1779,1011,27,861,311,421,17221,12,1834,25,42,4301,1778,364,308],"class_list":{"0":"post-544407","1":"post","2":"type-post","3":"status-publish","4":"format-standard","5":"has-post-thumbnail","7":"category-europe","8":"tag-actualites","9":"tag-diplomatie","10":"tag-eu","11":"tag-europe","12":"tag-european-union","13":"tag-fr","14":"tag-france","15":"tag-ia","16":"tag-informatique","17":"tag-lois","18":"tag-mobiles","19":"tag-news","20":"tag-publicite","21":"tag-republique-francaise","22":"tag-technologies","23":"tag-telecoms","24":"tag-ue","25":"tag-union-europeenne","26":"tag-usa"},"share_on_mastodon":{"url":"https:\/\/pubeurope.com\/@fr\/115575714405318386","error":""},"_links":{"self":[{"href":"https:\/\/www.europesays.com\/fr\/wp-json\/wp\/v2\/posts\/544407","targetHints":{"allow":["GET"]}}],"collection":[{"href":"https:\/\/www.europesays.com\/fr\/wp-json\/wp\/v2\/posts"}],"about":[{"href":"https:\/\/www.europesays.com\/fr\/wp-json\/wp\/v2\/types\/post"}],"author":[{"embeddable":true,"href":"https:\/\/www.europesays.com\/fr\/wp-json\/wp\/v2\/users\/2"}],"replies":[{"embeddable":true,"href":"https:\/\/www.europesays.com\/fr\/wp-json\/wp\/v2\/comments?post=544407"}],"version-history":[{"count":0,"href":"https:\/\/www.europesays.com\/fr\/wp-json\/wp\/v2\/posts\/544407\/revisions"}],"wp:featuredmedia":[{"embeddable":true,"href":"https:\/\/www.europesays.com\/fr\/wp-json\/wp\/v2\/media\/544408"}],"wp:attachment":[{"href":"https:\/\/www.europesays.com\/fr\/wp-json\/wp\/v2\/media?parent=544407"}],"wp:term":[{"taxonomy":"category","embeddable":true,"href":"https:\/\/www.europesays.com\/fr\/wp-json\/wp\/v2\/categories?post=544407"},{"taxonomy":"post_tag","embeddable":true,"href":"https:\/\/www.europesays.com\/fr\/wp-json\/wp\/v2\/tags?post=544407"}],"curies":[{"name":"wp","href":"https:\/\/api.w.org\/{rel}","templated":true}]}}