{"id":544411,"date":"2025-11-19T09:44:16","date_gmt":"2025-11-19T09:44:16","guid":{"rendered":"https:\/\/www.europesays.com\/fr\/544411\/"},"modified":"2025-11-19T09:44:16","modified_gmt":"2025-11-19T09:44:16","slug":"bientot-un-dubai-pour-catholiques-comment-la-pologne-est-devenue-lun-des-pays-les-plus-riches-au-monde-sans-bruit","status":"publish","type":"post","link":"https:\/\/www.europesays.com\/fr\/544411\/","title":{"rendered":"Bient\u00f4t \u00ab\u00a0un Duba\u00ef pour catholiques\u00a0\u00bb\u00a0? Comment la Pologne est devenue l\u2019un des pays les plus riches au monde sans bruit"},"content":{"rendered":"<p>De notre envoy\u00e9 sp\u00e9cial \u00e0 Varsovie,<\/p>\n<p>Attention, EVG qui tourne mal. Peter, britannique de 28 ans dont 13 \u00e0 \u00e9ponger les bars, avait pourtant un plan limpide\u00a0: se bourrer la gueule \u00e0 <a href=\"https:\/\/www.20minutes.fr\/dossier\/varsovie\" class=\"c-link c-link--is-underlined\" target=\"_blank\" rel=\"noopener\">Varsovie<\/a> \u00e0 moindres frais avec ses potes. La mission \u00e9choue devant le co\u00fbt des bi\u00e8res sur place. Quatre, cinq voire six euros la pinte, \u00ab\u00a0presque comme au pays\u00a0\u00bb. Que Peter se console, il aura au moins assist\u00e9 de ses yeux \u00e0 un <a href=\"https:\/\/www.20minutes.fr\/dossier\/miracle\" class=\"c-link c-link--is-underlined\" target=\"_blank\" rel=\"noopener\">miracle<\/a>, jusque dans les prix affich\u00e9s au comptoir\u00a0: le fantastique rebond de l\u2019<a href=\"https:\/\/www.20minutes.fr\/economie\/\" class=\"c-link c-link--is-underlined\" target=\"_blank\" rel=\"noopener\">\u00e9conomie<\/a> en <a href=\"https:\/\/www.20minutes.fr\/dossier\/pologne\" class=\"c-link c-link--is-underlined\" target=\"_blank\" rel=\"noopener\">Pologne<\/a>.<\/p>\n<p>Depuis la chute du rideau de fer, le pays affiche une sant\u00e9 d\u2019acier, avec une <a href=\"https:\/\/www.20minutes.fr\/economie\/croissance\/\" class=\"c-link c-link--is-underlined\" target=\"_blank\" rel=\"noopener\">croissance<\/a> ininterrompue. Seul le Covid en\u00a02020 a su le mettre en pause une petite ann\u00e9e. En trente-cinq ans, le <a href=\"https:\/\/www.20minutes.fr\/economie\/pib\/\" class=\"c-link c-link--is-underlined\" target=\"_blank\" rel=\"noopener\">PIB<\/a> polonais a connu un boom de +\u00a0932\u00a0%, de loin la plus belle \u00e9volution europ\u00e9enne. Il y a deux mois, le produit int\u00e9rieur brut d\u00e9passait le trillion de dollars, premier pays de l\u2019ex bloc-sovi\u00e9tique \u00e0 franchir ce cap.<\/p>\n<p class=\"mb-xxl@xs color-ultramarine font-weight-semi-bold@xs font-source-serif-pro heading-s@xs\">L\u2019acc\u00e8s \u00e0 ce contenu a \u00e9t\u00e9 bloqu\u00e9 afin de respecter votre choix de consentement<\/p>\n<p class=\"mb-m@xs text-l@xs\">En cliquant sur\u00ab J\u2019accepte \u00bb, vous acceptez le d\u00e9p\u00f4t de cookies par des services externes et aurez ainsi acc\u00e8s aux contenus de nos partenaires.<\/p>\n<p class=\"mb-xl@xs text-s@xs\">Plus d\u2019informations sur la page<a href=\"https:\/\/www.20minutes.fr\/gestion-cookies\" class=\"mx-xxs@xs color-ultramarine\" target=\"_blank\" rel=\"noopener\">Politique de gestion des cookies<\/a><\/p>\n<p>J\u2019accepteUn niveau de vie sup\u00e9rieur au Japon d\u2019ici un an<\/p>\n<p>Trop ivre pour comprendre tous ces chiffres, Peter n\u2019a qu\u2019\u00e0 porter ses yeux sur Varsovie en sortant du pub pour constater le miracle \u00e9conomique, inscrit jusque dans la nouvelle architecture de la ville. Au quartier des affaires, les gratte-ciels montent plus haut encore que la croissance, les mille et un espaces de \u00ab\u00a0coworking\u00a0\u00bb ont succ\u00e9d\u00e9 aux kolkhozes et les grands groupes &#8211; <a href=\"https:\/\/www.20minutes.fr\/high-tech\/samsung\/\" class=\"c-link c-link--is-underlined\" target=\"_blank\" rel=\"noopener\">Samsung<\/a>, McDonald\u2019s, Google, L\u2019Oreal &#8211; affichent leurs n\u00e9ons multicolores au lieu des drapeaux rouges d\u2019autrefois. Devant cette skyline qui ne s\u2019\u00e9teint jamais, Adrian, un cinquantenaire polonais pur-jus, a aussi des envies de refaire le monde devant un verre. \u00ab\u00a0Un jour, on sera la <a href=\"https:\/\/www.20minutes.fr\/dossier\/dubai\" class=\"c-link c-link--is-underlined\" target=\"_blank\" rel=\"noopener\">Duba\u00ef<\/a> catholique. L\u2019autre centre du monde incontournable o\u00f9 toutes les marques viendront, et nous, on sera tous riches\u00a0\u00bb.<\/p>\n<p>Et pourquoi pas\u00a0? Selon l\u2019<a href=\"https:\/\/www.20minutes.fr\/economie\/ocde\/\" class=\"c-link c-link--is-underlined\" target=\"_blank\" rel=\"noopener\">OCDE<\/a>, le PIB par habitant de la Pologne (54.680 dollars) d\u00e9passera celui du Japon (55.190 dollars) d\u00e8s l\u2019an prochain. Et l\u2019\u00e9cart diminue ann\u00e9e apr\u00e8s ann\u00e9e avec la France (65.630 dollars). Dans dix ans, il devrait \u00eatre plus \u00e9lev\u00e9 que celui de tous les pays du G7, hors Etats-Unis.<\/p>\n<p>Le premier hub de l\u2019Est<\/p>\n<p>Rien d\u2019un hasard. \u00ab\u00a0L\u2019\u00e9quation qualit\u00e9\/comp\u00e9tence\/prix que vous trouvez en Pologne n\u2019a pas d\u2019\u00e9quivalence\u00a0\u00bb, estime Alex, manager fran\u00e7ais \u00e0 Margo Consulting Polska, cabinet de conseil en IT. Il n\u2019est pas le seul expatri\u00e9\u00a0: plus de 270 groupes internationaux op\u00e8rent leur shared service center depuis la Pologne, pesant 500.000 emplois et 10\u00a0% du PIB. Chaque ann\u00e9e, 74.000 dipl\u00f4m\u00e9s des fili\u00e8res \u00ab\u00a0IT\u00a0\u00bb sortent des \u00e9coles du pays. Loin du clich\u00e9 du \u00ab\u00a0plombier polonais\u00a0\u00bb de\u00a02005, la nation produit plus d\u2019ing\u00e9nieurs en informatique, data analyst, d\u00e9veloppeurs et expert en cybers\u00e9curit\u00e9 que la France, avec une population pourtant deux fois moins nombreuse.<\/p>\n<p><img decoding=\"async\" alt=\"Alex, Fran\u00e7ais expatri\u00e9 en Pologne, a vu son salaire de manager doubler en 10 ans.\" class=\"c-img\" loading=\"lazy\" fetchpriority=\"auto\" width=\"718\"  src=\"https:\/\/img.20mn.fr\/NpoB3OJxS3uPTsgGN4U2Sik\/718x0\" \/>Alex, Fran\u00e7ais expatri\u00e9 en Pologne, a vu son salaire de manager doubler en 10 ans.\u2002-\u00a0JLD\/20 Minutes<\/p>\n<p>\u00ab\u00a0En Pologne, il y a un rapport tr\u00e8s important au travail et un go\u00fbt de l\u2019effort\u00a0\u00bb, appuie Adrian, qui a troqu\u00e9 l\u2019\u00e9merveillement pour le pragmatisme. Pour lui, les <a href=\"https:\/\/www.20minutes.fr\/dossier\/35h\" class=\"c-link c-link--is-underlined\" target=\"_blank\" rel=\"noopener\">35-Heures<\/a> sont une incongruit\u00e9 similaire \u00e0 un Big Mac qu\u2019on aurait pr\u00e9sent\u00e9 \u00e0 son grand-p\u00e8re. \u00ab\u00a0M\u00eame dans la vie de tous les jours, une des premi\u00e8res questions qu\u2019on se pose, c\u2019est o\u00f9 en est notre \u00e9pargne retraite, si on a bien cotis\u00e9 ce mois-ci\u2026 Le <a href=\"https:\/\/www.20minutes.fr\/dossier\/travail\" class=\"c-link c-link--is-underlined\" target=\"_blank\" rel=\"noopener\">travail<\/a> est omnipr\u00e9sent.\u00a0\u00bb<\/p>\n<p>2004, le tournant polonais<img decoding=\"async\" alt=\"Olga travaille dans l'IT. Ce qui la marque le plus est la possibilit\u00e9 de voyager \u00e0 l'\u00e9tranger, et de ne pas (trop) subir les prix internationaux.\" class=\"c-img\" loading=\"lazy\" fetchpriority=\"auto\" width=\"718\"  src=\"https:\/\/img.20mn.fr\/sFq_qUDjQ8Snuo9PpY79nCk\/718x0\" \/>Olga travaille dans l&rsquo;IT. Ce qui la marque le plus est la possibilit\u00e9 de voyager \u00e0 l&rsquo;\u00e9tranger, et de ne pas (trop) subir les prix internationaux.\u2002-\u00a0JLD\/20 Minutes<\/p>\n<p>Comme tout miracle biblique, l\u2019\u00e9conomie polonaise a ses textes fondateurs. Le Nouveau Testament de la croissance a eu lieu en\u00a02004, avec l\u2019adh\u00e9sion \u00e0 l\u2019<a href=\"https:\/\/www.20minutes.fr\/dossier\/ue\" class=\"c-link c-link--is-underlined\" target=\"_blank\" rel=\"noopener\">Union europ\u00e9enne<\/a>, ouvrant \u00e0 la fois le pays aux investisseurs \u00e9trangers et permettant aux Polonais de s\u2019expatrier. \u00ab\u00a0C\u2019est vraiment le premier \u00e9tage de la fus\u00e9e, l\u00e0 o\u00f9 l\u2019\u00e9conomie a pris un tournant\u00a0\u00bb, abonde Olga, employ\u00e9e dans la tech. \u00ab\u00a0La croissance technologique qu\u2019il y a eue, les infrastructures, je n\u2019aurais jamais cru \u00e7a possible si vite\u2026\u00a0\u00bb.<\/p>\n<p>Cette ann\u00e9e-l\u00e0, et plus encore en 2007-2008 avec la crise \u00e9conomique, des millions de Polonais sont all\u00e9s travailler en Allemagne, au <a href=\"https:\/\/www.20minutes.fr\/monde\/royaume-uni\/\" class=\"c-link c-link--is-underlined\" target=\"_blank\" rel=\"noopener\">Royaume-Uni<\/a>, en France d\u00e9velopper leurs comp\u00e9tences, envoyer de l\u2019argent au pays et\u2026 finir par rentrer. 50\u00a0% des expatri\u00e9s depuis\u00a02004 seraient revenus au pays, selon l\u2019ONU, de quoi ramener richesse et comp\u00e9tences au pays. \u00ab\u00a0Ce fut aussi une ouverture au monde, un changement d\u2019\u00e9tat d\u2019esprit\u00a0\u00bb, sourit Olga.<\/p>\n<p>Adrian en fait partie &#8211; cinq ans \u00e0 cuisiner en <a href=\"https:\/\/www.20minutes.fr\/dossier\/allemagne\" class=\"c-link c-link--is-underlined\" target=\"_blank\" rel=\"noopener\">Allemagne<\/a> puis un retour express \u00e0 Varsovie, pour cause de mal du pays\u2026 et d\u2019un alignement des <a href=\"https:\/\/www.20minutes.fr\/dossier\/salaire\" class=\"c-link c-link--is-underlined\" target=\"_blank\" rel=\"noopener\">salaires<\/a>. Il se frotte les yeux\u00a0: \u00ab\u00a0Qui aurait cru qu\u2019un jour le niveau vie en Pologne serait si proche de celui de Berlin\u00a0?\u00a0\u00bb En dix ans, le salaire moyen a doubl\u00e9, passant de\u00a04.000 zlotys \u00e0\u00a08.200 (1.980 euros). Le salaire minimum, lui, a connu un bond encore plus spectaculaire de +\u00a0146\u00a0% (1.100 euros) et d\u00e9passe aujourd\u2019hui le salaire moyen de\u00a02015.<\/p>\n<p>\u00ab\u00a0Une vraie mont\u00e9e en comp\u00e9tences du travailleur\u00a0\u00bb<\/p>\n<p>De quoi priver les Polonais de leur avantage concurrentiel sur le march\u00e9 international\u00a0? Non, r\u00e9fute Alex. \u00ab\u00a0Les requ\u00eates client trait\u00e9es par les Polonais sont deux fois plus complexes que celles trait\u00e9es par leurs homologues <a href=\"https:\/\/www.20minutes.fr\/dossier\/indiens\" class=\"c-link c-link--is-underlined\" target=\"_blank\" rel=\"noopener\">indiens<\/a> et ont deux fois moins de bugs. Il y a une vraie mont\u00e9e en gamme des comp\u00e9tences, le prix n\u2019est plus le seul crit\u00e8re\u00a0\u00bb. Sans compter que g\u00e9n\u00e9ralement, un tech polonais a travaill\u00e9 pour plusieurs groupes internationaux, \u00e9tant vu comme la recrue \u00ab\u00a0en plus\u00a0\u00bb \u00e0 l\u2019\u00e9poque. \u00ab\u00a0Cela lui donne aujourd\u2019hui une super exp\u00e9rience tr\u00e8s recherch\u00e9e, et une forte adaptabilit\u00e9.\u00a0\u00bb<\/p>\n<p>L\u2019Union europ\u00e9enne, elle, n\u2019a pas fini de livrer ses merveilles au pays\u00a0: la Politique agricole commune (PAC) de\u00a02004, qui a nettement am\u00e9lior\u00e9 la productivit\u00e9, l\u2019attribution de l\u2019Euro\u00a02012, pour renforcer les infrastructures, et dernier cadeau en\u00a02024, 137\u00a0milliards d\u2019euros d\u00e9bloqu\u00e9s de fonds europ\u00e9ens pour que le pays continue d\u2019investir.<\/p>\n<p>\u00ab\u00a0Un tel sentiment de libert\u00e9\u00a0\u00bb<\/p>\n<p>Gratte-ciel, ouverture des fronti\u00e8res, infrastructures modernes\u2026, Beaucoup de Polonais ont assist\u00e9 et vu de leurs yeux ces \u00ab\u00a0miracles\u00a0\u00bb, et en t\u00e9moignent aujourd\u2019hui aux pa\u00efens qui douteraient de l\u2019Europe et du capitalisme. \u00ab\u00a0Ouvrir sa propre bo\u00eete, travailler \u00e0 son compte, pouvoir acheter des voitures de marques\u2026 Et je n\u2019aurais jamais pu imaginer qu\u2019il serait si facile de voyager \u00e0 l\u2019\u00e9tranger\u00a0!\u00a0\u00bb, liste Olga.<\/p>\n<p>\u00ab\u00a0La chose la plus folle pour moi, c\u2019est la possibilit\u00e9 de rouler sur des autoroutes. Autrefois, il n\u2019y en avait pas en Pologne, les trajets \u00e9taient interminables. C\u2019est un tel sentiment de libert\u00e9\u00a0\u00bb, d\u00e9peint Przemek. En\u00a02004, la Pologne ne comptait que 720\u00a0km d\u2019autoroute (et 18 en\u00a01989), contre\u2026 5.300 en\u00a02024.<\/p>\n<p>Les laiss\u00e9s-pour-compte du miracle<\/p>\n<p>Mais dans une nation \u00e0 92\u00a0% catholique, on ne galvaude pas comme \u00e7a le terme de miracle. \u00ab\u00a0Un succ\u00e8s, c\u2019est vous qui le dites\u00a0\u00bb, nuance Izabella. Elle cumule quatre emplois &#8211; guide, prof de langue, m\u00e9nage et baby-sittings, comme de nombreux Polonais, victime de la crise du logement. \u00ab\u00a0Il y a dix ans, avec votre salaire, vous pouviez acheter cinq m\u00e8tres carr\u00e9s. Aujourd\u2019hui, vous n\u2019en achetez m\u00eame pas un\u00a0\u00bb, regrette-t-elle. Dans les d\u00e9cennies 2000, pour faciliter l\u2019achat de logements en plein boom immobilier, les banques incitaient fortement les Polonais \u00e0 emprunter en franc <a href=\"https:\/\/www.20minutes.fr\/dossier\/suisse\" class=\"c-link c-link--is-underlined\" target=\"_blank\" rel=\"noopener\">suisse<\/a>, jug\u00e9 plus s\u00fbr. Mais la monnaie helv\u00e8te a connu une hausse, et aujourd\u2019hui, les cr\u00e9dits co\u00fbtent deux fois plus chers \u00e0 rembourser qu\u2019\u00e0 l\u2019\u00e9poque.<\/p>\n<p><img decoding=\"async\" alt=\"Izabella doit cumuler quatre emplois pour subvenir \u00e0 ses besoins, et encore...\" class=\"c-img\" loading=\"lazy\" fetchpriority=\"auto\" width=\"718\"  src=\"https:\/\/img.20mn.fr\/KSbhWkCZRlSrHqher6v5uik\/718x0-9.011217713172313x24.67862537451221-90.98878228682769\" \/>Izabella doit cumuler quatre emplois pour subvenir \u00e0 ses besoins, et encore&#8230;\u2002-\u00a0JLD\/20 Minutes<\/p>\n<p>La situation est encore pire pour ses parents, 800 euros de retraite \u00e0 eux deux &#8211; car calcul\u00e9s sur les anciens salaires. Elle essaie de les aider financi\u00e8rement, mais encore faut-il qu\u2019il lui reste de l\u2019argent en fin de mois.<\/p>\n<p>Les prix de la vie courante, aussi, ont connu une augmentation biblique. Le caf\u00e9 qu\u2019elle sirote est \u00e0 quatre euros, \u00ab\u00a0plus cher qu\u2019\u00e0 Rome ou Paris\u00a0!\u00a0\u00bb Pour rendre l\u2019addition encore plus sal\u00e9e, l\u2019Americano est bu \u00e0 la h\u00e2te, car un train l\u2019attend. Il va l\u2019emmener \u00e0 30 kilom\u00e8tres de la capitale, \u00ab\u00a0consulter un docteur dont les tarifs sont moins \u00e9lev\u00e9s qu\u2019\u00e0 Varsovie\u00a0\u00bb. 98\u00a0% des Polonais paient encore la sant\u00e9 au priv\u00e9. Et la situation des services publics, \u00e0 la tra\u00eene, n\u2019est pas pr\u00e8s de s\u2019am\u00e9liorer. La dette explose, le d\u00e9ficit aussi, et le budget se concentre sur l\u2019armement face \u00e0 la menace russe.<\/p>\n<p>\u00ab\u00a0La Pologne est une coquille vide\u00a0\u00bb<\/p>\n<p>Dans cette \u00e9conomie \u00e0 300 \u00e0 l\u2019heure, Ava et sa m\u00e8re se souviennent parfois du temps d\u2019avant, en plein communisme. \u00ab\u00a0Tout \u00e9tait rationn\u00e9, et apr\u00e8s des heures de queue, on n\u2019obtenait que de petites quantit\u00e9s\u00a0\u00bb Lors d\u2019un voyage \u00e0 l\u2019Ouest, en\u00a01988, \u00e2g\u00e9 de huit ans, Ava d\u00e9couvre des \u00ab\u00a0magasins color\u00e9s, je n\u2019ai jamais \u00e9t\u00e9 aussi \u00e9merveill\u00e9e. Tout \u00e9tait beau, faste, color\u00e9, loin des tickets de ravitaillement et des couleurs fades d\u2019ici\u2026\u00a0\u00bb.<\/p>\n<p><img decoding=\"async\" alt=\"Ava et sa m\u00e8re se souviennent de l'\u00e9poque communiste. Tout a tellement chang\u00e9 depuis en Pologne\" class=\"c-img\" loading=\"lazy\" fetchpriority=\"auto\" width=\"718\"  src=\"https:\/\/img.20mn.fr\/5BrfzSzhRr6Mtksx3pxpxCk\/718x0-0.1x23.427385578983177-89.64598761484896\" \/>Ava et sa m\u00e8re se souviennent de l&rsquo;\u00e9poque communiste. Tout a tellement chang\u00e9 depuis en Pologne\u2002-\u00a0JLD\/20 Minutes<\/p>\n<p>Aujourd\u2019hui, les magasins color\u00e9s sont l\u00e0, au pays, mais avec des noms qui ne sonnent pas vraiment local. Lidl, Carrefour, Auchan\u2026 \u00ab\u00a0Nous sommes une coquille vide\u00a0\u00bb, regrette la m\u00e8re. Pour rattraper le retard accumul\u00e9, le \u00ab\u00a0plan Balcerowic\u00a0\u00bb, du nom du ministre des finances en\u00a01990, a laiss\u00e9 \u00ab\u00a0les grandes marques tout rafler ici et nous avons perdu notre place\u00a0\u00bb, regrette la m\u00e8re. Ava abonde\u00a0: \u00ab\u00a0On ach\u00e8te des l\u00e9gumes de Moldavie, pendant que notre production part en Europe. Les produits sains ou bio sont hors de prix et on ne peut pas se payer ce qui est produit sur notre sol.\u00a0\u00bb Incontestablement, la Pologne est devenue un beau et riche pays, \u00ab\u00a0mais est-ce encore le n\u00f4tre\u00a0?\u00a0\u00bb<\/p>\n","protected":false},"excerpt":{"rendered":"De notre envoy\u00e9 sp\u00e9cial \u00e0 Varsovie, Attention, EVG qui tourne mal. Peter, britannique de 28 ans dont 13&hellip;\n","protected":false},"author":2,"featured_media":544412,"comment_status":"","ping_status":"","sticky":false,"template":"","format":"standard","meta":{"footnotes":""},"categories":[2],"tags":[11,674,1011,27,74,12,27745,9144,33974,6311,2437,25,132,555,27073],"class_list":{"0":"post-544411","1":"post","2":"type-post","3":"status-publish","4":"format-standard","5":"has-post-thumbnail","7":"category-actualites","8":"tag-actualites","9":"tag-europe","10":"tag-fr","11":"tag-france","12":"tag-monde","13":"tag-news","14":"tag-ocde","15":"tag-ouest","16":"tag-pac","17":"tag-pib","18":"tag-pologne","19":"tag-republique-francaise","20":"tag-russie","21":"tag-union-europeenne-ue","22":"tag-varsovie"},"share_on_mastodon":{"url":"https:\/\/pubeurope.com\/@fr\/115575723079140851","error":""},"_links":{"self":[{"href":"https:\/\/www.europesays.com\/fr\/wp-json\/wp\/v2\/posts\/544411","targetHints":{"allow":["GET"]}}],"collection":[{"href":"https:\/\/www.europesays.com\/fr\/wp-json\/wp\/v2\/posts"}],"about":[{"href":"https:\/\/www.europesays.com\/fr\/wp-json\/wp\/v2\/types\/post"}],"author":[{"embeddable":true,"href":"https:\/\/www.europesays.com\/fr\/wp-json\/wp\/v2\/users\/2"}],"replies":[{"embeddable":true,"href":"https:\/\/www.europesays.com\/fr\/wp-json\/wp\/v2\/comments?post=544411"}],"version-history":[{"count":0,"href":"https:\/\/www.europesays.com\/fr\/wp-json\/wp\/v2\/posts\/544411\/revisions"}],"wp:featuredmedia":[{"embeddable":true,"href":"https:\/\/www.europesays.com\/fr\/wp-json\/wp\/v2\/media\/544412"}],"wp:attachment":[{"href":"https:\/\/www.europesays.com\/fr\/wp-json\/wp\/v2\/media?parent=544411"}],"wp:term":[{"taxonomy":"category","embeddable":true,"href":"https:\/\/www.europesays.com\/fr\/wp-json\/wp\/v2\/categories?post=544411"},{"taxonomy":"post_tag","embeddable":true,"href":"https:\/\/www.europesays.com\/fr\/wp-json\/wp\/v2\/tags?post=544411"}],"curies":[{"name":"wp","href":"https:\/\/api.w.org\/{rel}","templated":true}]}}