{"id":544419,"date":"2025-11-19T09:49:13","date_gmt":"2025-11-19T09:49:13","guid":{"rendered":"https:\/\/www.europesays.com\/fr\/544419\/"},"modified":"2025-11-19T09:49:13","modified_gmt":"2025-11-19T09:49:13","slug":"coupe-davis-moutet-reste-un-magicien-pour-les-belges-sports","status":"publish","type":"post","link":"https:\/\/www.europesays.com\/fr\/544419\/","title":{"rendered":"Coupe Davis : Moutet reste \u00ab un magicien \u00bb pour\u00a0les\u00a0Belges : Sports"},"content":{"rendered":"<p class=\"date\">\n                                                            Marie Mah\u00e9, Media365 : publi\u00e9 le mercredi 19 novembre 2025 \u00e0 09h20\n                                                    <\/p>\n<p>Ce mardi, la France a \u00e9t\u00e9 \u00e9limin\u00e9e en quarts de finale de la Coupe Davis par la Belgique (2-0). Lors du premier simple contre Rapha\u00ebl Collignon, Corentin Moutet a fait parler de lui, en manquant sa demi-vol\u00e9e entre les jambes. Steve Darcis, le capitaine belge, est ensuite revenu sur cet \u00e9pisode.<\/p>\n<p><a href=\"https:\/\/sports.orange.fr\/tennis\/article\/bleus-moutet-je-me-dis-que-je-suis-un-clown-exclu-CNT000002lMhhh.html\" rel=\"nofollow noopener\" target=\"_blank\">Corentin Moutet s&rsquo;en souviendra certainement pendant longtemps<\/a>. Ce mardi, \u00e0 l&rsquo;occasion du premier simple des quarts de finale de la Coupe Davis, contre la Belgique, le Fran\u00e7ais \u00e9tait men\u00e9 5-6, 15-15 lors du deuxi\u00e8me set. Alors que le point \u00e9tait tout fait pour lui, le Tricolore a tent\u00e9 une demi-vol\u00e9e entre les jambes. Un geste manqu\u00e9. Derri\u00e8re, son adversaire Rapha\u00ebl Collignon a \u00e9galis\u00e9 \u00e0 une manche partout, avant de tout renverser <a href=\"https:\/\/sports.orange.fr\/tennis\/article\/coupe-davis-moutet-battu-la-france-menee-par-la-belgique-CNT000002lMbNT.html\" rel=\"nofollow noopener\" target=\"_blank\">apr\u00e8s avoir pourtant perdu la premi\u00e8re manche (2-6, 7-5, 7-5)<\/a>.<\/p>\n<p>A la fin de la journ\u00e9e, les Belges ont ensuite gagn\u00e9 le duel (2-0) et valid\u00e9 leur ticket pour la suite de cette phase finale. Steve Darcis, le capitaine de la Belgique, est ensuite notamment revenu sur ce fameux geste tent\u00e9 par Corentin Moutet.<\/p>\n<p>Darcis : \u00ab\u00a0Moutet ? C&rsquo;est un mec qui joue comme \u00e7a\u00a0\u00bb<\/p>\n<p>Un geste qui ne l&rsquo;a pas forc\u00e9ment surpris, comme il l&rsquo;a confi\u00e9 dans des propos rapport\u00e9s par L&rsquo;Equipe : \u00ab\u00a0(&#8230;) Mais il a fait des coups de g\u00e9nie avant. C&rsquo;est un magicien, c&rsquo;est un mec qui joue comme \u00e7a. Je ne pense pas qu&rsquo;on peut lui en vouloir. C&rsquo;est comme \u00e7a qu&rsquo;il joue bien, comme \u00e7a qu&rsquo;il ennuie les autres, comme \u00e7a qu&rsquo;il fait le show parce que c&rsquo;est un artiste. \u00c7a n&rsquo;a pas fonctionn\u00e9 aujourd&rsquo;hui (mardi) sur un point important. Probablement que \u00e7a a fait tourner le match.\u00a0\u00bb<\/p>\n<p>Si l&rsquo;un de ses joueurs avait tent\u00e9 un geste similaire, la r\u00e9action de Steve Darcis aurait \u00e9t\u00e9 sans appel : \u00ab\u00a0Je lui p\u00e8te la gueule, j&rsquo;en sais rien (sourires). Nous, on n&rsquo;a pas des artistes comme Corentin. On a des joueurs qui jouent simplement. Lui, il a du talent, il fait autre chose. C&rsquo;est pour \u00e7a qu&rsquo;il est 35e mondial. Mon discours n&rsquo;est pas diplomatique. C&rsquo;est trop facile de dire : \u00a0\u00bbs&rsquo;il avait pas fait ci\u00a0\u00bb&#8230; S&rsquo;il ne faisait pas \u00e7a, il ne serait pas 35e mondial. Il faut le prendre avec ses qualit\u00e9s et ses d\u00e9fauts.\u00a0\u00bb<\/p>\n","protected":false},"excerpt":{"rendered":"Marie Mah\u00e9, Media365 : publi\u00e9 le mercredi 19 novembre 2025 \u00e0 09h20 Ce mardi, la France a \u00e9t\u00e9&hellip;\n","protected":false},"author":2,"featured_media":544420,"comment_status":"","ping_status":"","sticky":false,"template":"","format":"standard","meta":{"footnotes":""},"categories":[1415],"tags":[1011,27,60,1467],"class_list":{"0":"post-544419","1":"post","2":"type-post","3":"status-publish","4":"format-standard","5":"has-post-thumbnail","7":"category-tennis","8":"tag-fr","9":"tag-france","10":"tag-sports","11":"tag-tennis"},"share_on_mastodon":{"url":"https:\/\/pubeurope.com\/@fr\/115575741682650501","error":""},"_links":{"self":[{"href":"https:\/\/www.europesays.com\/fr\/wp-json\/wp\/v2\/posts\/544419","targetHints":{"allow":["GET"]}}],"collection":[{"href":"https:\/\/www.europesays.com\/fr\/wp-json\/wp\/v2\/posts"}],"about":[{"href":"https:\/\/www.europesays.com\/fr\/wp-json\/wp\/v2\/types\/post"}],"author":[{"embeddable":true,"href":"https:\/\/www.europesays.com\/fr\/wp-json\/wp\/v2\/users\/2"}],"replies":[{"embeddable":true,"href":"https:\/\/www.europesays.com\/fr\/wp-json\/wp\/v2\/comments?post=544419"}],"version-history":[{"count":0,"href":"https:\/\/www.europesays.com\/fr\/wp-json\/wp\/v2\/posts\/544419\/revisions"}],"wp:featuredmedia":[{"embeddable":true,"href":"https:\/\/www.europesays.com\/fr\/wp-json\/wp\/v2\/media\/544420"}],"wp:attachment":[{"href":"https:\/\/www.europesays.com\/fr\/wp-json\/wp\/v2\/media?parent=544419"}],"wp:term":[{"taxonomy":"category","embeddable":true,"href":"https:\/\/www.europesays.com\/fr\/wp-json\/wp\/v2\/categories?post=544419"},{"taxonomy":"post_tag","embeddable":true,"href":"https:\/\/www.europesays.com\/fr\/wp-json\/wp\/v2\/tags?post=544419"}],"curies":[{"name":"wp","href":"https:\/\/api.w.org\/{rel}","templated":true}]}}