{"id":544421,"date":"2025-11-19T09:53:14","date_gmt":"2025-11-19T09:53:14","guid":{"rendered":"https:\/\/www.europesays.com\/fr\/544421\/"},"modified":"2025-11-19T09:53:14","modified_gmt":"2025-11-19T09:53:14","slug":"pierre-barbier-trouve-une-equipe-en-malaisie-actualite","status":"publish","type":"post","link":"https:\/\/www.europesays.com\/fr\/544421\/","title":{"rendered":"Pierre Barbier trouve une \u00e9quipe en Malaisie &#8211; Actualit\u00e9"},"content":{"rendered":"<p style=\"text-align: justify;\"><strong>Avec <strong><a href=\"https:\/\/www.directvelo.com\/actualite\/125062\/wagner-bazin-de-retour-sous-une-autre-licence\" target=\"_blank\" rel=\"noopener\">la fin de l\u2019aventure Wagner Bazin WB au niveau ProTeam<\/a><\/strong>,\u00a0<a href=\"https:\/\/www.directvelo.com\/coureur\/11244\/pierre-barbier\" target=\"_blank\" rel=\"noopener\">Pierre Barbier<\/a><\/strong> <strong>rebondit en Continentale pour 2026 en Malaisie. En effet, le Picard de 28 ans s\u2019est engag\u00e9 avec Terengganu Cycling Team.<br \/>Le sprinteur de l\u2019\u00e9quipe belge a termin\u00e9 cette saison 4e du Tour du Limbourg (1.1B). Sur l\u2019AlUla Tour (2.1), il a pris les 5e et 7e des troisi\u00e8me et premi\u00e8re \u00e9tapes. Il s\u2019est par ailleurs class\u00e9 8e de la premi\u00e8re \u00e9tape du Tour de Turquie (2.Pro) et 11e de la deuxi\u00e8me \u00e9tape du Tour Alsace (2.2). Sa derni\u00e8re victoire date de 2024, lorsqu\u2019il a remport\u00e9 le classement g\u00e9n\u00e9ral de la Ronde de l\u2019Oise (2.2), ainsi que deux \u00e9tapes.<br \/>Chez les Amateurs, Pierre Barbier avait \u00e9t\u00e9 form\u00e9 par le VC Rouen 76, avant de partir pour l\u2019\u00e9quipe d\u00e9veloppement de BMC. Il est ensuite pass\u00e9 par les rangs de Roubaix-Lille M\u00e9tropole, Delko, B&amp;B Hot\u00eals-KTM et CIC U Nantes Atlantique.<\/strong><\/p>\n<p>Retrouvez tous les transferts de l&rsquo;intersaison 2025-2026 <strong><a href=\"https:\/\/www.directvelo.com\/mutations\/2026#teams-pro\" target=\"_blank\" rel=\"noopener\">en cliquant ici<\/a><\/strong>.<\/p>\n","protected":false},"excerpt":{"rendered":"Avec la fin de l\u2019aventure Wagner Bazin WB au niveau ProTeam,\u00a0Pierre Barbier rebondit en Continentale pour 2026 en&hellip;\n","protected":false},"author":2,"featured_media":544422,"comment_status":"","ping_status":"","sticky":false,"template":"","format":"standard","meta":{"footnotes":""},"categories":[1411],"tags":[834,828,836,829,837,827,83,826,824,823,1154,207,814,817,815,816,822,821,832,211,839,1011,27,820,818,819,835,831,830,833,838,60,212,208,825],"class_list":{"0":"post-544421","1":"post","2":"type-post","3":"status-publish","4":"format-standard","5":"has-post-thumbnail","7":"category-cyclisme","8":"tag-attaque","9":"tag-belgique","10":"tag-braquet","11":"tag-bretagne","12":"tag-chute","13":"tag-competition","14":"tag-coupe-de-france","15":"tag-coureur","16":"tag-course-cyclisme","17":"tag-course-cycliste","18":"tag-cycling","19":"tag-cyclisme","20":"tag-direct","21":"tag-direct-velo","22":"tag-directvelo","23":"tag-directvelo-com","24":"tag-epreuve","25":"tag-epreuve-cycliste","26":"tag-federation-francaise-de-cyclisme","27":"tag-ffc","28":"tag-flandres","29":"tag-fr","30":"tag-france","31":"tag-live","32":"tag-live-course","33":"tag-live-epreuve","34":"tag-peloton","35":"tag-radio-peloton","36":"tag-radio-tour","37":"tag-ravitaillement","38":"tag-relance","39":"tag-sports","40":"tag-uci","41":"tag-velo","42":"tag-velos"},"share_on_mastodon":{"url":"https:\/\/pubeurope.com\/@fr\/115575757649975501","error":""},"_links":{"self":[{"href":"https:\/\/www.europesays.com\/fr\/wp-json\/wp\/v2\/posts\/544421","targetHints":{"allow":["GET"]}}],"collection":[{"href":"https:\/\/www.europesays.com\/fr\/wp-json\/wp\/v2\/posts"}],"about":[{"href":"https:\/\/www.europesays.com\/fr\/wp-json\/wp\/v2\/types\/post"}],"author":[{"embeddable":true,"href":"https:\/\/www.europesays.com\/fr\/wp-json\/wp\/v2\/users\/2"}],"replies":[{"embeddable":true,"href":"https:\/\/www.europesays.com\/fr\/wp-json\/wp\/v2\/comments?post=544421"}],"version-history":[{"count":0,"href":"https:\/\/www.europesays.com\/fr\/wp-json\/wp\/v2\/posts\/544421\/revisions"}],"wp:featuredmedia":[{"embeddable":true,"href":"https:\/\/www.europesays.com\/fr\/wp-json\/wp\/v2\/media\/544422"}],"wp:attachment":[{"href":"https:\/\/www.europesays.com\/fr\/wp-json\/wp\/v2\/media?parent=544421"}],"wp:term":[{"taxonomy":"category","embeddable":true,"href":"https:\/\/www.europesays.com\/fr\/wp-json\/wp\/v2\/categories?post=544421"},{"taxonomy":"post_tag","embeddable":true,"href":"https:\/\/www.europesays.com\/fr\/wp-json\/wp\/v2\/tags?post=544421"}],"curies":[{"name":"wp","href":"https:\/\/api.w.org\/{rel}","templated":true}]}}