{"id":544425,"date":"2025-11-19T09:56:20","date_gmt":"2025-11-19T09:56:20","guid":{"rendered":"https:\/\/www.europesays.com\/fr\/544425\/"},"modified":"2025-11-19T09:56:20","modified_gmt":"2025-11-19T09:56:20","slug":"exclu-public-juliette-armanet-enceinte-de-son-deuxieme-enfant-son-joli-ventre-arrondi-devoile","status":"publish","type":"post","link":"https:\/\/www.europesays.com\/fr\/544425\/","title":{"rendered":"Exclu Public : Juliette Armanet enceinte de son deuxi\u00e8me enfant, son joli ventre arrondi d\u00e9voil\u00e9"},"content":{"rendered":"<p>Les fans de Juliette Armanet esp\u00e8rent entendre bient\u00f4t ses nouvelles chansons dans <strong>un troisi\u00e8me album.<\/strong> En effet, m\u00eame si <a href=\"https:\/\/www.public.fr\/elle-ne-m-a-jamais-repondu-juliette-armanet-disparait-apres-avoir-ete-sollicitee-pour-chanter-michel-sardou\" target=\"_blank\" rel=\"noopener\">l&rsquo;artiste de 41 ans<\/a> a fait le show lors de la c\u00e9r\u00e9monie d&rsquo;ouverture des Jeux Olympiques d&rsquo;\u00e9t\u00e9 \u00e0 Paris en 2024 et si elle interpr\u00e8te Les Oiseaux rares en duo avec Theodora dans son dernier album, le sien se fait attendre. Son dernier opus, <strong>Br\u00fbler le feu, est paru en 2021<\/strong>. Depuis, <a href=\"https:\/\/www.public.fr\/the-voice-juliette-armanet-pour-remplacer-zazie-dans-la-nouvelle-saison\" target=\"_blank\" rel=\"noopener\">la star de la chanson fran\u00e7aise<\/a> a <strong>mis la musique de c\u00f4t\u00e9<\/strong> pour se consacrer \u00e0 un autre art.<\/p>\n<p>Pourquoi ce basculement\u00a0? \u00ab\u00a0Je savais que les fins de tourn\u00e9e \u00e9taient dures, mais l\u00e0, je n&rsquo;ai plus eu envie du tout de faire de la musique. <strong>J&rsquo;ai v\u00e9cu une vraie m\u00e9tamorphose<\/strong> pendant ces deux ann\u00e9es o\u00f9 j&rsquo;ai d\u00e9fendu mon album, m\u00eame physiquement, je ne me sentais plus la m\u00eame\u00a0\u00bb confiait Juliette Armanet \u00e0 Paris Match en mai dernier. D\u00e9sormais, <a href=\"https:\/\/www.public.fr\/festival-de-cannes-2025-jour-1-bella-hadid-sublime-eclipse-eva-longoria-juliette-armanet-et-anoushka-delon\" target=\"_blank\" rel=\"noopener\">l&rsquo;interpr\u00e8te du Dernier jour du Disco<\/a> s&rsquo;accomplit <a href=\"https:\/\/www.public.fr\/juliette-armanet-sur-les-traces-de-vanessa-paradis-la-chanteuse-decroche-un-nouveau-role-dans-un-film\" target=\"_blank\" rel=\"noopener\">devant les cam\u00e9ras<\/a>.<\/p>\n<p>En mai dernier, <a href=\"https:\/\/www.public.fr\/juliette-armanet-son-pere-fait-parler-de-lui-les-internautes-sont-persuades-de-voir-didier-barbelivien\" target=\"_blank\" rel=\"noopener\">la Lilloise<\/a> a fait sensation en montant les marches du 78e Festival de Cannes. Cette derni\u00e8re est venue pr\u00e9senter<strong> le film Partir un Jour<\/strong> d&rsquo;Am\u00e9lie Bonnin, projet\u00e9 lors de la c\u00e9r\u00e9monie d&rsquo;ouverture. Six mois plus tard, <a href=\"https:\/\/www.public.fr\/juliette-armanet-forcee-de-creuser-des-trous-dans-la-foret-la-nuit-son-incroyable-et-flippant-premier-job-sur-nrj12\" target=\"_blank\" rel=\"noopener\">la quadrag\u00e9naire<\/a> est <strong>d\u00e9j\u00e0 de retour sur le devant de la sc\u00e8ne<\/strong>. Ce mardi 18\u00a0octobre, Juliette Armanet \u00e9tait \u00e0 l&rsquo;UGC Les Halles \u00e0 Paris pour <strong>l&rsquo;avant-premi\u00e8re du film Les Enfants vont bien<\/strong> de Nathan Ambrosioni qui sortira le 3\u00a0d\u00e9cembre. Mais, surprise\u00a0! Elle <strong>n&rsquo;est pas venue seule.<\/strong><\/p>\n<p>Juliette Armanet, radieuse, est enceinte de son deuxi\u00e8me enfant<\/p>\n<p>Dans ce nouveau film, <a href=\"https:\/\/www.google.com\/url?sa=t&amp;source=web&amp;rct=j&amp;opi=89978449&amp;url=https:\/\/vsd.fr\/80555-pardon-je-ne-voulais-pas-vous-mettre-dans-lembarras-juliette-armanet-pas-tres-a-laise-face-a-anne-elisabeth-lemoine\/&amp;ved=2ahUKEwi__8TAu_2QAxVMUqQEHTe6CfYQFnoECBsQAQ&amp;usg=AOvVaw0FjM5k70P3Tr6D5WDdw9W2\" target=\"_blank\" rel=\"noopener\">celle qui a d\u00e9croch\u00e9 une Victoire de la musique<\/a> en 2018 <strong>partage l&rsquo;affiche avec Camille Cottin et Monia Chokri<\/strong>. Elle y interpr\u00e8te Suzanne, une m\u00e8re de deux enfants. Un r\u00f4le qui tombe \u00e0 pic puisqu&rsquo;\u00e0 l&rsquo;occasion de cette soir\u00e9e \u00e9v\u00e9nementielle, Juliette Armanet a d\u00e9voil\u00e9 <strong>son ventre tr\u00e8s arrondi <\/strong>dans une sublime robe noire moulante accessoiris\u00e9e d&rsquo;une veste noire \u00e0 paillettes et de bottes \u00e0 talons hauts. <a href=\"https:\/\/www.google.com\/url?sa=t&amp;source=web&amp;rct=j&amp;opi=89978449&amp;url=https:\/\/vsd.fr\/44877-juliette-armanet-ses-proches-menaces-suite-aux-critiques-sur-le-tube-de-michel-sardou\/&amp;ved=2ahUKEwi__8TAu_2QAxVMUqQEHTe6CfYQFnoECBoQAQ&amp;usg=AOvVaw3MH00ooQ4YpqYEgLXAQwO9\" target=\"_blank\" rel=\"noopener\">La com\u00e9dienne<\/a> attend<strong> son deuxi\u00e8me enfant<\/strong> comme Public vous le d\u00e9voile dans la vid\u00e9o ci-dessus.<\/p>\n<p>Pour rappel, Juliette Armanet est d\u00e9j\u00e0 l&rsquo;heureuse maman d&rsquo;<strong>un petit gar\u00e7on pr\u00e9nomm\u00e9 Abel<\/strong>, n\u00e9 le 15\u00a0novembre 2018. Son compagnon et p\u00e8re de ses enfants se pr\u00e9nomme <strong>Florent Jacob.<\/strong> Tr\u00e8s <strong>discr\u00e8te sur sa vie priv\u00e9e<\/strong>, on ne sait pratiquement rien de cet homme qui la comble de bonheur si ce n&rsquo;est que, comme elle, il travaille dans le monde du spectacle. En 2018, au magazine Grazia, <a href=\"https:\/\/www.google.com\/url?sa=t&amp;source=web&amp;rct=j&amp;opi=89978449&amp;url=https:\/\/vsd.fr\/70722-camille-cottin-et-juliette-armanet-bientot-reunies-dans-un-film-evenement\/&amp;ved=2ahUKEwi__8TAu_2QAxVMUqQEHTe6CfYQFnoECCUQAQ&amp;usg=AOvVaw3oFk3HEEYH_TVwoM5rh_FU\" target=\"_blank\" rel=\"noopener\">la quadrag\u00e9naire<\/a> le pr\u00e9sentait sobrement comme \u00e9tant un <strong>\u201chomme de th\u00e9\u00e2tre\u201d<\/strong> , \u201c<strong>assistant metteur en sc\u00e8ne\u201d<\/strong>. Maintenant, reste une interrogation\u2026 <strong>F\u00eateront-ils No\u00ebl \u00e0 quatre cette ann\u00e9e\u00a0?<\/strong> Nul ne le sait (\u00e0 part eux bien s\u00fbr\u2026). Quoi qu&rsquo;il en soit, on leur souhaite tout le bonheur du monde.<\/p>\n<p>Toute reproduction interdite sans la mention Public et un lien r\u00e9digeant sur cet article<\/p>\n<p>\n          Hits &amp; People en continu\n        <\/p>\n<p>\n          Public Radio\n        <\/p>\n<p>      Mentionn\u00e9s dans cet article<\/p>\n<p>      Sur le m\u00eame sujet<\/p>\n","protected":false},"excerpt":{"rendered":"Les fans de Juliette Armanet esp\u00e8rent entendre bient\u00f4t ses nouvelles chansons dans un troisi\u00e8me album. En effet, m\u00eame&hellip;\n","protected":false},"author":2,"featured_media":544426,"comment_status":"","ping_status":"","sticky":false,"template":"","format":"standard","meta":{"footnotes":""},"categories":[1359],"tags":[9503,58,847,59,5411,1011,27,196,14765,7629,15761,5875,973],"class_list":{"0":"post-544425","1":"post","2":"type-post","3":"status-publish","4":"format-standard","5":"has-post-thumbnail","7":"category-people","8":"tag-baby","9":"tag-divertissement","10":"tag-enfant","11":"tag-entertainment","12":"tag-exclusivite-public","13":"tag-fr","14":"tag-france","15":"tag-grossesse","16":"tag-juliette-armanet","17":"tag-maman","18":"tag-maternite","19":"tag-mere","20":"tag-people"},"share_on_mastodon":{"url":"https:\/\/pubeurope.com\/@fr\/115575769372831494","error":""},"_links":{"self":[{"href":"https:\/\/www.europesays.com\/fr\/wp-json\/wp\/v2\/posts\/544425","targetHints":{"allow":["GET"]}}],"collection":[{"href":"https:\/\/www.europesays.com\/fr\/wp-json\/wp\/v2\/posts"}],"about":[{"href":"https:\/\/www.europesays.com\/fr\/wp-json\/wp\/v2\/types\/post"}],"author":[{"embeddable":true,"href":"https:\/\/www.europesays.com\/fr\/wp-json\/wp\/v2\/users\/2"}],"replies":[{"embeddable":true,"href":"https:\/\/www.europesays.com\/fr\/wp-json\/wp\/v2\/comments?post=544425"}],"version-history":[{"count":0,"href":"https:\/\/www.europesays.com\/fr\/wp-json\/wp\/v2\/posts\/544425\/revisions"}],"wp:featuredmedia":[{"embeddable":true,"href":"https:\/\/www.europesays.com\/fr\/wp-json\/wp\/v2\/media\/544426"}],"wp:attachment":[{"href":"https:\/\/www.europesays.com\/fr\/wp-json\/wp\/v2\/media?parent=544425"}],"wp:term":[{"taxonomy":"category","embeddable":true,"href":"https:\/\/www.europesays.com\/fr\/wp-json\/wp\/v2\/categories?post=544425"},{"taxonomy":"post_tag","embeddable":true,"href":"https:\/\/www.europesays.com\/fr\/wp-json\/wp\/v2\/tags?post=544425"}],"curies":[{"name":"wp","href":"https:\/\/api.w.org\/{rel}","templated":true}]}}