{"id":544427,"date":"2025-11-19T09:57:08","date_gmt":"2025-11-19T09:57:08","guid":{"rendered":"https:\/\/www.europesays.com\/fr\/544427\/"},"modified":"2025-11-19T09:57:08","modified_gmt":"2025-11-19T09:57:08","slug":"direct-louvre-100-cameras-poste-de-police-la-presidente-directrice-du-musee-detaille-les-mesures-durgence-qui-vont-etre-mises-en-place-bfmtv","status":"publish","type":"post","link":"https:\/\/www.europesays.com\/fr\/544427\/","title":{"rendered":"DIRECT. Louvre: 100 cam\u00e9ras, poste de police&#8230; La pr\u00e9sidente-directrice du mus\u00e9e d\u00e9taille les &quot;mesures d&#039;urgence&quot; qui vont \u00eatre mises en place &#8211; BFMTV"},"content":{"rendered":"<ol>\n<li><a href=\"https:\/\/news.google.com\/rss\/articles\/CBMi-gFBVV95cUxQRHM5amlseWtsSUM0NFRUT0xYeTdFNjBKVEJjdjBvd1l5ZnROMUZKdkpCbWtiNGtERXdTLTIyZXhlWVNiNjFWYmVjWUtnTDZpazFFdXZXbnlDbzJHN0czMHlucUJmaUNrVTM3MTJaeXU5VzI1UHpRRWZEUWVHWGp1LUlna2Juc080TGczNXgzTExrMDl4c0o0WEJFSy15OFNpdVFLcFZnVl9ZeDlYRTJsa21lcTluZGgtaHRFRXlpR2RXMlEtQ1Z1S1czUUJvS1lvV1VMOVpQSHZlQnlScWl0MXBLdHZNNGdQVmI2NkJQWE5PR3FKakR3bV9R?oc=5\" target=\"_blank\" rel=\"nofollow noopener\">DIRECT. Louvre: 100 cam\u00e9ras, poste de police&#8230; La pr\u00e9sidente-directrice du mus\u00e9e d\u00e9taille les \u00ab\u00a0mesures d&rsquo;urgence\u00a0\u00bb qui vont \u00eatre mises en place<\/a>&nbsp;&nbsp;BFMTV<\/li>\n<li><a href=\"https:\/\/news.google.com\/rss\/articles\/CBMimwJBVV95cUxNOWs5YXRwaUNoQjN4blNCajBFdzZRUnEyMF9oaEpxcUpjWlRpX2t2d2x1YW1FQnBKdkdaVDk3M25nUEY1clZ2dmJRdFdnUUE3RjBObnlxRXBwRWQxY1p1OVl1ZmU4SWR6XzNDemhNZERyUUh4YjJrVUh1eHhtem5oR0thUGdWTmxoY01qbTFGcGdxc1ZCSUFSZ0R2WlhhTV9KOEpoejJCYXptMGFDNDdpQWJuYzRLQzBjdEs5TVdzSnJ1cDJPV2xNMkVrRHUxVDVDUjAwa1N4M3lfU3RmeGYyU25BZzlNRnhGSTZtLW5tM1lUWjR3QWxyRGZaai1uaDRjc04tMDRFLWlNX09LTVo4ZWczeEJjdlVPeW9v?oc=5\" target=\"_blank\" rel=\"nofollow noopener\">PORTRAIT. La directrice du Louvre Laurence des Cars, une personnalit\u00e9 en clair-obscur sous le feu des projecteurs<\/a>&nbsp;&nbsp;Ouest-France<\/li>\n<li><a href=\"https:\/\/news.google.com\/rss\/articles\/CBMiggJBVV95cUxONUQ4d0dMQ0FuZXUtNm42UC1ybWNnMi01N3lVa2JmTjJqT1VVS2Jaa1UwZVFqSXpPbks3VkpZQ00ycGdhSWdqZmlmT0ZBZ0V1Y3g4bDk5UEFDNEtMMnBXbm5CLW81STB3ZkxyVG5fbHJSTUtjZE93cDFkazhBdzA4SWFDc0FqWFBBeVN2bDZ1eGM3SnFkNFhaSGV6cDVmaFFLcWNvanExU3ltWnhTelVYbExrdkdseldISVdhLVRaOEpkdWVaY1FGcHNnaF9USEZvYWpnRnNpQ1ZLcWI0aGxkcU44M0xHTlFzdTkzOTloOEFrMUZEX04wYkk5SHo0TnpWX0E?oc=5\" target=\"_blank\" rel=\"nofollow noopener\">Cambriolage au Louvre : \u00ab\u00a0100 cam\u00e9ras seront install\u00e9es d&rsquo;ici la fin de l&rsquo;ann\u00e9e\u00a0\u00bb d\u00e9clare la pr\u00e9sidente du mus\u00e9e<\/a>&nbsp;&nbsp;francebleu.fr<\/li>\n<li><a href=\"https:\/\/news.google.com\/rss\/articles\/CBMi6gFBVV95cUxOT3ljZko5S3dJWk1iRndUX2dMVmEyc2ViV1FFNzh4YkduRDB6S2FDY0ZLcU94OU8wMXE4US1kcUxPYkFOdXdXejdNVGlBQ1BZQnJWSEJueUxpdExNZzFwYnhPSnFweXpDME1fbmx5LVRrTm5mMWJ5ZEhfRmVKNzN0SHVjdC0tRHlsbXpxYkFsTzN1aHMyUkEzeFJqUlFuaHp3THpzcVVUM0ZHa2J6b2Y2dGJKa0U5RUZmTndIakZrYzRWSlVUWnMwOXhlLWFUeUxHcWhHR0ZqZVYtR05lcTdRdUV2UnFaMXdLQnc?oc=5\" target=\"_blank\" rel=\"nofollow noopener\">EN DIRECT &#8211; R\u00e9organisation de la s\u00e9curit\u00e9 au Louvre : de nouvelles salles seront ouvertes avec des mesures de s\u00e9curit\u00e9 moderne<\/a>&nbsp;&nbsp;Le Figaro<\/li>\n<li><a href=\"https:\/\/news.google.com\/rss\/articles\/CBMitwFBVV95cUxQemZ2MFlhU1haOFBKR3djYWZYWGdrV0ZYVExlTXI0bVF6VS1HMzNodzNDVmNCNmQ5Qk0yd1hrVVAwWk9vaThHMW1jY3hROGZhZmRTVUdfNFA4UGVQZVl3S3VNUlo3LVUxYXFRU3IzZUFRM3RoNmREdkRraVc4Z3lYY2w1QzdYYlZZSFlTVWJ3d3A1d2NUNHp0bDZnSWRRalVLTXRSYUJmRURQUGxvU2lVeXBJWUpuYUU?oc=5\" target=\"_blank\" rel=\"nofollow noopener\">\u00abFausses informations\u00bb, \u00abNouvelles mesures de s\u00e9curit\u00e9\u00bb&#8230; Un mois apr\u00e8s les faits, la pr\u00e9sidente du Louvre s&rsquo;est d\u00e9fendue devant les d\u00e9put\u00e9s sur les dysfonctionnements du mus\u00e9e<\/a>&nbsp;&nbsp;CNews<\/li>\n<\/ol>\n","protected":false},"excerpt":{"rendered":"DIRECT. Louvre: 100 cam\u00e9ras, poste de police&#8230; La pr\u00e9sidente-directrice du mus\u00e9e d\u00e9taille les \u00ab\u00a0mesures d&rsquo;urgence\u00a0\u00bb qui vont \u00eatre&hellip;\n","protected":false},"author":2,"featured_media":395849,"comment_status":"","ping_status":"","sticky":false,"template":"","format":"standard","meta":{"footnotes":""},"categories":[1358],"tags":[1348,1384,1385,1386,58,59,1011,27],"class_list":{"0":"post-544427","1":"post","2":"type-post","3":"status-publish","4":"format-standard","5":"has-post-thumbnail","7":"category-arts-et-design","8":"tag-arts","9":"tag-arts-and-design","10":"tag-arts-et-design","11":"tag-design","12":"tag-divertissement","13":"tag-entertainment","14":"tag-fr","15":"tag-france"},"share_on_mastodon":{"url":"https:\/\/pubeurope.com\/@fr\/115575773198699555","error":""},"_links":{"self":[{"href":"https:\/\/www.europesays.com\/fr\/wp-json\/wp\/v2\/posts\/544427","targetHints":{"allow":["GET"]}}],"collection":[{"href":"https:\/\/www.europesays.com\/fr\/wp-json\/wp\/v2\/posts"}],"about":[{"href":"https:\/\/www.europesays.com\/fr\/wp-json\/wp\/v2\/types\/post"}],"author":[{"embeddable":true,"href":"https:\/\/www.europesays.com\/fr\/wp-json\/wp\/v2\/users\/2"}],"replies":[{"embeddable":true,"href":"https:\/\/www.europesays.com\/fr\/wp-json\/wp\/v2\/comments?post=544427"}],"version-history":[{"count":0,"href":"https:\/\/www.europesays.com\/fr\/wp-json\/wp\/v2\/posts\/544427\/revisions"}],"wp:featuredmedia":[{"embeddable":true,"href":"https:\/\/www.europesays.com\/fr\/wp-json\/wp\/v2\/media\/395849"}],"wp:attachment":[{"href":"https:\/\/www.europesays.com\/fr\/wp-json\/wp\/v2\/media?parent=544427"}],"wp:term":[{"taxonomy":"category","embeddable":true,"href":"https:\/\/www.europesays.com\/fr\/wp-json\/wp\/v2\/categories?post=544427"},{"taxonomy":"post_tag","embeddable":true,"href":"https:\/\/www.europesays.com\/fr\/wp-json\/wp\/v2\/tags?post=544427"}],"curies":[{"name":"wp","href":"https:\/\/api.w.org\/{rel}","templated":true}]}}