{"id":544432,"date":"2025-11-19T10:02:13","date_gmt":"2025-11-19T10:02:13","guid":{"rendered":"https:\/\/www.europesays.com\/fr\/544432\/"},"modified":"2025-11-19T10:02:13","modified_gmt":"2025-11-19T10:02:13","slug":"decouvrez-la-nouvelle-comedie-dramatique-belge-attendue-du-26-novembre-2025","status":"publish","type":"post","link":"https:\/\/www.europesays.com\/fr\/544432\/","title":{"rendered":"D\u00e9couvrez la nouvelle com\u00e9die dramatique belge attendue du 26 novembre 2025"},"content":{"rendered":"<p><strong>Vitrival<\/strong>, r\u00e9alis\u00e9 par le duo belge <strong>No\u00eblle Bastin et Baptiste Bogaert<\/strong>, est un film de fiction qui sortira en salles le <strong>26 novembre 2025 en Belgique<\/strong>.<\/p>\n<p>Cette \u0153uvre d\u2019environ 111 minutes s\u2019inscrit dans le genre de la com\u00e9die dramatique et propose une immersion dans une petite communaut\u00e9 avec un humour et une justesse de ton tr\u00e8s appr\u00e9ci\u00e9s par la critique d\u00e8s sa pr\u00e9sentation dans divers festivals.<\/p>\n<p>Synopsis et univers du film<\/p>\n<p>Le r\u00e9cit de Vitrival suit la vie de deux cousins, jou\u00e9s par <strong>Pierre Bastin et Benjamin Lambilotte<\/strong>, qui sont agents de quartier dans ce qui est surnomm\u00e9 le plus beau village du monde. Au fil de leurs patrouilles quotidiennes, ils se trouvent confront\u00e9s \u00e0 une s\u00e9rie d\u2019\u00e9v\u00e9nements graves, notamment une vague inqui\u00e9tante de suicides. Ce contexte sombre est trait\u00e9 avec une approche naturaliste teint\u00e9e d\u2019humour d\u00e9sarmant, qui invite \u00e0 r\u00e9fl\u00e9chir sur la sant\u00e9 mentale, la solidarit\u00e9 et la vie rurale contemporaine.<\/p>\n<p>Le film excelle dans la peinture d\u2019une communaut\u00e9 o\u00f9 chaque personnage porte une part de myst\u00e8re, de tristesse ou d\u2019espoir, rendant le cadre \u00e0 la fois familier et profond\u00e9ment humain. La radio locale, omnipr\u00e9sente, sert de toile de fond sonore et narrative, apportant un sentiment d\u2019immersion dans ce microcosme aux allures parfois intemporelles.<\/p>\n<\/p>\n<p>Les forces de la r\u00e9alisation et de l\u2019\u00e9criture<\/p>\n<p>La collaboration de <strong>No\u00eblle Bastin et Baptiste Bogaert<\/strong> se fait sentir dans la finesse du sc\u00e9nario et la direction d\u2019acteurs. Le film m\u00eale habilement \u00e9clats de rire, silences pesants et sc\u00e8nes poignantes, faisant ressortir la complexit\u00e9 des personnages et des situations. La photographie soigneuse met en valeur les paysages du village et la lumi\u00e8re naturelle, cr\u00e9ant une atmosph\u00e8re authentique et parfois po\u00e9tique.<\/p>\n<p>Le sc\u00e9nario, oscillant entre l\u00e9g\u00e8ret\u00e9 et gravit\u00e9, permet \u00e0 <strong>Vitrival<\/strong> de s\u2019affirmer comme une r\u00e9flexion sur les petits drames de la vie quotidienne, sans jamais tomber dans le pathos excessif. Les dialogues sont cisel\u00e9s, volontiers d\u00e9cal\u00e9s, et renforcent l\u2019attachement du spectateur \u00e0 ces personnages attachants mais parfois imparfaits.<\/p>\n<p>Un film porteur de messages sociaux<\/p>\n<p>Au c\u0153ur de Vitrival se trouve un questionnement sur la sant\u00e9 mentale en milieu rural, un sujet rarement mis en lumi\u00e8re avec autant de justesse au cin\u00e9ma. Le film explore les m\u00e9canismes de l\u2019isolement, mais aussi la solidarit\u00e9 silencieuse qui peut na\u00eetre dans une communaut\u00e9 resserr\u00e9e. La vague de suicides, bien que dramatique, ouvre la porte \u00e0 une nuance subtile entre d\u00e9tresse personnelle et dynamique sociale.<\/p>\n<p>Par ailleurs, la figure des deux cousins- agents de quartier incarne une sorte de double regard : celui de l\u2019observateur ext\u00e9rieur et celui du proche acteur de la vie locale. Cela apporte une dualit\u00e9 int\u00e9ressante qui nourrit la tension narrative sans la rendre forc\u00e9ment tragique.<\/p>\n<p>R\u00e9ception anticip\u00e9e et place dans le cin\u00e9ma belge<\/p>\n<p>Pr\u00e9sent\u00e9 en avant-premi\u00e8re dans plusieurs festivals, notamment le <strong>Festival de Rotterdam, Vitrival<\/strong> a \u00e9t\u00e9 salu\u00e9 pour son originalit\u00e9 et son ton rafra\u00eechissant dans le paysage du cin\u00e9ma belge contemporain. Ce film b\u00e9n\u00e9ficie \u00e9galement d\u2019une distribution solide et d\u2019un soutien critique qui augure d\u2019une belle carri\u00e8re en salles.<\/p>\n<p>Dans le contexte de la production belge, souvent reconnue pour son cin\u00e9ma d\u2019auteur \u00e0 la fois engag\u00e9 et accessible, Vitrival s\u2019inscrit comme un exemple r\u00e9ussi d\u2019un film capable d\u2019associer divertissement et profondeur, tout en questionnant des r\u00e9alit\u00e9s sociales importantes.<\/p>\n<p>Vitrival : la bonne surprise belge<\/p>\n<p>Avec sa sortie programm\u00e9e pour le <strong>26 novembre 2025<\/strong>, <strong>Vitrival<\/strong> est un film \u00e0 surveiller de pr\u00e8s, tant pour les amateurs de com\u00e9dies dramatiques bien \u00e9crites que pour ceux qui s\u2019int\u00e9ressent \u00e0 la repr\u00e9sentation des probl\u00e9matiques rurales actuelles.<\/p>\n<p>Avec sa finesse d\u2019\u00e9criture, ses performances d\u2019acteurs convaincants et sa mise en sc\u00e8ne contemplative, il promet une exp\u00e9rience cin\u00e9matographique humaine, digne des meilleures productions belges.<\/p>\n","protected":false},"excerpt":{"rendered":"Vitrival, r\u00e9alis\u00e9 par le duo belge No\u00eblle Bastin et Baptiste Bogaert, est un film de fiction qui sortira&hellip;\n","protected":false},"author":2,"featured_media":544433,"comment_status":"","ping_status":"","sticky":false,"template":"","format":"standard","meta":{"footnotes":""},"categories":[1354],"tags":[58,59,1346,1011,27,1360],"class_list":{"0":"post-544432","1":"post","2":"type-post","3":"status-publish","4":"format-standard","5":"has-post-thumbnail","7":"category-films","8":"tag-divertissement","9":"tag-entertainment","10":"tag-films","11":"tag-fr","12":"tag-france","13":"tag-movies"},"share_on_mastodon":{"url":"https:\/\/pubeurope.com\/@fr\/115575792894214577","error":""},"_links":{"self":[{"href":"https:\/\/www.europesays.com\/fr\/wp-json\/wp\/v2\/posts\/544432","targetHints":{"allow":["GET"]}}],"collection":[{"href":"https:\/\/www.europesays.com\/fr\/wp-json\/wp\/v2\/posts"}],"about":[{"href":"https:\/\/www.europesays.com\/fr\/wp-json\/wp\/v2\/types\/post"}],"author":[{"embeddable":true,"href":"https:\/\/www.europesays.com\/fr\/wp-json\/wp\/v2\/users\/2"}],"replies":[{"embeddable":true,"href":"https:\/\/www.europesays.com\/fr\/wp-json\/wp\/v2\/comments?post=544432"}],"version-history":[{"count":0,"href":"https:\/\/www.europesays.com\/fr\/wp-json\/wp\/v2\/posts\/544432\/revisions"}],"wp:featuredmedia":[{"embeddable":true,"href":"https:\/\/www.europesays.com\/fr\/wp-json\/wp\/v2\/media\/544433"}],"wp:attachment":[{"href":"https:\/\/www.europesays.com\/fr\/wp-json\/wp\/v2\/media?parent=544432"}],"wp:term":[{"taxonomy":"category","embeddable":true,"href":"https:\/\/www.europesays.com\/fr\/wp-json\/wp\/v2\/categories?post=544432"},{"taxonomy":"post_tag","embeddable":true,"href":"https:\/\/www.europesays.com\/fr\/wp-json\/wp\/v2\/tags?post=544432"}],"curies":[{"name":"wp","href":"https:\/\/api.w.org\/{rel}","templated":true}]}}