{"id":544438,"date":"2025-11-19T10:05:13","date_gmt":"2025-11-19T10:05:13","guid":{"rendered":"https:\/\/www.europesays.com\/fr\/544438\/"},"modified":"2025-11-19T10:05:13","modified_gmt":"2025-11-19T10:05:13","slug":"miss-univers-2025-decouvrez-le-costume-national-deve-gilles-en-hommage-a-jeanne-darc","status":"publish","type":"post","link":"https:\/\/www.europesays.com\/fr\/544438\/","title":{"rendered":"Miss Univers 2025\u00a0: d\u00e9couvrez le costume national d\u2019\u00c8ve Gilles, en hommage \u00e0 Jeanne d\u2019Arc"},"content":{"rendered":"<p class=\"paragraph text_align_left lp-f-body-02\">Un costume en lien avec l\u2019histoire. La Fran\u00e7aise \u00c8ve Gilles a impressionn\u00e9 ce mercredi 19 novembre \u00e0 l\u2019occasion du d\u00e9fil\u00e9 en costume national <a href=\"https:\/\/www.leparisien.fr\/culture-loisirs\/miss-france\/miss-univers-un-organisateur-thailandais-traite-de-debile-miss-mexique-la-tenante-du-titre-et-les-candidates-sindignent-04-11-2025-JEM226XCJ5H5BKIJGQ5A4DYDXI.php\" target=\"_blank\" rel=\"noreferrer nofollow noopener\">pour l\u2019\u00e9lection de Miss Univers 2025<\/a>. La Miss France 2024 \u00e9tait v\u00eatue d\u2019un ensemble argent\u00e9 en hommage \u00e0 Jeanne d\u2019Arc, une tenue dont elle voulait garder la surprise \u00ab jusqu\u2019au dernier moment \u00bb, avait-on appris aupr\u00e8s de son entourage.<\/p>\n<p class=\"paragraph text_align_left lp-f-body-02\">En plus de ce costume aux multiples pi\u00e8ces, la repr\u00e9sentante fran\u00e7aise de la comp\u00e9tition annuelle, <a href=\"https:\/\/www.leparisien.fr\/culture-loisirs\/miss-france\/miss-univers-2025-pour-la-premiere-fois-deux-participantes-ont-plus-de-40-ans-28-10-2025-IL3E5PFKKRHUVCNL6S5YXLXO6M.php\" target=\"_blank\" rel=\"noreferrer nofollow noopener\">dont la finale de la 74e \u00e9dition se d\u00e9roulera \u00e0 Pak Kret<\/a> pr\u00e8s de Bangkok (Tha\u00eflande) ce vendredi, s\u2019est pr\u00e9sent\u00e9e sur sc\u00e8ne munie d\u2019un drapeau blanc illustr\u00e9 de la colombe de la paix, orn\u00e9 d\u2019un ruban aux couleurs tricolores. <\/p>\n<p class=\"paragraph text_align_left lp-f-body-02\">\u00ab J\u2019ai choisi cette femme inspirante pour repr\u00e9senter mon pays pour lui rendre hommage et maintenir son histoire dans nos m\u00e9moires (&#8230;). Dans un monde aussi divis\u00e9, je voulais incarner cette guerri\u00e8re engag\u00e9e pour la paix \u00bb, a expliqu\u00e9 la jeune femme sur Instagram. Un choix qui fait \u00e9galement \u00e9cho \u00e0 son histoire familiale, puisqu\u2019au moment de la cr\u00e9ation de la tenue, \u00c8ve Gilles est retourn\u00e9e \u00e0 Cilaos, ville de La R\u00e9union dont est originaire sa m\u00e8re. \u00ab J\u2019y suis all\u00e9e plusieurs fois, mais je ne m\u2019\u00e9tais jamais rendue compte avant qu\u2019il y avait une repr\u00e9sentation de Jeanne d\u2019Arc \u00bb<\/p>\n<p>Une pr\u00e9paration intense pour l\u2019ancienne Miss Nord-Pas-de-Calais<\/p>\n<p class=\"paragraph text_align_left lp-f-body-02\">\u00c8ve Gilles <a href=\"https:\/\/www.leparisien.fr\/culture-loisirs\/tv\/miss-france-2024-eve-gilles-miss-nord-pas-de-calais-remporte-le-concours-de-reine-de-beaute-17-12-2023-TSNY7JQBMNGUNDDM2INDDJKZJE.php\" target=\"_blank\" rel=\"noreferrer nofollow noopener\">avait \u00e9t\u00e9 sacr\u00e9e en d\u00e9cembre 2023<\/a> \u00e0 Dijon (C\u00f4te-d\u2019Or) lors de la 94e \u00e9dition du concours de beaut\u00e9 national. D\u00e9sormais \u00e2g\u00e9e de 22 ans, elle nous a confi\u00e9 fin octobre avoir suivi une intense pr\u00e9paration physique et mentale \u00ab avec du sport et du catwalk \u00bb, \u00e0 savoir des exercices pour apprendre \u00e0 d\u00e9filer comme une mannequin. \u00ab Il faut r\u00e9ussir \u00e0 tout g\u00e9rer avant le d\u00e9part, <a href=\"https:\/\/www.leparisien.fr\/culture-loisirs\/tv\/miss-univers-2024-indira-ampiot-devoile-un-incroyable-costume-national-en-hommage-au-drapeau-francais-15-11-2024-QKDRBDYY2FGWRJP7NV6HTIO53M.php\" target=\"_blank\" rel=\"noreferrer nofollow noopener\">le costume national<\/a>, les tenues de sc\u00e8ne, mais aussi la logistique et les prises de parole. Cela demande une longue pr\u00e9paration et surtout de cr\u00e9er une vraie bulle autour de moi, avec mes proches et la soci\u00e9t\u00e9 Miss France \u00bb, avait-elle ajout\u00e9.<\/p>\n<p class=\"paragraph text_align_left lp-f-body-02\">La <a href=\"https:\/\/www.leparisien.fr\/culture-loisirs\/miss-france\/eve-gilles-la-miss-france-qui-va-rendre-sa-couronne-cette-annee-ma-fait-prendre-dix-ans-dun-coup-19-10-2024-PTAQG6P63NB4JHGA2ZRCXYAGFE.php\" target=\"_blank\" rel=\"noreferrer nofollow noopener\">Fran\u00e7aise est en concurrence<\/a> avec pas moins de 120 autres candidates venues du monde entier. Durant cette comp\u00e9tition qui se tient sur plusieurs jours, elle a d\u00e9j\u00e0 pass\u00e9 <a href=\"https:\/\/www.leparisien.fr\/sports\/football\/il-incarne-lexcellence-lex-star-du-foot-francais-claude-makelele-choisi-pour-integrer-le-jury-de-miss-univers-2025-31-10-2025-I7ONR5S75VAQTN2MAPJMKVYWYA.php\" target=\"_blank\" rel=\"noreferrer nofollow noopener\">plusieurs \u00e9preuves<\/a>, dont les d\u00e9fil\u00e9s en maillot de bain et en robe de soir\u00e9e. Elle esp\u00e8re au minimum se qualifier parmi les 30 finalistes, et qui sait, peut-\u00eatre s\u2019emparer de la couronne.<\/p>\n<p class=\"paragraph text_align_left lp-f-body-02\">L\u2019<a href=\"https:\/\/www.leparisien.fr\/culture-loisirs\/miss-france\/eve-gilles-miss-france-2024-revele-sa-maladie-javais-un-nombre-incalculable-de-crises-26-10-2024-5UNA5YGZ6JDGLKUXZOLX7ET6QA.php\" target=\"_blank\" rel=\"noreferrer nofollow noopener\">ex-Miss-Nord-Pas-de-Calais<\/a> deviendrait alors la troisi\u00e8me Fran\u00e7aise sacr\u00e9e Miss Univers, neuf ans apr\u00e8s une autre jeune femme issue des Hauts-de-France, <a href=\"https:\/\/www.leparisien.fr\/culture-loisirs\/tv\/des-propos-mensongers-accusee-de-tromperie-iris-mittenaere-dit-avoir-porte-plainte-pour-diffamation-et-cyberharcelement-12-06-2025-LU67EVFS6VC3NJAMNFP6Z4JPM4.php\" target=\"_blank\" rel=\"noreferrer nofollow noopener\">Iris Mittenaere<\/a>. L\u2019\u00e9lection de Miss Univers 2025 sera retransmise sur Paris Premi\u00e8re dans la nuit de jeudi \u00e0 vendredi d\u00e8s 2 heures du matin.<\/p>\n","protected":false},"excerpt":{"rendered":"Un costume en lien avec l\u2019histoire. La Fran\u00e7aise \u00c8ve Gilles a impressionn\u00e9 ce mercredi 19 novembre \u00e0 l\u2019occasion&hellip;\n","protected":false},"author":2,"featured_media":544439,"comment_status":"","ping_status":"","sticky":false,"template":"","format":"standard","meta":{"footnotes":""},"categories":[8],"tags":[872,58,59,1011,27,3034],"class_list":{"0":"post-544438","1":"post","2":"type-post","3":"status-publish","4":"format-standard","5":"has-post-thumbnail","7":"category-divertissement","8":"tag-culture-et-loisirs","9":"tag-divertissement","10":"tag-entertainment","11":"tag-fr","12":"tag-france","13":"tag-miss-france"},"share_on_mastodon":{"url":"https:\/\/pubeurope.com\/@fr\/115575804965221731","error":""},"_links":{"self":[{"href":"https:\/\/www.europesays.com\/fr\/wp-json\/wp\/v2\/posts\/544438","targetHints":{"allow":["GET"]}}],"collection":[{"href":"https:\/\/www.europesays.com\/fr\/wp-json\/wp\/v2\/posts"}],"about":[{"href":"https:\/\/www.europesays.com\/fr\/wp-json\/wp\/v2\/types\/post"}],"author":[{"embeddable":true,"href":"https:\/\/www.europesays.com\/fr\/wp-json\/wp\/v2\/users\/2"}],"replies":[{"embeddable":true,"href":"https:\/\/www.europesays.com\/fr\/wp-json\/wp\/v2\/comments?post=544438"}],"version-history":[{"count":0,"href":"https:\/\/www.europesays.com\/fr\/wp-json\/wp\/v2\/posts\/544438\/revisions"}],"wp:featuredmedia":[{"embeddable":true,"href":"https:\/\/www.europesays.com\/fr\/wp-json\/wp\/v2\/media\/544439"}],"wp:attachment":[{"href":"https:\/\/www.europesays.com\/fr\/wp-json\/wp\/v2\/media?parent=544438"}],"wp:term":[{"taxonomy":"category","embeddable":true,"href":"https:\/\/www.europesays.com\/fr\/wp-json\/wp\/v2\/categories?post=544438"},{"taxonomy":"post_tag","embeddable":true,"href":"https:\/\/www.europesays.com\/fr\/wp-json\/wp\/v2\/tags?post=544438"}],"curies":[{"name":"wp","href":"https:\/\/api.w.org\/{rel}","templated":true}]}}