{"id":544442,"date":"2025-11-19T10:07:14","date_gmt":"2025-11-19T10:07:14","guid":{"rendered":"https:\/\/www.europesays.com\/fr\/544442\/"},"modified":"2025-11-19T10:07:14","modified_gmt":"2025-11-19T10:07:14","slug":"engie-edf-ce-quils-preparent-en-coulisses-ces-5-fournisseurs-pour-nourrir-lappetit-insatiable-de-lia","status":"publish","type":"post","link":"https:\/\/www.europesays.com\/fr\/544442\/","title":{"rendered":"Engie, EDF&#8230; Ce qu&rsquo;ils pr\u00e9parent en coulisses ces 5 fournisseurs pour nourrir l&rsquo;app\u00e9tit insatiable de l&rsquo;IA"},"content":{"rendered":"<p>              <img decoding=\"async\" class=\"article-author__picture webp\" src=\"https:\/\/www.europesays.com\/fr\/wp-content\/uploads\/2025\/04\/matias-perea-85px.jpg.webp\" alt=\"Matias Perea\"\/><\/p>\n<p class=\"article-author__info--name\"> Par<br \/>\n                      <a href=\"https:\/\/selectra.info\/equipe\/matias\" target=\"_blank\" rel=\"noopener author nofollow\"> Matias Perea <\/a><\/p>\n<p class=\"article-author__info--description\"> Analyste \u00c9nergie <\/p>\n<p>        Publi\u00e9 le<\/p>\n<p>                                18\/11\/2025<\/p>\n<p>            min de lecture\n        <\/p>\n<p>Sauf indication contraire, tous les prix pr\u00e9sent\u00e9s sur cette page sont TTC.<\/p>\n<p>  <img decoding=\"async\" class=\"new-ads__card-logo\" src=\"https:\/\/www.europesays.com\/fr\/wp-content\/uploads\/2025\/04\/ampoule-animee.gif\" alt=\"logo\" loading=\"lazy\"\/><\/p>\n<p class=\"new-ads__card-title\">\ufe0fChangez de fournisseur avec Selectra !<\/p>\n<p class=\"new-ads__card-description\">Pour faire des \u00e9conomies sur vos factures d&rsquo;\u00e9lectricit\u00e9 et de gaz, c&rsquo;est ici :<\/p>\n<p>        <img decoding=\"async\" class=\"new-ads__card-logo\" src=\"https:\/\/www.europesays.com\/fr\/wp-content\/uploads\/2025\/06\/primeo-xs.png\" alt=\"logo\" loading=\"lazy\"\/><\/p>\n<p class=\"new-ads__card-title\">L&rsquo;offre du moment \u00e0 -20 % (HT) par rapport au tarif r\u00e9glement\u00e9<\/p>\n<p class=\"new-ads__card-description\">Une offre \u00e0 prix fixe moins ch\u00e8re<\/p>\n<p class=\"intro\">L&rsquo;intelligence artificielle est partout. Dans nos t\u00e9l\u00e9phones, nos applications, nos conversations. Son image est celle d&rsquo;une technologie immat\u00e9rielle, une sorte de cerveau num\u00e9rique flottant dans le cloud. Pourtant, chaque requ\u00eate sur un chatbot, chaque image g\u00e9n\u00e9r\u00e9e, chaque calcul complexe se d\u00e9roule dans d&rsquo;immenses centres de donn\u00e9es qui consomment autant d&rsquo;\u00e9nergie que des villes enti\u00e8res. Alors que la demande d&rsquo;\u00e9lectricit\u00e9 en provenance de l&rsquo;intelligence artificielle explose, certains fournisseurs d&rsquo;\u00e9nergie europ\u00e9ens sont en train de devenir les v\u00e9ritables pivots de cette r\u00e9volution num\u00e9rique.<\/p>\n<p>La face cach\u00e9e de l&rsquo;IA : des centres de donn\u00e9es aux app\u00e9tits d\u00e9mesur\u00e9s<\/p>\n<p>Invisible au premier abord, le moteur physique de l&rsquo;IA, ce sont les centres de donn\u00e9es. Des b\u00e2timents gigantesques, remplis de <strong>milliers de serveurs informatiques<\/strong> qui tournent 24 heures sur 24, 7 jours sur 7. Et ces serveurs ne font pas que calculer : ils chauffent. \u00c9norm\u00e9ment. Une part consid\u00e9rable de leur consommation \u00e9lectrique est d&rsquo;ailleurs d\u00e9di\u00e9e \u00e0 leur propre refroidissement, pour \u00e9viter la surchauffe g\u00e9n\u00e9ralis\u00e9e.<\/p>\n<p>Les chiffres donnent le vertige. Selon les analystes, la demande en \u00e9lectricit\u00e9 de ces centres repr\u00e9sente d\u00e9j\u00e0 environ <a href=\"https:\/\/entreprises.selectra.info\/energie\/profils\/data-centers\/consommation-energie\" rel=\"nofollow noopener\" target=\"_blank\">3 % de la consommation totale en Europe<\/a>. Un chiffre qui peut para\u00eetre modeste, mais qui explose dans certaines r\u00e9gions, <strong>d\u00e9passant les 20 % en Irlande<\/strong>, devenue une plaque tournante pour les g\u00e9ants de la tech.\u00a0<\/p>\n<p>Les projections sont encore plus saisissantes : les demandes de raccordement de nouveaux centres de donn\u00e9es au r\u00e9seau europ\u00e9en atteindraient 280 gigawatts, soit <strong>90 % de la demande de puissance actuelle de l\u2019UE<\/strong>. Bien qu&rsquo;il s&rsquo;agisse ici de dossiers de demande et non de projets d\u00e9j\u00e0 sortis de terre, cette pression administrative illustre le choc \u00e9lectrique colossal qui se pr\u00e9pare.<\/p>\n<p>Des g\u00e9ants de l&rsquo;\u00e9nergie en premi\u00e8re ligne pour nourrir la b\u00eate<\/p>\n<p>Face \u00e0 cette demande explosive, la question n&rsquo;est plus de savoir s&rsquo;il faut produire plus d&rsquo;\u00e9lectricit\u00e9, mais qui est capable de le faire. Les g\u00e9ants de la tech ne cherchent pas n&rsquo;importe quelle \u00e9nergie : ils ont besoin de <strong>volumes tr\u00e8s importants<\/strong>, d&rsquo;une fiabilit\u00e9 \u00e0 toute \u00e9preuve, et, de plus en plus, d&rsquo;<strong>une source bas-carbone<\/strong> pour verdir leur image. Seuls quelques acteurs en Europe sont arm\u00e9s pour r\u00e9pondre \u00e0 ce cahier des charges colossal.<\/p>\n<p>Pour s\u00e9curiser leur approvisionnement sur le long terme, les \u00ab\u00a0Big Tech\u00a0\u00bb signent des contrats sp\u00e9cifiques, les PPA (Power Purchase Agreements). Il s&rsquo;agit de contrats d&rsquo;achat d&rsquo;\u00e9lectricit\u00e9 \u00e0 tr\u00e8s long terme, directement aupr\u00e8s des producteurs. Cette tendance redessine le paysage \u00e9nerg\u00e9tique et place une poign\u00e9e d&rsquo;\u00e9nerg\u00e9ticiens au c\u0153ur du r\u00e9acteur de l&rsquo;IA. Les analystes s&rsquo;accordent sur cinq noms qui sortent du lot : EDF, Engie, RWE, Elia Group et National Grid<\/p>\n<p>  <img decoding=\"async\" class=\"new-ads__card-logo\" src=\"https:\/\/www.europesays.com\/fr\/wp-content\/uploads\/2025\/10\/green.png\" alt=\"logo\" loading=\"lazy\"\/><\/p>\n<p class=\"new-ads__card-title\">Une offre verte fixe au prix attractif, c&rsquo;est possible !<\/p>\n<p class=\"new-ads__card-description\">Passez \u00e0 l&rsquo;\u00e9lectricit\u00e9 verte avec Primeo<\/p>\n<p>        <img decoding=\"async\" class=\"new-ads__card-logo\" src=\"https:\/\/www.europesays.com\/fr\/wp-content\/uploads\/2025\/06\/primeo-xs.png\" alt=\"logo\" loading=\"lazy\"\/><\/p>\n<p class=\"new-ads__card-title\">L&rsquo;offre du moment \u00e0 -20 % (HT) par rapport au tarif r\u00e9glement\u00e9<\/p>\n<p class=\"new-ads__card-description\">Une offre \u00e0 prix fixe moins ch\u00e8re<\/p>\n<p>EDF et Engie, au c\u0153ur de la strat\u00e9gie IA<\/p>\n<p>Pour accueillir des centres de donn\u00e9es, la France dispose d&rsquo;un atout de taille : <a href=\"https:\/\/selectra.info\/energie\/guides\/comprendre\/nucleaire\" rel=\"nofollow noopener\" target=\"_blank\"><strong>son parc nucl\u00e9aire<\/strong><\/a>. Gr\u00e2ce \u00e0 lui, le pays dispose d&rsquo;une production d&rsquo;\u00e9lectricit\u00e9 massive, d\u00e9carbon\u00e9e, fiable et souvent exc\u00e9dentaire. En 2024, <strong>la France a export\u00e9 pr\u00e8s de 89 TWh<\/strong>, ce qui lui donne une marge de man\u0153uvre consid\u00e9rable pour absorber de nouveaux consommateurs XXL.<\/p>\n<p>Et derri\u00e8re cette puissance, l\u2019acteur incontournable s\u2019appelle <a href=\"https:\/\/selectra.info\/energie\/fournisseurs\/edf\" rel=\"nofollow noopener\" target=\"_blank\">EDF<\/a>. M\u00eame si l\u2019entreprise n\u2019est plus cot\u00e9e, elle reste la cl\u00e9 de vo\u00fbte du syst\u00e8me \u00e9lectrique fran\u00e7ais : <strong>premier producteur d\u2019\u00e9lectricit\u00e9 en Europe<\/strong>, op\u00e9rateur de l\u2019int\u00e9gralit\u00e9 du parc nucl\u00e9aire, et pivot de la stabilit\u00e9 du r\u00e9seau. EDF est l\u2019un des tr\u00e8s rares \u00e9nerg\u00e9ticiens europ\u00e9ens capables d\u2019alimenter des demandes tr\u00e8s importantes d&rsquo;\u00e9lectricit\u00e9<strong> avec une \u00e9nergie \u00e0 tr\u00e8s faible intensit\u00e9 carbone<\/strong>. C\u2019est pr\u00e9cis\u00e9ment ce que recherchent les g\u00e9ants de l\u2019IA.<\/p>\n<p>Le groupe avance d&rsquo;ailleurs sur plusieurs fronts pour attirer les futurs data centers. EDF a commenc\u00e9 \u00e0 proposer certains terrains strat\u00e9giques, anciens sites thermiques ou fonciers industriels sous-utilis\u00e9s, d\u00e9j\u00e0 bien connect\u00e9s au r\u00e9seau, afin d\u2019y accueillir <strong>des data centers \u00ab cl\u00e9 en main \u00bb<\/strong>, \u00e0 proximit\u00e9 imm\u00e9diate de capacit\u00e9s de production ou de postes \u00e9lectriques lourds. L\u2019objectif est de <strong>raccourcir les d\u00e9lais de raccordement<\/strong>, un frein majeur dans le reste de l\u2019Europe.<\/p>\n<p>Cette volont\u00e9 d\u2019acc\u00e9l\u00e9rer fait \u00e9cho au discours appuy\u00e9 d\u2019Emmanuel Macron, qui a plusieurs fois martel\u00e9 sa ligne directrice : \u00ab plug, baby, plug \u00bb, autrement dit, il faut raccorder vite, ouvrir les vannes, permettre aux acteurs du cloud et de l\u2019IA de s\u2019installer sans les blocages bureaucratiques habituels.\u00a0<\/p>\n<blockquote>\n<p>Dans ce monde, j\u2019ai un bon ami de l\u2019autre c\u00f4t\u00e9 de l\u2019oc\u00e9an (Atlantique) qui dit \u201cdrill, baby, drill\u201d. Ici il n\u2019y a pas besoin de forer. Just plug, baby, plug ! L\u2019\u00e9lectricit\u00e9 est disponible. Vous pouvez vous brancher. C\u2019est pr\u00eat<\/p>\n<p>Emmanuel Macron -Sommet mondial de l&rsquo;IA \u00e0 Paris le 11 f\u00e9vrier 2025<\/p>\n<\/blockquote>\n<p>EDF n\u2019est pas seulement nucl\u00e9aire. Via <strong>EDF Renouvelables<\/strong>, le groupe signe d\u00e9sormais des PPAs importants avec des industriels et des acteurs du num\u00e9rique : solaire, \u00e9olien, hybridations\u2026 L\u2019id\u00e9e est d\u2019offrir un mix tr\u00e8s bas carbone, mais aussi de r\u00e9pondre aux exigences de ces acteurs qui veulent combiner \u00e9nergies renouvelables et alimentation 24\/7 garantie par le parc nucl\u00e9aire.\u00a0<\/p>\n<p>Dans ce contexte, et m\u00eame si EDF reste l\u2019op\u00e9rateur nucl\u00e9aire central, <a href=\"https:\/\/selectra.info\/energie\/fournisseurs\/engie\" rel=\"nofollow noopener\" target=\"_blank\">Engie<\/a> tire \u00e9galement son \u00e9pingle du jeu. L\u2019\u00e9nerg\u00e9ticien s\u2019est impos\u00e9 comme l\u2019un des poids lourds mondiaux des \u00e9nergies renouvelables avec plus de 4 GW de nouveaux PPAs sign\u00e9s en 2024, dont une part importante avec les g\u00e9ants de la tech.\u00a0<\/p>\n<p>Le groupe fournit d\u00e9j\u00e0 de l\u2019\u00e9lectricit\u00e9 verte \u00e0 <strong>Google, Microsoft, Amazon, Meta<\/strong> ou encore \u00e0 des op\u00e9rateurs de data centers comme Digital Realty et Iliad\/Scaleway, avec des contrats qui se chiffrent souvent en centaines de m\u00e9gawatts. Engie cumule d\u00e9sormais plus de 14 GW de PPAs renouvelables actifs, un volume rare en Europe, qui le positionne comme un partenaire de choix pour les acteurs du num\u00e9rique cherchant \u00e0 s\u00e9curiser des approvisionnements en \u00e9nergie bas carbone <strong>sur 10 \u00e0 20 ans<\/strong>.<\/p>\n<p>TotalEnergies : l&rsquo;autre g\u00e9ant fran\u00e7ais dans la course<\/p>\n<p>Il serait imprudent de r\u00e9sumer cette bataille aux seuls \u00e9lectriciens historiques. <a href=\"https:\/\/selectra.info\/energie\/fournisseurs\/totalenergies\" rel=\"nofollow noopener\" target=\"_blank\"><strong>TotalEnergies<\/strong><\/a> d\u00e9montre qu&rsquo;il est d\u00e9sormais un interlocuteur privil\u00e9gi\u00e9 de la Silicon Valley. Pour preuve, le groupe vient de conclure <strong>un accord monumental avec Google<\/strong> : fournir 1,5 TWh d&rsquo;\u00e9lectricit\u00e9 solaire par an pendant 15 ans pour alimenter ses serveurs aux \u00c9tats-Unis. C&rsquo;est l&rsquo;\u00e9quivalent de la consommation r\u00e9sidentielle d&rsquo;<strong>une ville comme Nantes<\/strong> !<\/p>\n<p>Avec des contrats similaires d\u00e9j\u00e0 sign\u00e9s avec Amazon et Microsoft, la major fran\u00e7aise s&rsquo;impose comme un fournisseur cl\u00e9 pour l&rsquo;infrastructure mondiale de l&rsquo;IA.<\/p>\n<p>RWE : le virage vert de l&rsquo;Allemagne au service de la tech<\/p>\n<p>L&rsquo;histoire de <strong>RWE<\/strong> est celle d&rsquo;une transformation spectaculaire. Ancien g\u00e9ant allemand du charbon, l&rsquo;entreprise a op\u00e9r\u00e9 un virage strat\u00e9gique radical pour devenir l&rsquo;<strong>un des leaders mondiaux des \u00e9nergies renouvelables<\/strong>. Cette transition la place aujourd&rsquo;hui dans une position id\u00e9ale pour r\u00e9pondre aux besoins de la tech.<\/p>\n<p>La preuve en est les contrats d\u00e9j\u00e0 sign\u00e9s. RWE fournit d\u00e9j\u00e0 de l&rsquo;\u00e9nergie verte via des PPA \u00e0 des acteurs comme Amazon Web Services au niveau mondial. Plus concr\u00e8tement encore, l&rsquo;entreprise alimente directement des campus de centres de donn\u00e9es, comme celui de Telehouse \u00e0 Londres. C&rsquo;est un exemple parfait de la synergie entre la transition \u00e9nerg\u00e9tique et la r\u00e9volution num\u00e9rique.<\/p>\n<p>Elia Group et National Grid : les ma\u00eetres des autoroutes \u00e9lectriques<\/p>\n<p>Produire de l&rsquo;\u00e9lectricit\u00e9, c&rsquo;est une chose. L&rsquo;acheminer jusqu&rsquo;\u00e0 ces nouveaux \u00ab\u00a0hyper-consommateurs\u00a0\u00bb, c&rsquo;en est une autre. C&rsquo;est le r\u00f4le crucial des gestionnaires de r\u00e9seaux de transport, les \u00ab\u00a0autoroutes de l&rsquo;\u00e9lectricit\u00e9\u00a0\u00bb. Dans ce domaine, le Belge <strong>Elia Group<\/strong> (qui op\u00e8re en Belgique et en Allemagne) et le Britannique <strong>National Grid<\/strong> sont des acteurs incontournables.<\/p>\n<p>Leur r\u00f4le est de <strong>moderniser et de renforcer les r\u00e9seaux<\/strong> pour supporter ces nouvelles charges massives. National Grid a d\u00e9j\u00e0 r\u00e9v\u00e9l\u00e9 que plus de <strong>la moiti\u00e9 de ses nouvelles demandes de raccordement proviennent de centres de donn\u00e9es<\/strong>. Leur position est strat\u00e9gique : sans eux, pas de connexion possible entre les centrales de production et les serveurs de l&rsquo;IA.<\/p>\n<p>  <img decoding=\"async\" class=\"new-ads__card-logo\" src=\"https:\/\/www.europesays.com\/fr\/wp-content\/uploads\/2025\/04\/ampoule-animee.gif\" alt=\"logo\" loading=\"lazy\"\/><\/p>\n<p class=\"new-ads__card-title\">Trouvez un fournisseur moins cher !<\/p>\n<p class=\"new-ads__card-description\">Obtenez votre comparatif par t\u00e9l\u00e9phone avec Selectra<\/p>\n<p>        <img decoding=\"async\" class=\"new-ads__card-logo\" src=\"https:\/\/www.europesays.com\/fr\/wp-content\/uploads\/2025\/06\/primeo-xs.png\" alt=\"logo\" loading=\"lazy\"\/><\/p>\n<p class=\"new-ads__card-title\">L&rsquo;offre du moment \u00e0 -20 % (HT) par rapport au tarif r\u00e9glement\u00e9<\/p>\n<p class=\"new-ads__card-description\">Une offre \u00e0 prix fixe moins ch\u00e8re<\/p>\n<p>      Avez-vous trouv\u00e9 cet article utile ?<\/p>\n<p>100% des 1 votes trouvent l&rsquo;information utile.<\/p>\n","protected":false},"excerpt":{"rendered":"Par Matias Perea Analyste \u00c9nergie Publi\u00e9 le 18\/11\/2025 min de lecture Sauf indication contraire, tous les prix pr\u00e9sent\u00e9s&hellip;\n","protected":false},"author":2,"featured_media":544443,"comment_status":"","ping_status":"","sticky":false,"template":"","format":"standard","meta":{"footnotes":""},"categories":[6],"tags":[35,33,34,1011,27],"class_list":{"0":"post-544442","1":"post","2":"type-post","3":"status-publish","4":"format-standard","5":"has-post-thumbnail","7":"category-economie","8":"tag-business","9":"tag-economie","10":"tag-economy","11":"tag-fr","12":"tag-france"},"share_on_mastodon":{"url":"https:\/\/pubeurope.com\/@fr\/115575813147090194","error":""},"_links":{"self":[{"href":"https:\/\/www.europesays.com\/fr\/wp-json\/wp\/v2\/posts\/544442","targetHints":{"allow":["GET"]}}],"collection":[{"href":"https:\/\/www.europesays.com\/fr\/wp-json\/wp\/v2\/posts"}],"about":[{"href":"https:\/\/www.europesays.com\/fr\/wp-json\/wp\/v2\/types\/post"}],"author":[{"embeddable":true,"href":"https:\/\/www.europesays.com\/fr\/wp-json\/wp\/v2\/users\/2"}],"replies":[{"embeddable":true,"href":"https:\/\/www.europesays.com\/fr\/wp-json\/wp\/v2\/comments?post=544442"}],"version-history":[{"count":0,"href":"https:\/\/www.europesays.com\/fr\/wp-json\/wp\/v2\/posts\/544442\/revisions"}],"wp:featuredmedia":[{"embeddable":true,"href":"https:\/\/www.europesays.com\/fr\/wp-json\/wp\/v2\/media\/544443"}],"wp:attachment":[{"href":"https:\/\/www.europesays.com\/fr\/wp-json\/wp\/v2\/media?parent=544442"}],"wp:term":[{"taxonomy":"category","embeddable":true,"href":"https:\/\/www.europesays.com\/fr\/wp-json\/wp\/v2\/categories?post=544442"},{"taxonomy":"post_tag","embeddable":true,"href":"https:\/\/www.europesays.com\/fr\/wp-json\/wp\/v2\/tags?post=544442"}],"curies":[{"name":"wp","href":"https:\/\/api.w.org\/{rel}","templated":true}]}}