{"id":544446,"date":"2025-11-19T10:09:12","date_gmt":"2025-11-19T10:09:12","guid":{"rendered":"https:\/\/www.europesays.com\/fr\/544446\/"},"modified":"2025-11-19T10:09:12","modified_gmt":"2025-11-19T10:09:12","slug":"que-se-passe-t-il-a-canteleu-ce-mercredi","status":"publish","type":"post","link":"https:\/\/www.europesays.com\/fr\/544446\/","title":{"rendered":"que se passe-t-il \u00e0 Canteleu ce mercredi\u00a0?"},"content":{"rendered":"<p>                    Par<br \/>\n        <strong><br \/>\n            <a href=\"https:\/\/actu.fr\/auteur\/eaube\" title=\"Consulter tous les articles de Elo\u00efse Aub\u00e9\" rel=\"nofollow noopener\" target=\"_blank\">Elo\u00efse Aub\u00e9<\/a><br \/>\n                    <\/strong><\/p>\n<p>        Publi\u00e9 le<\/p>\n<p>            19 nov. 2025 \u00e0 10h13<br \/>\n        ; mis \u00e0 jour le 19 nov. 2025 \u00e0 11h01    <\/p>\n<p>Depuis environ 8 heures, ce mercredi 19 novembre 2025, <strong>une intervention de police est en cours \u00e0 Canteleu<\/strong>, pr\u00e8s de <a href=\"https:\/\/actu.fr\/normandie\/rouen_76540\" rel=\"nofollow noopener\" target=\"_blank\">Rouen<\/a>. Plus pr\u00e9cis\u00e9ment au niveau de l\u2019avenue Gounod et la rue Camille-Pissaro.<\/p>\n<p class=\" wall-content\">\u00ab\u2009Un p\u00e9rim\u00e8tre de s\u00e9curit\u00e9 est mis en place\u2009\u00bb, indique la municipalit\u00e9.\u00a0Les forces de l\u2019ordre conseillent vivement d\u2019\u00e9viter le secteur.<\/p>\n<p>Que se passe-t-il\u2009?<\/p>\n<p class=\" wall-content\">Selon les premiers \u00e9l\u00e9ments confirm\u00e9s par la municipalit\u00e9 \u00e0 76actu, <strong>un homme est<\/strong> <strong>retranch\u00e9 chez lui<\/strong>, dans un immeuble, et \u00ab\u2009serait arm\u00e9\u2009\u00bb. On ignore encore s\u2019il est seul ou non. \u00ab\u00a0Par mesure de pr\u00e9caution, l\u2019immeuble a \u00e9t\u00e9 \u00e9vacu\u00e9\u00a0\u00bb, indique la pr\u00e9fecture de Seine-Maritime.\u00a0<\/p>\n<p class=\" wall-content\">Le RAID (l\u2019unit\u00e9 d\u2019intervention de la police) est arriv\u00e9 sur place. De son c\u00f4t\u00e9, le parquet indique en milieu de matin\u00e9e : \u00ab\u00a0Les op\u00e9rations sont en cours, et toutes les autorit\u00e9s sont pr\u00e9sentes sur place pour g\u00e9rer la situation : une communication aura lieu \u00e0 l\u2019issue\u00a0\u00bb.<\/p>\n<p class=\" wall-content\">Plus d\u2019informations \u00e0 venir\u2026<\/p>\n<p class=\" wall-content\"><strong>Avec Adrien FILOCHE et Fabien MASSIN<\/strong><\/p>\n<p>Suivez l\u2019actualit\u00e9 de Rouen sur notre <a href=\"https:\/\/www.whatsapp.com\/channel\/0029VaKfnf99hXF2ddApFB1D\" rel=\"nofollow noopener\" target=\"_blank\">cha\u00eene WhatsApp<\/a> et sur notre <a href=\"https:\/\/www.tiktok.com\/@76actu.fr?lang=fr\" rel=\"nofollow noopener\" target=\"_blank\">compte TikTok<\/a><\/p>\n<p class=\" wall-content\">Personnalisez votre actualit\u00e9 en ajoutant vos villes et m\u00e9dias en favori avec <a href=\"https:\/\/moncompte.actu.fr\" title=\"D\u00e9couvez Mon Actu\" rel=\"nofollow noopener\" data-trk=\"{&quot;cta&quot;:{&quot;action&quot;:&quot;https:\\\/\\\/moncompte.actu.fr&quot;,&quot;category&quot;:&quot;mon compte&quot;,&quot;from&quot;:&quot;article footer&quot;,&quot;name&quot;:&quot;Mon actu&quot;,&quot;type&quot;:&quot;cta&quot;}}\" target=\"_blank\">Mon Actu<\/a>.<\/p>\n<p>                    <script async src=\"\/\/www.tiktok.com\/embed.js\"><\/script><\/p>\n","protected":false},"excerpt":{"rendered":"Par Elo\u00efse Aub\u00e9 Publi\u00e9 le 19 nov. 2025 \u00e0 10h13 ; mis \u00e0 jour le 19 nov. 2025&hellip;\n","protected":false},"author":2,"featured_media":544447,"comment_status":"","ping_status":"","sticky":false,"template":"","format":"standard","meta":{"footnotes":""},"categories":[4],"tags":[11,118,1011,27,12,1072,1311,25],"class_list":{"0":"post-544446","1":"post","2":"type-post","3":"status-publish","4":"format-standard","5":"has-post-thumbnail","7":"category-france","8":"tag-actualites","9":"tag-faits-divers","10":"tag-fr","11":"tag-france","12":"tag-news","13":"tag-police","14":"tag-pompiers","15":"tag-republique-francaise"},"share_on_mastodon":{"url":"","error":""},"_links":{"self":[{"href":"https:\/\/www.europesays.com\/fr\/wp-json\/wp\/v2\/posts\/544446","targetHints":{"allow":["GET"]}}],"collection":[{"href":"https:\/\/www.europesays.com\/fr\/wp-json\/wp\/v2\/posts"}],"about":[{"href":"https:\/\/www.europesays.com\/fr\/wp-json\/wp\/v2\/types\/post"}],"author":[{"embeddable":true,"href":"https:\/\/www.europesays.com\/fr\/wp-json\/wp\/v2\/users\/2"}],"replies":[{"embeddable":true,"href":"https:\/\/www.europesays.com\/fr\/wp-json\/wp\/v2\/comments?post=544446"}],"version-history":[{"count":0,"href":"https:\/\/www.europesays.com\/fr\/wp-json\/wp\/v2\/posts\/544446\/revisions"}],"wp:featuredmedia":[{"embeddable":true,"href":"https:\/\/www.europesays.com\/fr\/wp-json\/wp\/v2\/media\/544447"}],"wp:attachment":[{"href":"https:\/\/www.europesays.com\/fr\/wp-json\/wp\/v2\/media?parent=544446"}],"wp:term":[{"taxonomy":"category","embeddable":true,"href":"https:\/\/www.europesays.com\/fr\/wp-json\/wp\/v2\/categories?post=544446"},{"taxonomy":"post_tag","embeddable":true,"href":"https:\/\/www.europesays.com\/fr\/wp-json\/wp\/v2\/tags?post=544446"}],"curies":[{"name":"wp","href":"https:\/\/api.w.org\/{rel}","templated":true}]}}