{"id":544450,"date":"2025-11-19T10:11:12","date_gmt":"2025-11-19T10:11:12","guid":{"rendered":"https:\/\/www.europesays.com\/fr\/544450\/"},"modified":"2025-11-19T10:11:12","modified_gmt":"2025-11-19T10:11:12","slug":"meteo-des-chutes-de-neige-attendues-a-saint-etienne-et-dans-la-loire-la-vigilance-activee","status":"publish","type":"post","link":"https:\/\/www.europesays.com\/fr\/544450\/","title":{"rendered":"M\u00e9t\u00e9o. Des chutes de neige attendues \u00e0 Saint-\u00c9tienne et dans la Loire, la vigilance activ\u00e9e"},"content":{"rendered":"<p>                    Par<br \/>\n        <strong><br \/>\n            <a href=\"https:\/\/actu.fr\/auteur\/julien-sournies\" title=\"Consulter tous les articles de Julien Sournies\" rel=\"nofollow noopener\" target=\"_blank\">Julien Sournies<\/a><br \/>\n                    <\/strong><\/p>\n<p>        Publi\u00e9 le<\/p>\n<p>            19 nov. 2025 \u00e0 10h52        <\/p>\n<p>L\u2019hiver a officiellement d\u00e9but\u00e9 dans la <a href=\"https:\/\/actu.fr\/auvergne-rhone-alpes\/loire_42\" rel=\"nofollow noopener\" target=\"_blank\">Loire<\/a> et partout en France. Alors que des temp\u00e9ratures anormalement \u00e9lev\u00e9es ont \u00e9t\u00e9 relev\u00e9es la semaine derni\u00e8re, le mercure a nettement chut\u00e9 depuis le d\u00e9but de la semaine, les maximales flirtant fr\u00e9quemment avec les 0\u00b0C.<\/p>\n<p class=\" wall-content\">En parall\u00e8le, des <strong>chutes de neige<\/strong> sont par ailleurs annonc\u00e9es \u00e0 <a href=\"https:\/\/actu.fr\/saint-etienne\/\" rel=\"nofollow noopener\" target=\"_blank\">Saint-\u00c9tienne<\/a> et dans la Loire d\u2019ici \u00e0 la fin de semaine. En ce sens, le d\u00e9partement entrera en<strong> vigilance jaune neige\/verglas<\/strong> \u00e0 partir de 17h ce mercredi.<\/p>\n<p class=\" wall-content\">Les pr\u00e9visions.<\/p>\n<p>De la neige \u00e0 basse altitude<\/p>\n<p class=\" wall-content\">Selon M\u00e9t\u00e9o Loire, l\u2019\u00e9pisode neigeux va commencer d\u00e8s ce mercredi 19\u00a0novembre\u2009: \u00ab\u2009Une perturbation va traverser notre d\u00e9partement en fin de journ\u00e9e et tout au long de la nuit de mercredi \u00e0 jeudi. Accompagn\u00e9e d\u2019air froid, la neige fera son apparition \u00e0 <strong>basse altitude<\/strong> sans pour autant attendre des cumuls notables.\u2009\u00bb<\/p>\n<p class=\" wall-content\">Au cours de la nuit et avec l\u2019installation du froid, \u00ab\u00a0la neige pourrait descendre jusqu\u2019\u00e0 600\/700 m, voire<strong> 500\u00a0m<\/strong> temporairement, en fin de nuit et en fin de pr\u00e9cipitations\u00a0\u00bb, poursuit le m\u00e9t\u00e9orologue lig\u00e9rien.<\/p>\n<p class=\" wall-content\">\n<p class=\" wall-content\">Toujours d\u2019apr\u00e8s ce dernier, ce sont seulement les reliefs de l\u2019ouest, principalement les Monts du Forez et de la Madeleine, qui b\u00e9n\u00e9ficieront des plus gros cumuls de flocons. Dans le d\u00e9tail, M\u00e9t\u00e9o-France annonce, de son c\u00f4t\u00e9, des chutes de neige sur le secteur de Saint-\u00c9tienne et Saint-Galmier, mais aussi sur le nord du d\u00e9partement.<\/p>\n<p class=\" wall-content\">Pour autant, la neige devrait, tout au plus, tenir au sol au-dessus de 800\u00a0m avec 1 \u00e0 2\u00a0cm possible (neige humide), 3 \u00e0 5\u00a0cm possible au-dessus de 1000 m et possiblement 10\u00a0cm au-dessus de 1400\/1500 m.<\/p>\n<p>Votre r\u00e9gion, votre actu !<\/p>\n<p>Recevez chaque jour les infos qui comptent pour vous.<\/p>\n<p>\t<a href=\"https:\/\/actu.fr\/newsletter\" class=\"ac-btn ac-btn--corner ac-btn--medium ac-btn--blue800\" rel=\"nofollow noopener\" target=\"_blank\">S&rsquo;incrire<\/a><br \/>\nDes averses de neige vendredi \u00e0 Saint-\u00c9tienne<\/p>\n<p class=\" wall-content\">Concernant la journ\u00e9e de jeudi 20\u00a0novembre, l\u2019\u00e9pisode neigeux sera moins important, mais on retrouvera<strong> quelques averses de neige \u00e0 partir de 500\/600\u00a0m<\/strong> au cours de la matin\u00e9e, notamment sur les secteurs de Charlieu et La Pacaudi\u00e8re, au nord de la Loire.<\/p>\n<p class=\" wall-content\">Durant la nuit de jeudi, la neige, en moindre quantit\u00e9, va cette fois-ci faire son apparition du c\u00f4t\u00e9 de Saint-\u00c9tienne. Selon M\u00e9t\u00e9o-France, ces faibles averses de neige sont parties pour durer<strong> toute la journ\u00e9e<\/strong> de vendredi 21\u00a0novembre.<\/p>\n<p class=\" wall-content\">Si les pr\u00e9visions ne sont pas encore tout \u00e0 fait fiables \u00e0 ce stade, les pr\u00e9cipitations neigeuses devraient n\u00e9anmoins cesser ce week-end pour laisser la place \u00e0 une<strong> pluie g\u00e9n\u00e9ralis\u00e9e<\/strong> \u00e0 compter de ce dimanche 23\u00a0novembre.<\/p>\n<p class=\" wall-content\">Personnalisez votre actualit\u00e9 en ajoutant vos villes et m\u00e9dias en favori avec <a href=\"https:\/\/moncompte.actu.fr\" title=\"D\u00e9couvez Mon Actu\" rel=\"nofollow noopener\" data-trk=\"{&quot;cta&quot;:{&quot;action&quot;:&quot;https:\\\/\\\/moncompte.actu.fr&quot;,&quot;category&quot;:&quot;mon compte&quot;,&quot;from&quot;:&quot;article footer&quot;,&quot;name&quot;:&quot;Mon actu&quot;,&quot;type&quot;:&quot;cta&quot;}}\" target=\"_blank\">Mon Actu<\/a>.<\/p>\n","protected":false},"excerpt":{"rendered":"Par Julien Sournies Publi\u00e9 le 19 nov. 2025 \u00e0 10h52 L\u2019hiver a officiellement d\u00e9but\u00e9 dans la Loire et&hellip;\n","protected":false},"author":2,"featured_media":544451,"comment_status":"","ping_status":"","sticky":false,"template":"","format":"standard","meta":{"footnotes":""},"categories":[9653],"tags":[1111,11,2430,1777,674,1011,27,2487,2357,10584,12,25,4001],"class_list":{"0":"post-544450","1":"post","2":"type-post","3":"status-publish","4":"format-standard","5":"has-post-thumbnail","7":"category-saint-etienne","8":"tag-actu","9":"tag-actualites","10":"tag-auvergne-rhone-alpes","11":"tag-eu","12":"tag-europe","13":"tag-fr","14":"tag-france","15":"tag-meteo","16":"tag-meteo-france","17":"tag-neige","18":"tag-news","19":"tag-republique-francaise","20":"tag-saint-etienne"},"share_on_mastodon":{"url":"https:\/\/pubeurope.com\/@fr\/115575828792683416","error":""},"_links":{"self":[{"href":"https:\/\/www.europesays.com\/fr\/wp-json\/wp\/v2\/posts\/544450","targetHints":{"allow":["GET"]}}],"collection":[{"href":"https:\/\/www.europesays.com\/fr\/wp-json\/wp\/v2\/posts"}],"about":[{"href":"https:\/\/www.europesays.com\/fr\/wp-json\/wp\/v2\/types\/post"}],"author":[{"embeddable":true,"href":"https:\/\/www.europesays.com\/fr\/wp-json\/wp\/v2\/users\/2"}],"replies":[{"embeddable":true,"href":"https:\/\/www.europesays.com\/fr\/wp-json\/wp\/v2\/comments?post=544450"}],"version-history":[{"count":0,"href":"https:\/\/www.europesays.com\/fr\/wp-json\/wp\/v2\/posts\/544450\/revisions"}],"wp:featuredmedia":[{"embeddable":true,"href":"https:\/\/www.europesays.com\/fr\/wp-json\/wp\/v2\/media\/544451"}],"wp:attachment":[{"href":"https:\/\/www.europesays.com\/fr\/wp-json\/wp\/v2\/media?parent=544450"}],"wp:term":[{"taxonomy":"category","embeddable":true,"href":"https:\/\/www.europesays.com\/fr\/wp-json\/wp\/v2\/categories?post=544450"},{"taxonomy":"post_tag","embeddable":true,"href":"https:\/\/www.europesays.com\/fr\/wp-json\/wp\/v2\/tags?post=544450"}],"curies":[{"name":"wp","href":"https:\/\/api.w.org\/{rel}","templated":true}]}}