{"id":544452,"date":"2025-11-19T10:12:14","date_gmt":"2025-11-19T10:12:14","guid":{"rendered":"https:\/\/www.europesays.com\/fr\/544452\/"},"modified":"2025-11-19T10:12:14","modified_gmt":"2025-11-19T10:12:14","slug":"jean-mangion-candidat-a-sa-reelection-pour-un-3e-mandat","status":"publish","type":"post","link":"https:\/\/www.europesays.com\/fr\/544452\/","title":{"rendered":"Jean Mangion candidat \u00e0 sa r\u00e9\u00e9lection pour un 3e mandat"},"content":{"rendered":"<p>S\u2019il y a un village o\u00f9 la position du maire sortant n\u2019a jamais fait de myst\u00e8re, c\u2019est bien <a href=\"https:\/\/www.google.com\/search?q=site%3A+laprovence+saint+%C3%A9tienne+du+gr%C3%A8s&amp;rlz=1C1GCEA_enFR1134FR1134&amp;oq=site%3A+laprovence+saint+%C3%A9tienne+du+gr%C3%A8s&amp;gs_lcrp=EgZjaHJvbWUyBggAEEUYOTIGCAEQRRg60gEJMTMxMjBqMGo3qAIAsAIA&amp;sourceid=chrome&amp;ie=UTF-8\" target=\"_blank\" rel=\"nofollow noopener\">Saint-Etienne-du-Gr\u00e8s<\/a>. Depuis le d\u00e9but de son mandat, son deuxi\u00e8me en tant que maire, Jean Mangion affirme qu\u2019il sera candidat \u00e0 sa r\u00e9\u00e9lection pour le <a href=\"https:\/\/www.laprovence.com\/elections\/municipales\" target=\"_blank\" rel=\"nofollow noopener\">scrutin de mars\u00a02026<\/a>. Une troisi\u00e8me mandature en vue donc, sans liste face \u00e0 lui, comme c\u2019\u00e9tait d\u00e9j\u00e0 le cas en\u00a02020.<\/p>\n<p>Et ce nouveau mandat, Jean Mangion veut l\u2019inscrire dans la continuit\u00e9. \u00ab\u00a0\u00c0 partir de ce que nous avons lanc\u00e9 ou achev\u00e9 ces derni\u00e8res ann\u00e9es, nous pr\u00e9sentons une s\u00e9rie d\u2019autres projets. Mais aujourd\u2019hui, nous sommes encore dans l\u2019action. Le temps de l\u2019\u00e9lection lui, arrivera \u00e0 partir du mois de janvier.\u00a0\u00bb<\/p>\n<p>Des projets d\u2019int\u00e9r\u00eat public<\/p>\n<p>\u00ab\u00a0Nous ne sommes pas l\u00e0 pour construire des histoires personnelles, mais pour construire une histoire pour les habitants. C\u2019est pourquoi nous portons, et nous continuerons \u00e0 porter des projets de proximit\u00e9, c\u2019est-\u00e0-dire d\u2019int\u00e9r\u00eat public.\u00a0\u00bb<\/p>\n<p>Parmi ceux qui ont \u00e9t\u00e9 men\u00e9s, Jean Mangion \u00e9num\u00e8re les plus importants du mandat qui s\u2019ach\u00e8ve. D\u2019abord, la nouvelle <a href=\"https:\/\/www.laprovence.com\/article\/region\/2216467777286914\/le-pole-culturel-henri-galeron-de-saint-etienne-du-gres-se-dote-dune-mediatheque-et-despaces-vegetalises\" target=\"_blank\" rel=\"nofollow noopener\">biblioth\u00e8que Henri-Galeron<\/a> (en hommage \u00e0 l\u2019illustrateur natif du village), qui va commencer \u00e0 sortir de terre en d\u00e9but d\u2019ann\u00e9e\u00a02026, et dont la mairie vient d\u2019&#8230;<\/p>\n","protected":false},"excerpt":{"rendered":"S\u2019il y a un village o\u00f9 la position du maire sortant n\u2019a jamais fait de myst\u00e8re, c\u2019est bien&hellip;\n","protected":false},"author":2,"featured_media":544453,"comment_status":"","ping_status":"","sticky":false,"template":"","format":"standard","meta":{"footnotes":""},"categories":[9653],"tags":[17,5734,1111,11,2430,426,5949,1777,674,1011,27,13392,66302,3554,12,31622,25,4001,15987],"class_list":{"0":"post-544452","1":"post","2":"type-post","3":"status-publish","4":"format-standard","5":"has-post-thumbnail","7":"category-saint-etienne","8":"tag-17","9":"tag-5734","10":"tag-actu","11":"tag-actualites","12":"tag-auvergne-rhone-alpes","13":"tag-candidat","14":"tag-elections","15":"tag-eu","16":"tag-europe","17":"tag-fr","18":"tag-france","19":"tag-jean","20":"tag-mangion","21":"tag-municipales","22":"tag-news","23":"tag-reelection","24":"tag-republique-francaise","25":"tag-saint-etienne","26":"tag-saint-etienne-du-gres"},"share_on_mastodon":{"url":"https:\/\/pubeurope.com\/@fr\/115575832294971806","error":""},"_links":{"self":[{"href":"https:\/\/www.europesays.com\/fr\/wp-json\/wp\/v2\/posts\/544452","targetHints":{"allow":["GET"]}}],"collection":[{"href":"https:\/\/www.europesays.com\/fr\/wp-json\/wp\/v2\/posts"}],"about":[{"href":"https:\/\/www.europesays.com\/fr\/wp-json\/wp\/v2\/types\/post"}],"author":[{"embeddable":true,"href":"https:\/\/www.europesays.com\/fr\/wp-json\/wp\/v2\/users\/2"}],"replies":[{"embeddable":true,"href":"https:\/\/www.europesays.com\/fr\/wp-json\/wp\/v2\/comments?post=544452"}],"version-history":[{"count":0,"href":"https:\/\/www.europesays.com\/fr\/wp-json\/wp\/v2\/posts\/544452\/revisions"}],"wp:featuredmedia":[{"embeddable":true,"href":"https:\/\/www.europesays.com\/fr\/wp-json\/wp\/v2\/media\/544453"}],"wp:attachment":[{"href":"https:\/\/www.europesays.com\/fr\/wp-json\/wp\/v2\/media?parent=544452"}],"wp:term":[{"taxonomy":"category","embeddable":true,"href":"https:\/\/www.europesays.com\/fr\/wp-json\/wp\/v2\/categories?post=544452"},{"taxonomy":"post_tag","embeddable":true,"href":"https:\/\/www.europesays.com\/fr\/wp-json\/wp\/v2\/tags?post=544452"}],"curies":[{"name":"wp","href":"https:\/\/api.w.org\/{rel}","templated":true}]}}