{"id":544464,"date":"2025-11-19T10:18:10","date_gmt":"2025-11-19T10:18:10","guid":{"rendered":"https:\/\/www.europesays.com\/fr\/544464\/"},"modified":"2025-11-19T10:18:10","modified_gmt":"2025-11-19T10:18:10","slug":"je-vais-te-faire-violer-on-va-tenterrer-vivante","status":"publish","type":"post","link":"https:\/\/www.europesays.com\/fr\/544464\/","title":{"rendered":"Je vais te faire violer, on va t&rsquo;enterrer vivante"},"content":{"rendered":"<p>                    Par<br \/>\n        <strong><br \/>\n            <a href=\"https:\/\/actu.fr\/auteur\/metropoop\" title=\"Consulter tous les articles de R\u00e9daction M\u00e9tropolitain\" rel=\"nofollow noopener\" target=\"_blank\">R\u00e9daction M\u00e9tropolitain<\/a><br \/>\n                    <\/strong><\/p>\n<p>        Publi\u00e9 le<\/p>\n<p>            19 nov. 2025 \u00e0 10h20        <\/p>\n<p>La <strong>violente agression<\/strong> d\u2019une directrice d\u2019\u00e9cole par un couple de parents d\u2019un \u00e9l\u00e8ve, \u00e0 <strong>Montpellier,<\/strong> le 13 mars dernier, vient d\u2019avoir des prolongements judiciaires : ce mardi 18 novembre 2025, le\u00a0p\u00e8re a \u00e9t\u00e9 condamn\u00e9 \u00e0 <strong>dix mois de prison<\/strong> \u00e0 effectuer sous bracelet \u00e9lectronique, la m\u00e8re va devoir r\u00e9aliser <strong>105\u00a0heures de travail d\u2019int\u00e9r\u00eat g\u00e9n\u00e9ral<\/strong> dans les 18 prochains mois, sous peine de huit mois d\u2019incarc\u00e9ration. Ils devront en outre suivre, \u00e0 leurs frais, un stage de citoyennet\u00e9 et ils ont interdiction d\u2019entrer en contact avec la directrice et de se rendre \u00e0 l\u2019\u00e9cole Samuel-Paty pendant deux ans.<\/p>\n<p>    <a href=\"https:\/\/www.google.com\/maps\/embed?pb=!1m18!1m12!1m3!1d3866.730353899992!2d3.8800350220894497!3d43.58385190871429!2m3!1f0!2f0!3f0!3m2!1i1024!2i768!4f13.1!3m3!1m2!1s0x12b6af98559e77e3%3A0xf6fb6c1c0f342e12!2sEcole%20primaire%20Samuel%20Paty!5e0!3m2!1sfr!2sfr!4v1763539593321!5m2!1sfr!2sfr\" title=\"Ouvrie le lien\" rel=\"nofollow noopener\" target=\"_blank\">Cliquez ici pour visualiser le contenu<\/a><\/p>\n<p class=\" wall-content\">Le couple a comparu \u00e0 l\u2019audience du tribunal correctionnel, o\u00f9 la directrice de l\u2019\u00e9cole \u00e9l\u00e9mentaire Samuel Paty, situ\u00e9e dans le quartier de Tournezy, \u00e9tait \u00e9galement pr\u00e9sente, sans avoir voulu s\u2019exprimer devant les juges. Son avocate a plaid\u00e9 que, \u00ab\u00a0depuis les faits, elle vient toujours \u00e0 l\u2019\u00e9cole la boule au ventre, car elle a peur de croiser ces parents qui r\u00e9sident \u00e0 500m de l\u00e0\u00a0\u00bb.<\/p>\n<p>Coup de coude\u00a0<\/p>\n<p class=\" wall-content\">\u00c2g\u00e9s de 30 et de 32 ans, issus de la communaut\u00e9 des gens du voyage, ces parents lui ont pr\u00e9sent\u00e9 leurs excuses, apr\u00e8s avoir regrett\u00e9 leur comportement.\u00a0Le 13 mars 2025, les trentenaires sont surpris dans la cour de l\u2019\u00e9cole par la directrice de cet \u00e9tablissement o\u00f9 ils viennent de s\u2019introduire ill\u00e9galement en enjambant le portail. Elle leur demande de quitter les lieux. Mais tout d\u00e9g\u00e9n\u00e8re : les menaces de mort fusent, la m\u00e8re surexcit\u00e9e lui lan\u00e7ant \u00ab\u00a0Je vais te faire violer, je vais te tuer\u00a0\u00bb et le couple hurlant \u00ab\u00a0on va t\u2019enterrer vivante\u00a0\u00bb. Puis, les parents lui portent un <strong>coup de coude au thorax<\/strong> et c\u2019est en courant de toutes ses\u00a0forces, le souffle coup\u00e9, que la directrice de l\u2019\u00e9cole a pu se r\u00e9fugier et s\u2019enfermer dans son bureau, o\u00f9 la m\u00e8re de l\u2019\u00e9l\u00e8ve tentait de casser la porte.\u00a0<\/p>\n<p class=\" wall-content\">Une Atsem ayant assist\u00e9 \u00e0 la sc\u00e8ne a reconnu aux policiers nationaux intervenus rapidement \u00ab\u00a0n\u2019avoir jamais vu \u00e7a en 25 ans de carri\u00e8re\u00a0\u00bb. La directrice a b\u00e9n\u00e9fici\u00e9 de 5 jours d\u2019interruption totale de travail tandis que les pr\u00e9venu \u00e9taient plac\u00e9s sous contr\u00f4le judiciaire jusqu\u2019au proc\u00e8s.<\/p>\n<p>Vid\u00e9os : en ce moment sur ActuUn malentendu\u00a0<\/p>\n<p class=\" wall-content\">Lors de l\u2019audience, ce mardi, la pr\u00e9sidente du tribunal a expliqu\u00e9 que tout \u00e9tait parti d\u2019un appel de la directrice d\u2019\u00e9cole aux parents, les informant que leur fils a fait un bisou \u00e0 une \u00e9coli\u00e8re au niveau de l\u2019entrejambe, qu\u2019elle venait de le r\u00e9primander et \u00e0 l\u2019obliger de pr\u00e9senter ses excuses. Les parents du gar\u00e7onnet -scolaris\u00e9 ailleurs depuis les faits- n\u2019ont pas accept\u00e9 cette situation d\u00e9crite au t\u00e9l\u00e9phone et ont d\u00e9barqu\u00e9 quelques minutes plus tard \u00e0 l\u2019\u00e9cole. Les pr\u00e9venus ont assur\u00e9 s\u2019\u00eatre d\u00e9plac\u00e9s en col\u00e8re \u00e0 l\u2019\u00e9cole sur un malentendu, lors de la communication t\u00e9l\u00e9phonique de la directrice dans le r\u00e9cit des reproches faits \u00e0 leur jeune fils.<\/p>\n<p>Votre r\u00e9gion, votre actu !<\/p>\n<p>Recevez chaque jour les infos qui comptent pour vous.<\/p>\n<p>\t<a href=\"https:\/\/actu.fr\/newsletter\" class=\"ac-btn ac-btn--corner ac-btn--medium ac-btn--blue800\" rel=\"nofollow noopener\" target=\"_blank\">S&rsquo;incrire<\/a><\/p>\n<p class=\" wall-content\">\u00ab\u00a0Le degr\u00e9 de compr\u00e9hension de la situation ne justifie rien, au vu de la gravit\u00e9 des faits, dans une \u00e9cole Samuel-Paty au nom particuli\u00e8rement symbolique. On observe de plus en plus d\u2019actes d\u2019incivilit\u00e9s ou d\u2019infractions commises par les parents, alors que l\u2019\u00e9cole est un sanctuaire\u00a0\u00bb, a relev\u00e9 le procureur de la R\u00e9publique, dont les r\u00e9quisitions ont \u00e9t\u00e9 suivies \u00e0 la lettre par le tribunal. L\u2019avocat de la d\u00e9fense du couple a reconnu que \u00ab\u00a0l\u2019\u00e9cole \u00e9tait un lieu sacr\u00e9 et l\u2019enfant est roi chez les gitans\u00a0\u00bb.<\/p>\n<p class=\" wall-content\">Personnalisez votre actualit\u00e9 en ajoutant vos villes et m\u00e9dias en favori avec <a href=\"https:\/\/moncompte.actu.fr\" title=\"D\u00e9couvez Mon Actu\" rel=\"nofollow noopener\" data-trk=\"{&quot;cta&quot;:{&quot;action&quot;:&quot;https:\\\/\\\/moncompte.actu.fr&quot;,&quot;category&quot;:&quot;mon compte&quot;,&quot;from&quot;:&quot;article footer&quot;,&quot;name&quot;:&quot;Mon actu&quot;,&quot;type&quot;:&quot;cta&quot;}}\" target=\"_blank\">Mon Actu<\/a>.<\/p>\n","protected":false},"excerpt":{"rendered":"Par R\u00e9daction M\u00e9tropolitain Publi\u00e9 le 19 nov. 2025 \u00e0 10h20 La violente agression d\u2019une directrice d\u2019\u00e9cole par un&hellip;\n","protected":false},"author":2,"featured_media":544465,"comment_status":"","ping_status":"","sticky":false,"template":"","format":"standard","meta":{"footnotes":""},"categories":[9599],"tags":[1111,11,1057,1777,674,118,1011,27,303,2208,12,2680,1072,25],"class_list":{"0":"post-544464","1":"post","2":"type-post","3":"status-publish","4":"format-standard","5":"has-post-thumbnail","7":"category-montpellier","8":"tag-actu","9":"tag-actualites","10":"tag-education","11":"tag-eu","12":"tag-europe","13":"tag-faits-divers","14":"tag-fr","15":"tag-france","16":"tag-justice","17":"tag-montpellier","18":"tag-news","19":"tag-occitanie","20":"tag-police","21":"tag-republique-francaise"},"share_on_mastodon":{"url":"https:\/\/pubeurope.com\/@fr\/115575855797765358","error":""},"_links":{"self":[{"href":"https:\/\/www.europesays.com\/fr\/wp-json\/wp\/v2\/posts\/544464","targetHints":{"allow":["GET"]}}],"collection":[{"href":"https:\/\/www.europesays.com\/fr\/wp-json\/wp\/v2\/posts"}],"about":[{"href":"https:\/\/www.europesays.com\/fr\/wp-json\/wp\/v2\/types\/post"}],"author":[{"embeddable":true,"href":"https:\/\/www.europesays.com\/fr\/wp-json\/wp\/v2\/users\/2"}],"replies":[{"embeddable":true,"href":"https:\/\/www.europesays.com\/fr\/wp-json\/wp\/v2\/comments?post=544464"}],"version-history":[{"count":0,"href":"https:\/\/www.europesays.com\/fr\/wp-json\/wp\/v2\/posts\/544464\/revisions"}],"wp:featuredmedia":[{"embeddable":true,"href":"https:\/\/www.europesays.com\/fr\/wp-json\/wp\/v2\/media\/544465"}],"wp:attachment":[{"href":"https:\/\/www.europesays.com\/fr\/wp-json\/wp\/v2\/media?parent=544464"}],"wp:term":[{"taxonomy":"category","embeddable":true,"href":"https:\/\/www.europesays.com\/fr\/wp-json\/wp\/v2\/categories?post=544464"},{"taxonomy":"post_tag","embeddable":true,"href":"https:\/\/www.europesays.com\/fr\/wp-json\/wp\/v2\/tags?post=544464"}],"curies":[{"name":"wp","href":"https:\/\/api.w.org\/{rel}","templated":true}]}}