{"id":544466,"date":"2025-11-19T10:19:13","date_gmt":"2025-11-19T10:19:13","guid":{"rendered":"https:\/\/www.europesays.com\/fr\/544466\/"},"modified":"2025-11-19T10:19:13","modified_gmt":"2025-11-19T10:19:13","slug":"teor-t5-a-rouen-le-recap-complet-de-la-nouvelle-ligne-de-bus","status":"publish","type":"post","link":"https:\/\/www.europesays.com\/fr\/544466\/","title":{"rendered":"Teor T5 \u00e0 Rouen : Le R\u00e9cap&rsquo; Complet de la Nouvelle Ligne de bus"},"content":{"rendered":"<p>        L\u2019ESSENTIEL<\/p>\n<p style=\"line-height: 1.8; color: white;\">\n        Quoi : La nouvelle ligne de Teor, la T5.<br \/>Quand : Lancement officiel le samedi 29 novembre 2025.<br \/>O\u00f9 : La ligne reliera Champlain (Rive Gauche de Rouen) au Mont aux Malades (Mont-Saint-Aignan), soit un trajet Nord-Sud.<br \/>Fr\u00e9quence : Un bus toutes les 8 \u00e0 10 minutes en heure de pointe (7h-20h) en semaine.<br \/>Le but : D\u00e9sengorger la ligne T1 et mieux desservir les quartiers Flaubert et Saint-Sever.\n    <\/p>\n<p>La ligne Teor T5 arrive \u00e0 Rouen : Trajet, arr\u00eats, horaires\u2026 Tout ce qu\u2019il faut savoir sur le nouveau bus !<\/p>\n<p>\u00ab\u00a0En voiture Simone\u00a0!\u00a0\u00bb ou plut\u00f4t, \u00ab\u00a0<strong>En Teor les Rouennais !<\/strong>\u00a0\u00bb Bonne nouvelle pour celles et ceux qui gal\u00e8rent \u00e0 traverser la ville ou qui r\u00eavent d\u2019une nouvelle option de transport rapide. Apr\u00e8s les mythiques T1, T2, T3 et la petite derni\u00e8re T4, voici que la famille s\u2019agrandit avec l\u2019arriv\u00e9e de la <strong>ligne Teor T5<\/strong> !<\/p>\n<p>Ce n\u2019est pas un mythe, mais une r\u00e9alit\u00e9 qui se concr\u00e9tise tr\u00e8s bient\u00f4t. Marquez vos calendriers (et pr\u00e9parez vos titres de transport) : le <strong>samedi 29 novembre 2025<\/strong>, la T5 fera son entr\u00e9e fracassante sur le r\u00e9seau rouennais. Trajet, horaires, destinations\u2026 On a d\u00e9cortiqu\u00e9 pour vous toutes les infos essentielles pour ne rien rater de cette nouveaut\u00e9 qui va <strong>bouger les lignes<\/strong> (sans mauvais jeu de mots, promis !).<\/p>\n<p>Du Nord au Sud : la T5 s\u2019offre une travers\u00e9e compl\u00e8te de Rouen<\/p>\n<p>Historiquement, le Teor \u2013 pour <strong>Transport Est-Ouest Rouennais<\/strong> \u2013 tenait sa promesse en reliant les extr\u00e9mit\u00e9s est et ouest de notre belle m\u00e9tropole. Mais depuis la T4, lanc\u00e9e en 2019, fini les complexes g\u00e9ographiques\u00a0! Le r\u00e9seau s\u2019est mis \u00e0 la verticale. Et la <strong>T5<\/strong> va enfoncer le clou.<\/p>\n<p>Cette nouvelle ligne vous fera traverser la Seine, allant de <strong>Champlain<\/strong> sur la Rive Gauche jusqu\u2019au <strong>Mont aux Malades<\/strong> \u00e0 Mont-Saint-Aignan. Autant dire que \u00e7a va changer la vie des \u00e9tudiants, des actifs et de tous les amoureux des deux rives !<\/p>\n<p>Voici les arr\u00eats cl\u00e9s o\u00f9 vous pourrez la choper :<\/p>\n<ul class=\"wp-block-list\">\n<li><strong>Champlain<\/strong> (Le d\u00e9part, Rive Gauche)<\/li>\n<li>Joffre-Mutualit\u00e9<\/li>\n<li>Amiral C\u00e9cille<\/li>\n<li>Orl\u00e9ans<\/li>\n<li>Camille Claudel<\/li>\n<li><strong>Mont-Riboudet<\/strong><\/li>\n<li>Campus<\/li>\n<li>Place Colbert<\/li>\n<li><strong>Mont aux Malades<\/strong><\/li>\n<\/ul>\n<p>Pr\u00e9parez-vous, cette ligne va devenir votre nouveau bae du transport en commun\u00a0!<\/p>\n<p>La T5, plus qu\u2019un bus : une vraie strat\u00e9gie anti-gal\u00e8re<\/p>\n<p>Derri\u00e8re cette nouvelle ligne, il y a de vrais objectifs. La T5 arrive notamment pour <strong>d\u00e9sengorger<\/strong> un peu la ligne <strong>T1<\/strong>, souvent prise d\u2019assaut par les \u00e9tudiants du campus de Mont-Saint-Aignan. Fini le sentiment d\u2019\u00eatre une sardine en bo\u00eete aux heures de pointe !<\/p>\n<p>Mais ce n\u2019est pas tout. Cette nouvelle art\u00e8re de transport a aussi pour mission de mieux desservir les quartiers de <strong>Flaubert<\/strong> et de <strong>Saint-Sever<\/strong>, des zones en pleine mutation. Et oui, la T5 anticipe d\u00e9j\u00e0 l\u2019arriv\u00e9e de la <strong>nouvelle gare<\/strong>, que l\u2019on attend toujours avec impatience, mais qui se pr\u00e9pare doucement !<\/p>\n<p>Les horaires, \u00e7a donne quoi ?<\/p>\n<p>On le sait, l\u2019attente, c\u2019est le pire ennemi du citadin press\u00e9. Mais bonne nouvelle, la <strong>T5<\/strong> semble taill\u00e9e pour l\u2019efficacit\u00e9 !<br \/>En p\u00e9riode dite \u00ab\u00a0normale\u00a0\u00bb (quand vous n\u2019\u00eates pas en vacances ou qu\u2019il ne fait pas pont), le bus circulera :<\/p>\n<p style=\"margin: 0; color: #000000; font-size: 16px; font-weight: bold;\">\u00c0 voir aussi sur Rouen Bouge<\/p>\n<\/p>\n<p>                    \u2716\n                <\/p>\n<ul class=\"wp-block-list\">\n<li><strong>Toutes les 8 \u00e0 10 minutes<\/strong> entre <strong>7h et 20h<\/strong> en semaine. C\u2019est du solide !<\/li>\n<li>Le <strong>premier bus<\/strong> part de Champlain \u00e0 l\u2019aube, \u00e0 <strong>5h30<\/strong> tapantes.<\/li>\n<li>Le <strong>dernier bus<\/strong> s\u2019\u00e9lancera \u00e0 <strong>minuit pile<\/strong>. Parfait pour rentrer apr\u00e8s un cin\u00e9 ou un ap\u00e9ro qui s\u2019\u00e9ternise.<\/li>\n<li>Le <strong>samedi<\/strong>, le rythme reste soutenu avec un passage toutes les <strong>10 minutes l\u2019apr\u00e8s-midi<\/strong>.<\/li>\n<\/ul>\n","protected":false},"excerpt":{"rendered":"L\u2019ESSENTIEL Quoi : La nouvelle ligne de Teor, la T5.Quand : Lancement officiel le samedi 29 novembre 2025.O\u00f9&hellip;\n","protected":false},"author":2,"featured_media":544467,"comment_status":"","ping_status":"","sticky":false,"template":"","format":"standard","meta":{"footnotes":""},"categories":[9587],"tags":[1111,11,1777,674,1011,27,12,5161,25,9590],"class_list":{"0":"post-544466","1":"post","2":"type-post","3":"status-publish","4":"format-standard","5":"has-post-thumbnail","7":"category-rouen","8":"tag-actu","9":"tag-actualites","10":"tag-eu","11":"tag-europe","12":"tag-fr","13":"tag-france","14":"tag-news","15":"tag-normandie","16":"tag-republique-francaise","17":"tag-rouen"},"share_on_mastodon":{"url":"https:\/\/pubeurope.com\/@fr\/115575859746004488","error":""},"_links":{"self":[{"href":"https:\/\/www.europesays.com\/fr\/wp-json\/wp\/v2\/posts\/544466","targetHints":{"allow":["GET"]}}],"collection":[{"href":"https:\/\/www.europesays.com\/fr\/wp-json\/wp\/v2\/posts"}],"about":[{"href":"https:\/\/www.europesays.com\/fr\/wp-json\/wp\/v2\/types\/post"}],"author":[{"embeddable":true,"href":"https:\/\/www.europesays.com\/fr\/wp-json\/wp\/v2\/users\/2"}],"replies":[{"embeddable":true,"href":"https:\/\/www.europesays.com\/fr\/wp-json\/wp\/v2\/comments?post=544466"}],"version-history":[{"count":0,"href":"https:\/\/www.europesays.com\/fr\/wp-json\/wp\/v2\/posts\/544466\/revisions"}],"wp:featuredmedia":[{"embeddable":true,"href":"https:\/\/www.europesays.com\/fr\/wp-json\/wp\/v2\/media\/544467"}],"wp:attachment":[{"href":"https:\/\/www.europesays.com\/fr\/wp-json\/wp\/v2\/media?parent=544466"}],"wp:term":[{"taxonomy":"category","embeddable":true,"href":"https:\/\/www.europesays.com\/fr\/wp-json\/wp\/v2\/categories?post=544466"},{"taxonomy":"post_tag","embeddable":true,"href":"https:\/\/www.europesays.com\/fr\/wp-json\/wp\/v2\/tags?post=544466"}],"curies":[{"name":"wp","href":"https:\/\/api.w.org\/{rel}","templated":true}]}}