{"id":544468,"date":"2025-11-19T10:20:20","date_gmt":"2025-11-19T10:20:20","guid":{"rendered":"https:\/\/www.europesays.com\/fr\/544468\/"},"modified":"2025-11-19T10:20:20","modified_gmt":"2025-11-19T10:20:20","slug":"le-forcene-retranche-chez-lui-a-canteleu-a-ete-interpelle-par-le-raid","status":"publish","type":"post","link":"https:\/\/www.europesays.com\/fr\/544468\/","title":{"rendered":"Le forcen\u00e9 retranch\u00e9 chez lui \u00e0 Canteleu a \u00e9t\u00e9 interpell\u00e9 par le RAID"},"content":{"rendered":"<p>Un homme s&rsquo;est retranch\u00e9 chez lui ce mercredi matin 19 novembre \u00e0 Canteleu. Les policiers du RAID ont pu le ma\u00eetriser et l&rsquo;interpeller peu avant 11 heures. Une quinzaine de personnes pr\u00e9sentes dans l&rsquo;immeuble avaient \u00e9t\u00e9 \u00e9vacu\u00e9es, \u00ab\u00a0par mesure de pr\u00e9caution\u00a0\u00bb pr\u00e9cise la pr\u00e9fecture. <\/p>\n<p>Un homme s&rsquo;est retranch\u00e9 chez lui ce mercredi 19 novembre au matin \u00e0 Canteleu, pr\u00e8s de Rouen, rue Charles-Gounod. Il a pu \u00eatre interpell\u00e9 par le RAID juste avant 11 heures.\u00a0\u00bbUn individu mena\u00e7ant est retranch\u00e9 chez lui\u00a0\u00bb, pr\u00e9cisait la pr\u00e9fecture de la Seine-Maritime. \u00ab\u00a0Par mesure de pr\u00e9caution, l&rsquo;immeuble a \u00e9t\u00e9 \u00e9vacu\u00e9 et un p\u00e9rim\u00e8tre de s\u00e9curit\u00e9 mis en place.\u00a0\u00bb<\/p>\n<p>Une quinzaine de personnes a \u00e9t\u00e9 \u00e9vacu\u00e9e vers le gymnase Alain Calmat, juste \u00e0 c\u00f4t\u00e9.\u00a0Les autres habitants \u00e9taient absents de l&rsquo;immeuble au moment de l&rsquo;\u00e9vacuation, certains au travail. Les \u00e9l\u00e8ves du coll\u00e8ge Charles-Gounod ont \u00e9t\u00e9 confin\u00e9.<\/p>\n<p>Le forcen\u00e9 ma\u00eetris\u00e9 par le RAID vers 11 heures<\/p>\n<p>Le RAID, les forces d&rsquo;\u00e9lite de la police nationale, venu de Paris, est arriv\u00e9 vers 10h30.\u00a0La police \u00e9changeait \u00e0 ce moment avec la m\u00e8re du forcen\u00e9. L&rsquo;intervention du RAID a eu lieu peu avant 11 heures. Les policiers d&rsquo;\u00e9lite ont pu ma\u00eetriser et interpeller l&rsquo;homme, sans incident. Il a \u00e9t\u00e9 \u00ab\u00a0imm\u00e9diatement plac\u00e9 en garde \u00e0 vue\u00a0\u00bb, pr\u00e9cise le procureur de la R\u00e9publique de Rouen, S\u00e9bastien Gallois.<\/p>\n<p>La circulation dans le secteur a pu reprendre normalement vers 11 heures. Les personnes confin\u00e9es au coll\u00e8ge Charles-Gounod ont pu sortir.<\/p>\n<p> <img decoding=\"async\" src=\"https:\/\/www.europesays.com\/fr\/wp-content\/uploads\/2025\/11\/1763547620_99_1280\" alt=\"illustration agrandir l'image\" style=\"--_image-preview:url('data:image\/jpeg;base64,\/9j\/2wBDACgcHiMeGSgjISMtKygwPGRBPDc3PHtYXUlkkYCZlo+AjIqgtObDoKrarYqMyP\/L2u71\/\/\/\/m8H\/\/\/\/6\/+b9\/\/j\/2wBDASstLTw1PHZBQXb4pYyl+Pj4+Pj4+Pj4+Pj4+Pj4+Pj4+Pj4+Pj4+Pj4+Pj4+Pj4+Pj4+Pj4+Pj4+Pj4+Pj4+Pj\/wAARCAAZACoDASIAAhEBAxEB\/8QAFwABAQEBAAAAAAAAAAAAAAAAAgEDAP\/EABgQAQEBAQEAAAAAAAAAAAAAAAABAhES\/8QAFgEBAQEAAAAAAAAAAAAAAAAAAQAC\/8QAFREBAQAAAAAAAAAAAAAAAAAAAAH\/2gAMAwEAAhEDEQA\/ANpSmmPpfRDX2N0z9JdArqinU6Go6UpWeThZWjSGpD13UrgX\/9k=');\" loading=\"lazy\" fetchpriority=\"low\" class=\"svelte-1cksh76 rounded\" onload=\"this.__e=event\" onerror=\"this.__e=event\"\/> Les \u00e9l\u00e8ves et le personnel du coll\u00e8ge Charles-Gounod ont \u00e9t\u00e9 confin\u00e9s jusqu&rsquo;\u00e0 11 heures environ. \u00a9 Radio France &#8211; Th\u00e9ophile P\u00e9drola   <\/p>\n","protected":false},"excerpt":{"rendered":"Un homme s&rsquo;est retranch\u00e9 chez lui ce mercredi matin 19 novembre \u00e0 Canteleu. Les policiers du RAID ont&hellip;\n","protected":false},"author":2,"featured_media":544469,"comment_status":"","ping_status":"","sticky":false,"template":"","format":"standard","meta":{"footnotes":""},"categories":[9587],"tags":[1111,11,1777,674,1011,27,12,5161,25,9590],"class_list":{"0":"post-544468","1":"post","2":"type-post","3":"status-publish","4":"format-standard","5":"has-post-thumbnail","7":"category-rouen","8":"tag-actu","9":"tag-actualites","10":"tag-eu","11":"tag-europe","12":"tag-fr","13":"tag-france","14":"tag-news","15":"tag-normandie","16":"tag-republique-francaise","17":"tag-rouen"},"share_on_mastodon":{"url":"https:\/\/pubeurope.com\/@fr\/115575864873158079","error":""},"_links":{"self":[{"href":"https:\/\/www.europesays.com\/fr\/wp-json\/wp\/v2\/posts\/544468","targetHints":{"allow":["GET"]}}],"collection":[{"href":"https:\/\/www.europesays.com\/fr\/wp-json\/wp\/v2\/posts"}],"about":[{"href":"https:\/\/www.europesays.com\/fr\/wp-json\/wp\/v2\/types\/post"}],"author":[{"embeddable":true,"href":"https:\/\/www.europesays.com\/fr\/wp-json\/wp\/v2\/users\/2"}],"replies":[{"embeddable":true,"href":"https:\/\/www.europesays.com\/fr\/wp-json\/wp\/v2\/comments?post=544468"}],"version-history":[{"count":0,"href":"https:\/\/www.europesays.com\/fr\/wp-json\/wp\/v2\/posts\/544468\/revisions"}],"wp:featuredmedia":[{"embeddable":true,"href":"https:\/\/www.europesays.com\/fr\/wp-json\/wp\/v2\/media\/544469"}],"wp:attachment":[{"href":"https:\/\/www.europesays.com\/fr\/wp-json\/wp\/v2\/media?parent=544468"}],"wp:term":[{"taxonomy":"category","embeddable":true,"href":"https:\/\/www.europesays.com\/fr\/wp-json\/wp\/v2\/categories?post=544468"},{"taxonomy":"post_tag","embeddable":true,"href":"https:\/\/www.europesays.com\/fr\/wp-json\/wp\/v2\/tags?post=544468"}],"curies":[{"name":"wp","href":"https:\/\/api.w.org\/{rel}","templated":true}]}}