{"id":54447,"date":"2025-04-26T13:10:07","date_gmt":"2025-04-26T13:10:07","guid":{"rendered":"https:\/\/www.europesays.com\/fr\/54447\/"},"modified":"2025-04-26T13:10:07","modified_gmt":"2025-04-26T13:10:07","slug":"la-russie-recupere-une-eglise-et-un-cimetiere-emblematiques-a-nice","status":"publish","type":"post","link":"https:\/\/www.europesays.com\/fr\/54447\/","title":{"rendered":"la Russie r\u00e9cup\u00e8re une \u00e9glise et un cimeti\u00e8re embl\u00e9matiques \u00e0 Nice"},"content":{"rendered":"<p>Apr\u00e8s avoir r\u00e9cup\u00e9r\u00e9 la cath\u00e9drale orthodoxe de Nice en 2013, la Russie a \u00e9t\u00e9 reconnue propri\u00e9taire d&rsquo;une \u00e9glise et d&rsquo;un cimeti\u00e8re de la ville, au d\u00e9triment de l&rsquo;association cultuelle qui les g\u00e9rait depuis un si\u00e8cle. Dans une d\u00e9cision rendue jeudi, r\u00e9v\u00e9l\u00e9e samedi par Nice-Ma<\/p>\n<p>Dans la seconde moiti\u00e9 du XIXe si\u00e8cle, la famille imp\u00e9riale et l&rsquo;Eglise orthodoxe de Russie avaient acquis des terrains \u00e0 Nice et \u00e9rig\u00e9 des \u00e9difices religieux, qui ont accueilli les Russes en vill\u00e9giature sur la C\u00f4te d&rsquo;Azur puis ceux qui s&rsquo;y sont install\u00e9s apr\u00e8s la r\u00e9volution de 1917. Le pouvoir sovi\u00e9tique s&rsquo;est d\u00e9sint\u00e9ress\u00e9 de ces biens, qui ont \u00e9t\u00e9 confi\u00e9s dans les ann\u00e9es 1920 \u00e0 l&rsquo;Acor, cr\u00e9\u00e9e pour assurer la continuit\u00e9 du culte. La paroisse orthodoxe\u00a0russe\u00a0de\u00a0Nice ne s&rsquo;est cependant jamais affili\u00e9e au patriarcat de Moscou, lui pr\u00e9f\u00e9rant le patriarcat de Constantinople, puis en 2019 le patriarcat de Roumanie.<\/p>\n<p>Moscou a fait valoir que les propri\u00e9t\u00e9s de l&rsquo;\u00c9glise russe \u00e9taient de fait propri\u00e9t\u00e9 de l&rsquo;Etat russe<\/p>\n<p>Apr\u00e8s la chute de l&rsquo;URSS, la f\u00e9d\u00e9ration de Russie est venue r\u00e9clamer ses propri\u00e9t\u00e9s. L&rsquo;Acor a lutt\u00e9, au nom du droit \u00e0 la prescription acquisitive, qui permet de revendiquer la propri\u00e9t\u00e9 d&rsquo;un bien si on en a acquitt\u00e9 les imp\u00f4ts pendant plus de 30 ans.<\/p>\n<p>Mais Moscou a fait valoir que les propri\u00e9t\u00e9s de l&rsquo;\u00c9glise russe \u00e9taient de fait propri\u00e9t\u00e9 de l&rsquo;Etat russe, puisqu&rsquo;ils n&rsquo;\u00e9taient pas s\u00e9par\u00e9s lors des acquisitions et constructions, et que la propri\u00e9t\u00e9 d&rsquo;un Etat \u00e9tait imprescriptible.<\/p>\n<p>Apr\u00e8s des ann\u00e9es de bataille juridique, la Russie a d&rsquo;abord r\u00e9cup\u00e9r\u00e9 la cath\u00e9drale orthodoxe en 2013. Et malgr\u00e9 une d\u00e9cision de premi\u00e8re instance favorable \u00e0 l&rsquo;Acor en 2021, elle vient de r\u00e9cup\u00e9rer aussi le cimeti\u00e8re Caucade, o\u00f9 reposent des centaines d&rsquo;\u00e9migr\u00e9s russes sur une l\u00e9g\u00e8re hauteur dans l&rsquo;ouest de la ville, et l&rsquo;\u00e9glise Saint-Nicolas-et-Sainte-Alexandra, surnomm\u00e9e la \u00ab\u00a0vieille \u00e9glise\u00a0\u00bb orthodoxe russe.FO, et que l&rsquo;autorit\u00e9 qui les avait confi\u00e9s \u00e0 l&rsquo;Acor dans les ann\u00e9es 1920 n&rsquo;avait pu lui transmettre que la mission d&rsquo;organiser le culte, pas la propri\u00e9t\u00e9 des biens.<\/p>\n<p>\u00ab\u00a0Nous sommes atterr\u00e9s\u00a0\u00bb, a d\u00e9clar\u00e9 \u00e0 l&rsquo;AFP Alexis Obolensky, pr\u00e9sident de l&rsquo;Acor. \u00ab\u00a0On nous l\u00e2che dans la nature, on ne sait plus o\u00f9 aller. Ce sont des centaines de fid\u00e8les qui sont concern\u00e9s et qui sont jet\u00e9s \u00e0 la rue\u00a0\u00bb. Et cela peut aller vite: en 2013, la Russie avait repris la cath\u00e9drale en faisant changer toutes les serrures du jour au lendemain.<\/p>\n","protected":false},"excerpt":{"rendered":"Apr\u00e8s avoir r\u00e9cup\u00e9r\u00e9 la cath\u00e9drale orthodoxe de Nice en 2013, la Russie a \u00e9t\u00e9 reconnue propri\u00e9taire d&rsquo;une \u00e9glise&hellip;\n","protected":false},"author":2,"featured_media":54448,"comment_status":"","ping_status":"","sticky":false,"template":"","format":"standard","meta":{"footnotes":""},"categories":[2819],"tags":[17,1111,11,8663,13636,8664,12336,1777,674,274,1011,27,12,2401,882,11230,25,132,96],"class_list":{"0":"post-54447","1":"post","2":"type-post","3":"status-publish","4":"format-standard","5":"has-post-thumbnail","7":"category-nice","8":"tag-17","9":"tag-actu","10":"tag-actualites","11":"tag-cour","12":"tag-daix","13":"tag-dappel","14":"tag-eglise","15":"tag-eu","16":"tag-europe","17":"tag-faits-divers-justice","18":"tag-fr","19":"tag-france","20":"tag-news","21":"tag-nice","22":"tag-provence-alpes-cote-dazur","23":"tag-recupere","24":"tag-republique-francaise","25":"tag-russie","26":"tag-une"},"share_on_mastodon":{"url":"https:\/\/pubeurope.com\/@fr\/114404433806131228","error":""},"_links":{"self":[{"href":"https:\/\/www.europesays.com\/fr\/wp-json\/wp\/v2\/posts\/54447","targetHints":{"allow":["GET"]}}],"collection":[{"href":"https:\/\/www.europesays.com\/fr\/wp-json\/wp\/v2\/posts"}],"about":[{"href":"https:\/\/www.europesays.com\/fr\/wp-json\/wp\/v2\/types\/post"}],"author":[{"embeddable":true,"href":"https:\/\/www.europesays.com\/fr\/wp-json\/wp\/v2\/users\/2"}],"replies":[{"embeddable":true,"href":"https:\/\/www.europesays.com\/fr\/wp-json\/wp\/v2\/comments?post=54447"}],"version-history":[{"count":0,"href":"https:\/\/www.europesays.com\/fr\/wp-json\/wp\/v2\/posts\/54447\/revisions"}],"wp:featuredmedia":[{"embeddable":true,"href":"https:\/\/www.europesays.com\/fr\/wp-json\/wp\/v2\/media\/54448"}],"wp:attachment":[{"href":"https:\/\/www.europesays.com\/fr\/wp-json\/wp\/v2\/media?parent=54447"}],"wp:term":[{"taxonomy":"category","embeddable":true,"href":"https:\/\/www.europesays.com\/fr\/wp-json\/wp\/v2\/categories?post=54447"},{"taxonomy":"post_tag","embeddable":true,"href":"https:\/\/www.europesays.com\/fr\/wp-json\/wp\/v2\/tags?post=54447"}],"curies":[{"name":"wp","href":"https:\/\/api.w.org\/{rel}","templated":true}]}}