{"id":544472,"date":"2025-11-19T10:25:11","date_gmt":"2025-11-19T10:25:11","guid":{"rendered":"https:\/\/www.europesays.com\/fr\/544472\/"},"modified":"2025-11-19T10:25:11","modified_gmt":"2025-11-19T10:25:11","slug":"pres-de-grenoble-les-premieres-neiges-attendues-cette-nuit-en-plaine-les-previsions","status":"publish","type":"post","link":"https:\/\/www.europesays.com\/fr\/544472\/","title":{"rendered":"Pr\u00e8s de Grenoble. Les premi\u00e8res neiges attendues cette nuit en plaine : les pr\u00e9visions"},"content":{"rendered":"<p>                    Par<br \/>\n        <strong><br \/>\n            <a href=\"https:\/\/actu.fr\/auteur\/lisa-rodrigues\" title=\"Consulter tous les articles de Lisa Rodrigues\" rel=\"nofollow noopener\" target=\"_blank\">Lisa Rodrigues<\/a><br \/>\n                    <\/strong><\/p>\n<p>        Publi\u00e9 le<\/p>\n<p>            19 nov. 2025 \u00e0 11h18        <\/p>\n<p>Les <strong>premi\u00e8res gel\u00e9es<\/strong> ont blanchi les campagnes en <a href=\"https:\/\/actu.fr\/auvergne-rhone-alpes\/isere_38\" rel=\"nofollow noopener\" target=\"_blank\">Is\u00e8re<\/a> mercredi 19 novembre, <a href=\"https:\/\/actu.fr\/auvergne-rhone-alpes\/grenoble_38185\/isere-de-la-neige-annoncee-en-plaine-cette-semaine-les-secteurs-concernes_63446139.html\" rel=\"nofollow noopener\" target=\"_blank\">comme annonc\u00e9<\/a> par la plupart des pr\u00e9visionnistes m\u00e9t\u00e9o. Depuis le d\u00e9but de semaine, les <strong>temp\u00e9ratures ont chut\u00e9<\/strong> pour atteindre par endroit des valeurs n\u00e9gatives en d\u00e9but de journ\u00e9e, comme ici dans les Terres Froides.<\/p>\n<p>    <a href=\"https:\/\/www.facebook.com\/plugins\/post.php?href=https%3A%2F%2Fwww.facebook.com%2Fmeteocentreisere%2Fposts%2Fpfbid022Rgd5vWN5Q3wx3V34b4szQJngngdE2u3e7ByfZqsYrB4xN71i62zqwgmxT6LNjXel&amp;show_text=true&amp;width=350\" title=\"Ouvrie le lien\" rel=\"nofollow noopener\" target=\"_blank\">Cliquez ici pour visualiser le contenu<\/a><\/p>\n<p class=\" wall-content\">Le mercure devrait rester bas, mais c\u2019est surtout en fin de journ\u00e9e qu\u2019il faudra scruter le ciel : un front pluvieux arrive sur le d\u00e9partement, accompagn\u00e9 localement de <strong>chutes de neige<\/strong>, y compris en plaine.<\/p>\n<p>Jusqu\u2019\u00e0 10 cm de neige en altitude<\/p>\n<p class=\" wall-content\">D\u2019apr\u00e8s les derni\u00e8res pr\u00e9visions de <a href=\"https:\/\/www.facebook.com\/meteocentreisere\" rel=\"nofollow noopener\" target=\"_blank\">M\u00e9t\u00e9o-Centre Is\u00e8re<\/a>, ces pr\u00e9cipitations devraient se transformer en chutes de neige en d\u00e9but de nuit \u00e0 partir de 800 m d\u2019altitude.<\/p>\n<p class=\" wall-content\">Les flocons devraient ensuite <strong>s\u2019abaisser \u00e0 400 m dans la nuit<\/strong>, voire arriver d\u00e8s les 300 m d\u2019altitude t\u00f4t jeudi matin. De quoi esp\u00e9rer voir les hauteurs de la M\u00e9tropole de <a href=\"https:\/\/actu.fr\/auvergne-rhone-alpes\/grenoble_38185\" rel=\"nofollow noopener\" target=\"_blank\">Grenoble<\/a> se couvrir d\u2019un l\u00e9ger manteau blanc.<\/p>\n<blockquote class=\"ac-article-quote wall-content\">\n<p>Jeudi en d\u00e9but de journ\u00e9e les sols pourront \u00eatre saupoudr\u00e9s au-dessus de 400\/500m, on attend quelques centim\u00e8tres \u00e0 600 m d\u2019altitude, 7 \u00e0 10 cm au-dessus de 800 m d\u2019altitude.<\/p>\n<p>    <strong>M\u00e9t\u00e9o-Centre Is\u00e8re<\/strong>\n            <\/p><\/blockquote>\n<p>Un saupoudrage \u00e0 Grenoble jeudi matin ?<\/p>\n<p class=\" wall-content\">Le site sp\u00e9cialis\u00e9e <a href=\"https:\/\/www.meteo-grenoble.com\/\" rel=\"nofollow noopener\" target=\"_blank\">M\u00e9t\u00e9o-Grenoble<\/a> \u00e9voque la possibilit\u00e9 d\u2019une \u00ab\u00a0neige faible intermittente ou persistante\u00a0\u00bb jeudi matin qui \u00ab\u00a0<strong>peut tenir au sol<\/strong> si la temp\u00e9rature est suffisamment basse\u00a0\u00bb \u00e0 Grenoble.<\/p>\n<p>Votre r\u00e9gion, votre actu !<\/p>\n<p>Recevez chaque jour les infos qui comptent pour vous.<\/p>\n<p>\t<a href=\"https:\/\/actu.fr\/newsletter\" class=\"ac-btn ac-btn--corner ac-btn--medium ac-btn--blue800\" rel=\"nofollow noopener\" target=\"_blank\">S&rsquo;incrire<\/a><\/p>\n<p class=\" wall-content\">Les pr\u00e9visions \u00e9voquent, pour le moment, des temp\u00e9ratures autour de 0\u00b0C au lever du jour dans la capitale des Alpes, avec jusqu\u2019\u00e0 6\u00b0C dans l\u2019apr\u00e8s-midi.<\/p>\n<p>Les premi\u00e8res images de neige en station<\/p>\n<p class=\" wall-content\">En montagne, la neige est d\u00e9j\u00e0 de retour depuis plusieurs jours. Fin octobre d\u00e9j\u00e0, c\u2019est la <a href=\"https:\/\/actu.fr\/auvergne-rhone-alpes\/les-deux-alpes_38253\/cette-station-de-ski-reputee-des-alpes-sous-la-neige-des-images-a-couper-le-souffle_63368245.html\" rel=\"nofollow noopener\" target=\"_blank\">station des Deux Alpes<\/a> qui a d\u00e9voil\u00e9 des images impressionnantes de ses pistes enneig\u00e9es.<\/p>\n<blockquote class=\"tiktok-embed\" cite=\"https:\/\/www.tiktok.com\/@actufrgrenoble\/video\/7566672372808371478\" data-video-id=\"7566672372808371478\" data-embed-from=\"oembed\" style=\"max-width:605px; min-width:325px;\"><p>\n<a target=\"_blank\" title=\"@actufrgrenoble\" href=\"https:\/\/www.tiktok.com\/@actufrgrenoble?refer=embed\" rel=\"nofollow noopener\">@actufrgrenoble<\/a> <\/p>\n<p>\u26f7\ufe0f Les premi\u00e8res images des pistes enneig\u00e9es des 2 Alpes ont \u00e9t\u00e9 d\u00e9voil\u00e9es apr\u00e8s les fortes chutes de neige de ces derniers jours \u2744\ufe0f Petit aper\u00e7u avant l\u2019ouverture de la saison \ud83d\udc40 <a title=\"pourtoii\" target=\"_blank\" href=\"https:\/\/www.tiktok.com\/tag\/pourtoii?refer=embed\" rel=\"nofollow noopener\">#pourtoii<\/a> <a title=\"foru\" target=\"_blank\" href=\"https:\/\/www.tiktok.com\/tag\/foru?refer=embed\" rel=\"nofollow noopener\">#foru<\/a> <a title=\"actu\" target=\"_blank\" href=\"https:\/\/www.tiktok.com\/tag\/actu?refer=embed\" rel=\"nofollow noopener\">#actu<\/a> <a title=\"snow\" target=\"_blank\" href=\"https:\/\/www.tiktok.com\/tag\/snow?refer=embed\" rel=\"nofollow noopener\">#snow<\/a> <a title=\"ski\" target=\"_blank\" href=\"https:\/\/www.tiktok.com\/tag\/ski?refer=embed\" rel=\"nofollow noopener\">#ski<\/a> <\/p>\n<p> <a target=\"_blank\" title=\"\u266c Ski - Pongo Twistleton\" href=\"https:\/\/www.tiktok.com\/music\/Ski-7467241865172011025?refer=embed\" rel=\"nofollow noopener\">\u266c Ski \u2013 Pongo Twistleton<\/a> <\/p>\n<\/blockquote>\n<p class=\" wall-content\">Sur la station de <a href=\"https:\/\/actu.fr\/auvergne-rhone-alpes\/villard-de-lans_38548\" rel=\"nofollow noopener\" target=\"_blank\">Villard-de-Lans<\/a>, on vient d\u2019annoncer l\u2019arriv\u00e9e des premiers flocons, confortant l\u2019ouverture de la saison hivernale pour le <strong>samedi 29 novembre<\/strong>.<\/p>\n<p>    <a href=\"https:\/\/www.facebook.com\/plugins\/video.php?height=476&amp;href=https%3A%2F%2Fwww.facebook.com%2Freel%2F1987721282078390%2F&amp;show_text=false&amp;width=350&amp;t=0\" title=\"Ouvrie le lien\" rel=\"nofollow noopener\" target=\"_blank\">Cliquez ici pour visualiser le contenu<\/a><\/p>\n<p class=\" wall-content\">Personnalisez votre actualit\u00e9 en ajoutant vos villes et m\u00e9dias en favori avec <a href=\"https:\/\/moncompte.actu.fr\" title=\"D\u00e9couvez Mon Actu\" rel=\"nofollow noopener\" data-trk=\"{&quot;cta&quot;:{&quot;action&quot;:&quot;https:\\\/\\\/moncompte.actu.fr&quot;,&quot;category&quot;:&quot;mon compte&quot;,&quot;from&quot;:&quot;article footer&quot;,&quot;name&quot;:&quot;Mon actu&quot;,&quot;type&quot;:&quot;cta&quot;}}\" target=\"_blank\">Mon Actu<\/a>.<\/p>\n<p>                    <script async src=\"\/\/www.tiktok.com\/embed.js\"><\/script><\/p>\n","protected":false},"excerpt":{"rendered":"Par Lisa Rodrigues Publi\u00e9 le 19 nov. 2025 \u00e0 11h18 Les premi\u00e8res gel\u00e9es ont blanchi les campagnes en&hellip;\n","protected":false},"author":2,"featured_media":544473,"comment_status":"","ping_status":"","sticky":false,"template":"","format":"standard","meta":{"footnotes":""},"categories":[9566],"tags":[1111,11,2430,1777,674,1011,27,2731,2487,2357,10584,12,25],"class_list":{"0":"post-544472","1":"post","2":"type-post","3":"status-publish","4":"format-standard","5":"has-post-thumbnail","7":"category-grenoble","8":"tag-actu","9":"tag-actualites","10":"tag-auvergne-rhone-alpes","11":"tag-eu","12":"tag-europe","13":"tag-fr","14":"tag-france","15":"tag-grenoble","16":"tag-meteo","17":"tag-meteo-france","18":"tag-neige","19":"tag-news","20":"tag-republique-francaise"},"share_on_mastodon":{"url":"https:\/\/pubeurope.com\/@fr\/115575883484593232","error":""},"_links":{"self":[{"href":"https:\/\/www.europesays.com\/fr\/wp-json\/wp\/v2\/posts\/544472","targetHints":{"allow":["GET"]}}],"collection":[{"href":"https:\/\/www.europesays.com\/fr\/wp-json\/wp\/v2\/posts"}],"about":[{"href":"https:\/\/www.europesays.com\/fr\/wp-json\/wp\/v2\/types\/post"}],"author":[{"embeddable":true,"href":"https:\/\/www.europesays.com\/fr\/wp-json\/wp\/v2\/users\/2"}],"replies":[{"embeddable":true,"href":"https:\/\/www.europesays.com\/fr\/wp-json\/wp\/v2\/comments?post=544472"}],"version-history":[{"count":0,"href":"https:\/\/www.europesays.com\/fr\/wp-json\/wp\/v2\/posts\/544472\/revisions"}],"wp:featuredmedia":[{"embeddable":true,"href":"https:\/\/www.europesays.com\/fr\/wp-json\/wp\/v2\/media\/544473"}],"wp:attachment":[{"href":"https:\/\/www.europesays.com\/fr\/wp-json\/wp\/v2\/media?parent=544472"}],"wp:term":[{"taxonomy":"category","embeddable":true,"href":"https:\/\/www.europesays.com\/fr\/wp-json\/wp\/v2\/categories?post=544472"},{"taxonomy":"post_tag","embeddable":true,"href":"https:\/\/www.europesays.com\/fr\/wp-json\/wp\/v2\/tags?post=544472"}],"curies":[{"name":"wp","href":"https:\/\/api.w.org\/{rel}","templated":true}]}}