{"id":544475,"date":"2025-11-19T10:27:18","date_gmt":"2025-11-19T10:27:18","guid":{"rendered":"https:\/\/www.europesays.com\/fr\/544475\/"},"modified":"2025-11-19T10:27:18","modified_gmt":"2025-11-19T10:27:18","slug":"un-ancien-avocat-general-de-rennes-retrouve-mort-a-son-domicile","status":"publish","type":"post","link":"https:\/\/www.europesays.com\/fr\/544475\/","title":{"rendered":"un ancien avocat g\u00e9n\u00e9ral de Rennes retrouv\u00e9 mort \u00e0 son domicile"},"content":{"rendered":"<p><img decoding=\"async\" class=\"\" style=\"width:100%;max-width:100%\" src=\"https:\/\/www.europesays.com\/fr\/wp-content\/uploads\/2025\/11\/police_controle_voiture_haute_vienne1626079150250-format16by9.png\" alt=\"Police Haute-Vienne\"\/><\/p>\n<p>Cr\u00e9dit : Image d&rsquo;illustration &#8211; Archives<\/p>\n<p style=\"text-align: justify;\"><strong>L\u2019autopsie <\/strong>r\u00e9alis\u00e9e ce mardi 18 novembre a lev\u00e9 les premiers doutes. Selon la procureure de Quimper, <strong>C\u00e9cile Flamet<\/strong>, l&rsquo;examen \u00ab\u00a0a confirm\u00e9 que le d\u00e9c\u00e8s \u00e9tait cons\u00e9cutif \u00e0 <strong>plusieurs plaies par arme blanche<\/strong>\u00ab\u00a0. <\/p>\n<p style=\"text-align: justify;\">Elle ajoute que\u00a0\u00ab\u00a0<strong>l\u2019intervention d\u2019un tiers<\/strong> est, \u00e0 ce stade, <strong>l\u2019hypoth\u00e8se privil\u00e9gi\u00e9e<\/strong>\u00ab\u00a0.<\/p>\n<p style=\"text-align: justify;\">\u00a0<\/p>\n<p>Sa voiture retrouv\u00e9e accident\u00e9e<\/p>\n<p style=\"text-align: justify;\">Plusieurs indices ont rapidement conduit les enqu\u00eateurs <strong>vers la piste criminelle<\/strong> : le corps du magistrat pr\u00e9sentait <strong>plusieurs traces de violences<\/strong>, <strong>ses papiers d&rsquo;identit\u00e9 avaient disparu<\/strong> et <strong>sa voiture avait \u00e9t\u00e9 retrouv\u00e9e accident\u00e9e<\/strong> dans la rue, non loin de son domicile.<\/p>\n<p style=\"text-align: justify;\">Pour l\u2019heure, la procureure pr\u00e9cise qu\u2019\u00a0\u00bb<strong>aucune interpellation<\/strong> n\u2019est intervenue et toutes les pistes sont examin\u00e9es par les enqu\u00eateurs\u00a0\u00bb. Les analyses se poursuivent donc activement : \u00ab\u00a0De nombreuses <strong>investigations<\/strong> de police technique et scientifique sont en cours, notamment dans le v\u00e9hicule de la victime\u00a0\u00bb, indique encore la magistrate.<\/p>\n<p style=\"text-align: justify;\">Des <strong>examens m\u00e9dicaux compl\u00e9mentaires<\/strong> doivent \u00e9galement \u00eatre r\u00e9alis\u00e9s.<\/p>\n<p style=\"text-align: justify;\">\u00a0<\/p>\n<p>Une carri\u00e8re riche<\/p>\n<p style=\"text-align: justify;\">Retrait\u00e9 depuis le 1er janvier 2025, \u00c9ric S\u00e9v\u00e8re-Jolivet avait eu une carri\u00e8re riche : juge des enfants \u00e0 <strong>Brest<\/strong>, juge d\u2019instruction \u00e0 <strong>Cayenne<\/strong>, vice-pr\u00e9sident du tribunal \u00e0 Papeete, substitut g\u00e9n\u00e9ral \u00e0 <strong>Paris<\/strong>, puis avocat g\u00e9n\u00e9ral \u00e0 <strong>Rennes<\/strong>.<\/p>\n<p style=\"text-align: justify;\">Lundi, une <strong>minute de silence<\/strong> a \u00e9t\u00e9 observ\u00e9e en sa m\u00e9moire lors d\u2019une r\u00e9union au parquet g\u00e9n\u00e9ral de Rennes, \u00e0 l\u2019initiative du procureur g\u00e9n\u00e9ral <strong>Thierry Pocquet<\/strong> du Haut-Juss\u00e9.<\/p>\n<p style=\"text-align: justify;\">L\u2019enqu\u00eate a \u00e9t\u00e9 confi\u00e9e \u00e0 la <strong>Division de la criminalit\u00e9 organis\u00e9e et sp\u00e9cialis\u00e9e<\/strong> de la police du Finist\u00e8re.<\/p>\n<p style=\"text-align: justify;\">\u00a0<\/p>\n<p style=\"text-align: justify;\">\u00a0<\/p>\n<p style=\"text-align: justify;\">\u00a0<\/p>\n<p style=\"text-align: right;\">Avec AFP<\/p>\n","protected":false},"excerpt":{"rendered":"Cr\u00e9dit : Image d&rsquo;illustration &#8211; Archives L\u2019autopsie r\u00e9alis\u00e9e ce mardi 18 novembre a lev\u00e9 les premiers doutes. Selon&hellip;\n","protected":false},"author":2,"featured_media":544476,"comment_status":"","ping_status":"","sticky":false,"template":"","format":"standard","meta":{"footnotes":""},"categories":[2821],"tags":[1111,11,2888,66307,829,66309,9856,66308,15335,1067,1777,674,3321,1011,27,303,777,12,15860,1072,3319,584,25],"class_list":{"0":"post-544475","1":"post","2":"type-post","3":"status-publish","4":"format-standard","5":"has-post-thumbnail","7":"category-rennes","8":"tag-actu","9":"tag-actualites","10":"tag-alouette","11":"tag-avocat-general","12":"tag-bretagne","13":"tag-cecile-flamet","14":"tag-cour-dappel","15":"tag-division-de-la-criminalite-organisee","16":"tag-domicile","17":"tag-enquete","18":"tag-eu","19":"tag-europe","20":"tag-finistere","21":"tag-fr","22":"tag-france","23":"tag-justice","24":"tag-meurtre","25":"tag-news","26":"tag-parquet","27":"tag-police","28":"tag-quimper","29":"tag-rennes","30":"tag-republique-francaise"},"share_on_mastodon":{"url":"https:\/\/pubeurope.com\/@fr\/115575891968919973","error":""},"_links":{"self":[{"href":"https:\/\/www.europesays.com\/fr\/wp-json\/wp\/v2\/posts\/544475","targetHints":{"allow":["GET"]}}],"collection":[{"href":"https:\/\/www.europesays.com\/fr\/wp-json\/wp\/v2\/posts"}],"about":[{"href":"https:\/\/www.europesays.com\/fr\/wp-json\/wp\/v2\/types\/post"}],"author":[{"embeddable":true,"href":"https:\/\/www.europesays.com\/fr\/wp-json\/wp\/v2\/users\/2"}],"replies":[{"embeddable":true,"href":"https:\/\/www.europesays.com\/fr\/wp-json\/wp\/v2\/comments?post=544475"}],"version-history":[{"count":0,"href":"https:\/\/www.europesays.com\/fr\/wp-json\/wp\/v2\/posts\/544475\/revisions"}],"wp:featuredmedia":[{"embeddable":true,"href":"https:\/\/www.europesays.com\/fr\/wp-json\/wp\/v2\/media\/544476"}],"wp:attachment":[{"href":"https:\/\/www.europesays.com\/fr\/wp-json\/wp\/v2\/media?parent=544475"}],"wp:term":[{"taxonomy":"category","embeddable":true,"href":"https:\/\/www.europesays.com\/fr\/wp-json\/wp\/v2\/categories?post=544475"},{"taxonomy":"post_tag","embeddable":true,"href":"https:\/\/www.europesays.com\/fr\/wp-json\/wp\/v2\/tags?post=544475"}],"curies":[{"name":"wp","href":"https:\/\/api.w.org\/{rel}","templated":true}]}}