{"id":544490,"date":"2025-11-19T10:36:14","date_gmt":"2025-11-19T10:36:14","guid":{"rendered":"https:\/\/www.europesays.com\/fr\/544490\/"},"modified":"2025-11-19T10:36:14","modified_gmt":"2025-11-19T10:36:14","slug":"le-secretariat-du-pere-noel-ouvre-ce-mercredi-pres-de-bordeaux","status":"publish","type":"post","link":"https:\/\/www.europesays.com\/fr\/544490\/","title":{"rendered":"Le secr\u00e9tariat du P\u00e8re No\u00ebl ouvre ce mercredi pr\u00e8s de Bordeaux"},"content":{"rendered":"<p>\n    Chaque ann\u00e9e, petits et grands peuvent \u00e9crire aux 60 lutins du P\u00e8re No\u00ebl qui travaillent dans les bureaux de la Poste \u00e0 Libourne. En 2025, ces doux r\u00eaveurs recevront une r\u00e9ponse \u00e0 leur lettre sign\u00e9e Nicolas Vanier.<\/p>\n<p class=\"fig-paragraph\">Avec l&rsquo;explorateur\u00a0<a href=\"http:\/\/www.lefigaro.fr\/culture\/la-production-de-donne-moi-des-ailes-de-nicolas-vanier-plumee-apres-la-destruction-de-nids-de-flamants-roses-20250307\" data-fig-type=\"NewsFlash\" data-gtm-custom-categorie=\"navigation\" data-gtm-custom-action=\"crossclick\" data-gtm-custom-label=\"Contextuel\" data-gtm-event=\"customEventSPE\" data-fig-domain=\"LEFIGARO\" target=\"_blank\" rel=\"noopener\">Nicolas Vanier<\/a>\u00a0comme plume, le\u00a0<a href=\"https:\/\/www.lefigaro.fr\/actualite-france\/a-libourne-dans-les-coulisses-du-secretariat-du-pere-noel-20221124\" data-fig-type=\"Article\" data-gtm-custom-categorie=\"navigation\" data-gtm-custom-action=\"crossclick\" data-gtm-custom-label=\"Contextuel\" data-gtm-event=\"customEventSPE\" data-fig-domain=\"LEFIGARO\" target=\"_blank\" rel=\"noopener\">secr\u00e9tariat du P\u00e8re No\u00ebl<\/a>\u00a0ouvre ce mercredi et jusqu&rsquo;au 20 d\u00e9cembre pour recevoir et r\u00e9pondre\u00a0<a href=\"http:\/\/www.lefigaro.fr\/bordeaux\/petite-fille-de-66-ans-je-souhaiterais-un-appartement-pour-ma-maman-ces-lettres-touchantes-envoyees-au-secretariat-du-pere-noel-20250101\" data-fig-type=\"NewsFlash\" data-gtm-custom-categorie=\"navigation\" data-gtm-custom-action=\"crossclick\" data-gtm-custom-label=\"Contextuel\" data-gtm-event=\"customEventSPE\" data-fig-domain=\"LEFIGARO\" target=\"_blank\" rel=\"noopener\">aux lettres d&rsquo;enfants<\/a>, a annonc\u00e9 La Poste \u00e0 l&rsquo;AFP. Plus d&rsquo;un million de lettres sont attendues comme chaque ann\u00e9e. Pour y r\u00e9pondre, La Poste a propos\u00e9 \u00e0 l&rsquo;explorateur et \u00e9crivain-r\u00e9alisateur Nicolas Vanier de succ\u00e9der \u00e0 Olivia Ruiz et Michel Bussi. Chaque enfant pourra \u00e9crire sur l&rsquo;enveloppe l&rsquo;adresse imaginaire de son choix, tant qu&rsquo;il mentionne \u00abP\u00e8re No\u00ebl\u00bb. Et le service est gratuit: m\u00eame sans timbre, les lettres iront \u00e0 Libourne, en Gironde, o\u00f9 elles seront trait\u00e9es par \u00able P\u00e8re No\u00ebl et ses 60 lutins\u00bb, selon la formule traditionnelle.<\/p>\n<p class=\"fig-paragraph\">Des bo\u00eetes aux lettres sp\u00e9ciales seront install\u00e9es dans 2300 bureaux de poste. Aux origines de ce service, on trouve des posti\u00e8res clandestines\u00a0: \u00e9mues par des missives adress\u00e9es au personnage imaginaire \u00e0 la barbe blanche, elles d\u00e9cident d&rsquo;y r\u00e9pondre en catimini, la loi interdisant strictement d&rsquo;ouvrir le courrier. L&rsquo;initiative remonte \u00e0 la psychanalyste et p\u00e9diatre Fran\u00e7oise Dolto, qui \u00e9crit en 1962 pour La Poste la premi\u00e8re lettre type de r\u00e9ponse. Depuis, le succ\u00e8s est au rendez-vous avec 30 \u00e0 40.000 lettres \u00e0 traiter par jour chaque ann\u00e9e. La lettre peut aussi \u00eatre envoy\u00e9e au format num\u00e9rique (pere-noel.laposte.fr).<\/p>\n<p>                                    <a class=\"fig-a11y-skip a11y-hidden\" href=\"#fig-a11y-skip-main-inarticle\"><br \/>\n        Passer la publicit\u00e9<br \/>\n    <\/a><\/p>\n<p>Sensibilisation \u00e9cologique<\/p>\n<p class=\"fig-paragraph\">Les enfants recevront en retour un courrier \u00e9crit par Nicolas Vanier, qui, fort de ses exp\u00e9ditions de la Sib\u00e9rie \u00e0 l&rsquo;Alaska, a souhait\u00e9 les sensibiliser au r\u00e9chauffement climatique. \u00ab\u00c7a me semblait essentiel, c&rsquo;est l&rsquo;enjeu capital pour la jeunesse, qui va \u00e0 la fois h\u00e9riter de cette terre tr\u00e8s malade et qui, je l&rsquo;esp\u00e8re, va conduire le changement\u00bb, explique-t-il \u00e0 l&rsquo;AFP. \u00abLe P\u00e8re No\u00ebl, c&rsquo;est les tra\u00eeneaux \u00e0 rennes, c&rsquo;est le p\u00f4le Nord&#8230; J&rsquo;ai beaucoup voyag\u00e9 dans ces pays d&rsquo;en haut, en tra\u00eeneau \u00e0 chiens, en tra\u00eeneau \u00e0 rennes et j&rsquo;ai pu constater, parce que c&rsquo;est impossible de ne pas le faire, la d\u00e9gradation exponentielle de ces paysages\u00bb, souligne-t-il.<\/p>\n<p class=\"fig-paragraph\">Dans sa lettre, Nicolas Vanier \u00e9voque avec po\u00e9sie les difficult\u00e9s pour les rennes de trouver du lichen, leur nourriture principale, en raison du d\u00e9r\u00e8glement climatique dans l&rsquo;Arctique. Mais pour pr\u00e9server la \u00abmagie de No\u00ebl\u00bb, \u00abessentielle\u00bb en cette \u00abp\u00e9riode tr\u00e8s anxiog\u00e8ne\u00bb, Nicolas Vanier a aussi tenu \u00e0 rassurer les enfants. Apr\u00e8s un \u00abvoyage merveilleux\u00bb sous les \u00abaurores bor\u00e9ales\u00bb, le P\u00e8re No\u00ebl leur rendra bien visite pour d\u00e9livrer de sa hotte des cadeaux par milliers.<\/p>\n","protected":false},"excerpt":{"rendered":"Chaque ann\u00e9e, petits et grands peuvent \u00e9crire aux 60 lutins du P\u00e8re No\u00ebl qui travaillent dans les bureaux&hellip;\n","protected":false},"author":2,"featured_media":544491,"comment_status":"","ping_status":"","sticky":false,"template":"","format":"standard","meta":{"footnotes":""},"categories":[2817],"tags":[1111,11,1997,6874,847,1777,674,1011,27,12,2219,63636,25],"class_list":{"0":"post-544490","1":"post","2":"type-post","3":"status-publish","4":"format-standard","5":"has-post-thumbnail","7":"category-bordeaux","8":"tag-actu","9":"tag-actualites","10":"tag-bordeaux","11":"tag-cadeau","12":"tag-enfant","13":"tag-eu","14":"tag-europe","15":"tag-fr","16":"tag-france","17":"tag-news","18":"tag-nouvelle-aquitaine","19":"tag-pere-noel","20":"tag-republique-francaise"},"share_on_mastodon":{"url":"https:\/\/pubeurope.com\/@fr\/115575926520097270","error":""},"_links":{"self":[{"href":"https:\/\/www.europesays.com\/fr\/wp-json\/wp\/v2\/posts\/544490","targetHints":{"allow":["GET"]}}],"collection":[{"href":"https:\/\/www.europesays.com\/fr\/wp-json\/wp\/v2\/posts"}],"about":[{"href":"https:\/\/www.europesays.com\/fr\/wp-json\/wp\/v2\/types\/post"}],"author":[{"embeddable":true,"href":"https:\/\/www.europesays.com\/fr\/wp-json\/wp\/v2\/users\/2"}],"replies":[{"embeddable":true,"href":"https:\/\/www.europesays.com\/fr\/wp-json\/wp\/v2\/comments?post=544490"}],"version-history":[{"count":0,"href":"https:\/\/www.europesays.com\/fr\/wp-json\/wp\/v2\/posts\/544490\/revisions"}],"wp:featuredmedia":[{"embeddable":true,"href":"https:\/\/www.europesays.com\/fr\/wp-json\/wp\/v2\/media\/544491"}],"wp:attachment":[{"href":"https:\/\/www.europesays.com\/fr\/wp-json\/wp\/v2\/media?parent=544490"}],"wp:term":[{"taxonomy":"category","embeddable":true,"href":"https:\/\/www.europesays.com\/fr\/wp-json\/wp\/v2\/categories?post=544490"},{"taxonomy":"post_tag","embeddable":true,"href":"https:\/\/www.europesays.com\/fr\/wp-json\/wp\/v2\/tags?post=544490"}],"curies":[{"name":"wp","href":"https:\/\/api.w.org\/{rel}","templated":true}]}}