{"id":544496,"date":"2025-11-19T10:39:19","date_gmt":"2025-11-19T10:39:19","guid":{"rendered":"https:\/\/www.europesays.com\/fr\/544496\/"},"modified":"2025-11-19T10:39:19","modified_gmt":"2025-11-19T10:39:19","slug":"des-racines-et-des-ailes-sur-france-3-a-la-decouverte-des-flandres-historiques","status":"publish","type":"post","link":"https:\/\/www.europesays.com\/fr\/544496\/","title":{"rendered":"\u00ab Des racines et des ailes \u00bb sur France 3, \u00e0 la d\u00e9couverte des Flandres historiques"},"content":{"rendered":"<p>Au tableau d\u2019honneur, avec mention tr\u00e8s bien\u00a0! Dans le Nord, entre <a href=\"https:\/\/lille.maville.com\/\/\" target=\"_self\" rel=\"noopener\">Lille<\/a> la Fran\u00e7aise et Bruges et Anvers les Belges, plusieurs hommes et femmes, artisans et cr\u00e9ateurs, font des Flandres historiques une terre d\u2019excellence. Le magazine Des racines et des ailes a choisi de les mettre en valeur, ce mercredi. Et c\u2019est passionnant.<\/p>\n<p><strong>Lire aussi : <\/strong> <a href=\"https:\/\/programmetv.ouest-france.fr\/chaines\/programme-tv-france-3-80\/des-racines-et-des-ailes-sur-france-3-met-le-cap-sur-les-iles-splendides-de-normandie-995ddbbe-a333-11f0-a483-88b21a3890bd\" target=\"_self\" rel=\"noopener\">\u00ab Des racines et des ailes \u00bb sur France 3 met le cap sur les \u00eeles splendides de Normandie<\/a><\/p>\n<\/p>\n<p>Styliste, carillonneur, restauratrices&#8230;<\/p>\n<p>Styliste d\u2019origine lilloise, install\u00e9e \u00e0 Paris, C\u00e9cile Faucheur confectionne des chemises luxueuses \u00e0 base de lin, export\u00e9es au Japon, notamment. Au m\u00eame moment, trois jeunes femmes ach\u00e8vent la restauration d\u2019une toile monumentale de <a href=\"https:\/\/rennes.maville.com\/actu\/actudet_-rare-decouverte-d-un-tableau-de-rubens-que-l-on-croyait-disparu-_54028-6969684_actu.Htm\" target=\"_self\" rel=\"noopener\">Rubens<\/a>, au mus\u00e9e royal d\u2019Anvers.<\/p>\n<p><strong>Lire aussi :<\/strong>\u00a0<a href=\"https:\/\/programmetv.ouest-france.fr\/chaines\/programme-tv-france-3-80\/lemission-cuisine-ouverte-de-mory-sacko-va-sarreter-sur-france-3-fa6e8dba-c0af-11f0-a7a6-0300a242c945\" target=\"_self\" rel=\"noopener\">L\u2019\u00e9mission \u00ab Cuisine ouverte \u00bb de Mory Sacko va s\u2019arr\u00eater sur France 3<\/a><\/p>\n<p>Autres chantiers d\u2019exception, ceux supervis\u00e9s par l\u2019architecte belge Francis Metzger\u00a0\u00e0 Bruxelles\u00a0: la r\u00e9novation des <a href=\"https:\/\/www.ouest-france.fr\/leditiondusoir\/2017-05-02\/decouvrez-les-sublimes-serres-royales-belges-3dafc566-4136-460c-a93f-296b2df3af30\" target=\"_self\" rel=\"noopener\">serres royales de Laeken<\/a>, un vaste d\u00f4me de verre et d\u2019acier\u00a0; et la renaissance de jolies fresques art nouveau dans un h\u00f4tel particulier. \u00c0 ne pas manquer, non plus\u00a0: la rencontre avec Luc Rombouts, carillonneur \u00e0 Louvain.<\/p>\n<p> <a href=\"https:\/\/programmetv.ouest-france.fr\/chaines\/programme-tv-france-3-80\/\" target=\"_self\" rel=\"noopener\">France 3<\/a> , 21\u00a0h\u00a010.<\/p>\n<p>\u00a0<\/p>\n","protected":false},"excerpt":{"rendered":"Au tableau d\u2019honneur, avec mention tr\u00e8s bien\u00a0! Dans le Nord, entre Lille la Fran\u00e7aise et Bruges et Anvers&hellip;\n","protected":false},"author":2,"featured_media":544497,"comment_status":"","ping_status":"","sticky":false,"template":"","format":"standard","meta":{"footnotes":""},"categories":[2815],"tags":[19020,1111,11,30784,5975,1777,674,839,1011,27,811,52369,1307,12,40823,25],"class_list":{"0":"post-544496","1":"post","2":"type-post","3":"status-publish","4":"format-standard","5":"has-post-thumbnail","7":"category-lille","8":"tag-19020","9":"tag-actu","10":"tag-actualites","11":"tag-ailes","12":"tag-decouverte","13":"tag-eu","14":"tag-europe","15":"tag-flandres","16":"tag-fr","17":"tag-france","18":"tag-hauts-de-france","19":"tag-historiques","20":"tag-lille","21":"tag-news","22":"tag-racines","23":"tag-republique-francaise"},"share_on_mastodon":{"url":"https:\/\/pubeurope.com\/@fr\/115575938496850094","error":""},"_links":{"self":[{"href":"https:\/\/www.europesays.com\/fr\/wp-json\/wp\/v2\/posts\/544496","targetHints":{"allow":["GET"]}}],"collection":[{"href":"https:\/\/www.europesays.com\/fr\/wp-json\/wp\/v2\/posts"}],"about":[{"href":"https:\/\/www.europesays.com\/fr\/wp-json\/wp\/v2\/types\/post"}],"author":[{"embeddable":true,"href":"https:\/\/www.europesays.com\/fr\/wp-json\/wp\/v2\/users\/2"}],"replies":[{"embeddable":true,"href":"https:\/\/www.europesays.com\/fr\/wp-json\/wp\/v2\/comments?post=544496"}],"version-history":[{"count":0,"href":"https:\/\/www.europesays.com\/fr\/wp-json\/wp\/v2\/posts\/544496\/revisions"}],"wp:featuredmedia":[{"embeddable":true,"href":"https:\/\/www.europesays.com\/fr\/wp-json\/wp\/v2\/media\/544497"}],"wp:attachment":[{"href":"https:\/\/www.europesays.com\/fr\/wp-json\/wp\/v2\/media?parent=544496"}],"wp:term":[{"taxonomy":"category","embeddable":true,"href":"https:\/\/www.europesays.com\/fr\/wp-json\/wp\/v2\/categories?post=544496"},{"taxonomy":"post_tag","embeddable":true,"href":"https:\/\/www.europesays.com\/fr\/wp-json\/wp\/v2\/tags?post=544496"}],"curies":[{"name":"wp","href":"https:\/\/api.w.org\/{rel}","templated":true}]}}