{"id":544498,"date":"2025-11-19T10:40:19","date_gmt":"2025-11-19T10:40:19","guid":{"rendered":"https:\/\/www.europesays.com\/fr\/544498\/"},"modified":"2025-11-19T10:40:19","modified_gmt":"2025-11-19T10:40:19","slug":"plus-de-500-vignerons-a-lille-pour-le-salon-des-vignerons-independants","status":"publish","type":"post","link":"https:\/\/www.europesays.com\/fr\/544498\/","title":{"rendered":"Plus de 500 vignerons \u00e0 Lille pour le Salon des vignerons ind\u00e9pendants"},"content":{"rendered":"<p>                    Par<br \/>\n        <strong><br \/>\n            <a href=\"https:\/\/actu.fr\/auteur\/amandine-vachez\" title=\"Consulter tous les articles de Amandine Vachez\" rel=\"nofollow noopener\" target=\"_blank\">Amandine Vachez<\/a><br \/>\n                    <\/strong><\/p>\n<p>        Publi\u00e9 le<\/p>\n<p>            19 nov. 2025 \u00e0 11h00        <\/p>\n<p>C\u2019est un rendez-vous couru, en particulier par les professionnels, mais aussi des amateurs de <a href=\"https:\/\/actu.fr\/tag\/vin\" rel=\"nofollow noopener\" target=\"_blank\">vin<\/a>. Le <b>Salon des vignerons ind\u00e9pendants<\/b> revient \u00e0 <a href=\"https:\/\/actu.fr\/lille\/\" rel=\"nofollow noopener\" target=\"_blank\">Lille<\/a> (Nord) <b>du vendredi\u00a021 au lundi 24\u00a0novembre 2025. <\/b>Plus de 500 vignerons seront pr\u00e9sents pour pr\u00e9senter leurs vins. Quatre jours pour mettre en valeur les richesses du terroir de l\u2019Hexagone, rythm\u00e9 par des <b>animations<\/b>. <b>Plus de 50\u2009000\u00a0visiteurs sont attendus<\/b>.<\/p>\n<p>D\u00e9gustations, ateliers\u2009: de quoi contenter les novices comme les pros<\/p>\n<p class=\" wall-content\">Qu\u2019est-ce qui fait le charme du Salon des vignerons ind\u00e9pendants\u2009? Il n\u2019y a pas d\u2019interm\u00e9diaire\u2009: les <b>visiteurs rencontrent les vignerons en direct,<\/b> d\u00e9couvrent les histoires de chaque domaine, le terroir, les choix de vinification\u2026 \u00ab\u2009C\u2019est une immersion dans l\u2019univers du vin, o\u00f9 la d\u00e9gustation rime avec rencontre, partage et compr\u00e9hension. Une exp\u00e9rience riche et pratique\u2009\u00bb, appuie l\u2019organisation.<\/p>\n<p class=\" wall-content\">Un atout pour les visiteurs particuliers, mais aussi pour les professionnels, qui \u00e9changent ainsi directement avec les sp\u00e9cialistes, et peuvent y trouver des p\u00e9pites\u2009!<\/p>\n<p class=\" wall-content\">Pendant quatre jours, les visiteurs <b>vogueront de stand en stand<\/b>, \u00e0 la d\u00e9couverte de cuv\u00e9es aux saveurs vari\u00e9es. Il y aura aussi des <b>ateliers gratuits d\u2019initiation \u00e0 la d\u00e9gustation<\/b>, pour apprendre \u00e0 reconna\u00eetre les ar\u00f4mes et affiner son palais. Et toujours des <b>mets de choix<\/b> pour accompagner tout \u00e7a\u2009!<\/p>\n<p class=\" wall-content\">Pour celles et ceux qui voudraient repartir avec un joli stock\u2009: il est possible de b\u00e9n\u00e9ficier de <b>pr\u00eat de chariots et de livraison \u00e0 domicile.<\/b> Une aire de chargement pour les achats volumineux est aussi am\u00e9nag\u00e9e.<\/p>\n<p>Une nouvelle formation<\/p>\n<p class=\" wall-content\">Cette ann\u00e9e, une <b>formation unique <\/b>sera pr\u00e9sent\u00e9e au salon\u2009: celle pour devenir \u00ab\u2009Compagnon Vigneron\u2009\u00bb. L\u2019organisation va mettre en lumi\u00e8re le partenariat entre les Compagnons du Devoir et les Vignerons ind\u00e9pendants pour<b> proposer une formation d\u2019excellence de \u00ab\u2009Compagnon Vigneron\u2009\u00bb<\/b> (accessible aux plus de 18\u00a0ans),<b> <\/b><b>samedi 22\u00a0novembre \u00e0 15\u2009h<\/b>.<\/p>\n<p>Votre r\u00e9gion, votre actu !<\/p>\n<p>Recevez chaque jour les infos qui comptent pour vous.<\/p>\n<p>\t<a href=\"https:\/\/actu.fr\/newsletter\" class=\"ac-btn ac-btn--corner ac-btn--medium ac-btn--blue800\" rel=\"nofollow noopener\" target=\"_blank\">S&rsquo;incrire<\/a><br \/>\n\u00ab\u2009Une viniculture plus verte, plus jeune, plus f\u00e9minine\u2009\u00bb<\/p>\n<p class=\" wall-content\">Pour pr\u00e9cision, le syndicat des <a href=\"https:\/\/www.vignerons-independants.com\/\" rel=\"nofollow noopener\" target=\"_blank\">Vignerons ind\u00e9pendants<\/a> a pour ambition d\u2019incarner \u00ab\u2009une viticulture plus verte, plus jeune, plus f\u00e9minine, plus \u00e9tonnante.\u2009\u00bb Il d\u00e9fend des valeurs ch\u00e8res \u00e0 ses adh\u00e9rents\u2009: \u00ab\u2009Derri\u00e8re chaque vin, un auteur-vigneron porteur de sens et de proximit\u00e9 avec le consommateur.\u2009\u00bb<\/p>\n<p class=\" wall-content\">Il n\u2019y a plus qu\u2019\u00e0 venir sur place pour se faire son id\u00e9e. Le salon sera ouvert<b> les vendredi\u00a021 et samedi 22\u00a0novembre de 10\u2009h \u00e0 20\u2009h, dimanche\u00a023 de 10\u2009h \u00e0 19\u2009h et lundi\u00a024 de 10\u2009h \u00e0 16\u2009h <\/b>au Halls Paris\/Bruxelles. Le tarif d\u2019entr\u00e9e est affich\u00e9 \u00e0 <b>6\u00a0euros<\/b> (avec un verre de d\u00e9gustation offert). Il est en tarif r\u00e9duit, \u00e0 3\u00a0euros, pour les groupes (plus de 10\u00a0personnes) et \u00e9tudiants. Enfin, il est<b> gratuit pour les professionnels<\/b> (vinicoles, de la restauration, les \u00e9tudiants en viticulture et en \u0153nologie, sur justificatif).<\/p>\n<p class=\" wall-content\">Billetterie <a href=\"https:\/\/www.vignerons-independants.com\/\" rel=\"nofollow noopener\" target=\"_blank\">par ici<\/a>.<\/p>\n<p class=\" wall-content\">Personnalisez votre actualit\u00e9 en ajoutant vos villes et m\u00e9dias en favori avec <a href=\"https:\/\/moncompte.actu.fr\" title=\"D\u00e9couvez Mon Actu\" rel=\"nofollow noopener\" data-trk=\"{&quot;cta&quot;:{&quot;action&quot;:&quot;https:\\\/\\\/moncompte.actu.fr&quot;,&quot;category&quot;:&quot;mon compte&quot;,&quot;from&quot;:&quot;article footer&quot;,&quot;name&quot;:&quot;Mon actu&quot;,&quot;type&quot;:&quot;cta&quot;}}\" target=\"_blank\">Mon Actu<\/a>.<\/p>\n","protected":false},"excerpt":{"rendered":"Par Amandine Vachez Publi\u00e9 le 19 nov. 2025 \u00e0 11h00 C\u2019est un rendez-vous couru, en particulier par les&hellip;\n","protected":false},"author":2,"featured_media":544499,"comment_status":"","ping_status":"","sticky":false,"template":"","format":"standard","meta":{"footnotes":""},"categories":[2815],"tags":[1111,11,1777,674,1011,27,811,1307,12,25,104,16812,1662],"class_list":{"0":"post-544498","1":"post","2":"type-post","3":"status-publish","4":"format-standard","5":"has-post-thumbnail","7":"category-lille","8":"tag-actu","9":"tag-actualites","10":"tag-eu","11":"tag-europe","12":"tag-fr","13":"tag-france","14":"tag-hauts-de-france","15":"tag-lille","16":"tag-news","17":"tag-republique-francaise","18":"tag-societe","19":"tag-terroir","20":"tag-vin"},"share_on_mastodon":{"url":"https:\/\/pubeurope.com\/@fr\/115575942473102508","error":""},"_links":{"self":[{"href":"https:\/\/www.europesays.com\/fr\/wp-json\/wp\/v2\/posts\/544498","targetHints":{"allow":["GET"]}}],"collection":[{"href":"https:\/\/www.europesays.com\/fr\/wp-json\/wp\/v2\/posts"}],"about":[{"href":"https:\/\/www.europesays.com\/fr\/wp-json\/wp\/v2\/types\/post"}],"author":[{"embeddable":true,"href":"https:\/\/www.europesays.com\/fr\/wp-json\/wp\/v2\/users\/2"}],"replies":[{"embeddable":true,"href":"https:\/\/www.europesays.com\/fr\/wp-json\/wp\/v2\/comments?post=544498"}],"version-history":[{"count":0,"href":"https:\/\/www.europesays.com\/fr\/wp-json\/wp\/v2\/posts\/544498\/revisions"}],"wp:featuredmedia":[{"embeddable":true,"href":"https:\/\/www.europesays.com\/fr\/wp-json\/wp\/v2\/media\/544499"}],"wp:attachment":[{"href":"https:\/\/www.europesays.com\/fr\/wp-json\/wp\/v2\/media?parent=544498"}],"wp:term":[{"taxonomy":"category","embeddable":true,"href":"https:\/\/www.europesays.com\/fr\/wp-json\/wp\/v2\/categories?post=544498"},{"taxonomy":"post_tag","embeddable":true,"href":"https:\/\/www.europesays.com\/fr\/wp-json\/wp\/v2\/tags?post=544498"}],"curies":[{"name":"wp","href":"https:\/\/api.w.org\/{rel}","templated":true}]}}