{"id":544518,"date":"2025-11-19T10:51:31","date_gmt":"2025-11-19T10:51:31","guid":{"rendered":"https:\/\/www.europesays.com\/fr\/544518\/"},"modified":"2025-11-19T10:51:31","modified_gmt":"2025-11-19T10:51:31","slug":"la-pologne-repond-en-fermant-le-dernier-consulat-russe","status":"publish","type":"post","link":"https:\/\/www.europesays.com\/fr\/544518\/","title":{"rendered":"la Pologne r\u00e9pond en fermant le dernier consulat russe"},"content":{"rendered":"<p>Le ministre polonais des Affaires \u00e9trang\u00e8res, Radoslaw Sikorski, a d\u00e9clar\u00e9 \u00e0 des journalistes\u00a0: \u00ab\u00a0J\u2019ai d\u00e9cid\u00e9 de retirer l\u2019autorisation de fonctionnement du consulat russe \u00e0 Gdansk.\u00a0\u00bb Cette d\u00e9cision signifie que la seule mission diplomatique russe qui restera ouverte en Pologne sera l\u2019ambassade \u00e0 Varsovie.<\/p>\n<p>D\u00e9gradation des relations<\/p>\n<p>\u00c0 Moscou, le porte-parole du Kremlin, Dmitri Peskov, a r\u00e9agi\u00a0: \u00ab\u00a0Les relations avec la Pologne se sont compl\u00e8tement d\u00e9grad\u00e9es. Cette (d\u00e9cision) est probablement un sympt\u00f4me de cette d\u00e9gradation.\u00a0\u00bb \u00ab\u00a0Ici, nous ne pouvons qu\u2019exprimer nos regrets\u00a0\u00bb, a-t-il ajout\u00e9.<\/p>\n","protected":false},"excerpt":{"rendered":"Le ministre polonais des Affaires \u00e9trang\u00e8res, Radoslaw Sikorski, a d\u00e9clar\u00e9 \u00e0 des journalistes\u00a0: \u00ab\u00a0J\u2019ai d\u00e9cid\u00e9 de retirer l\u2019autorisation&hellip;\n","protected":false},"author":2,"featured_media":544519,"comment_status":"","ping_status":"","sticky":false,"template":"","format":"standard","meta":{"footnotes":""},"categories":[1591],"tags":[11,1887,12,1885,1886,132],"class_list":{"0":"post-544518","1":"post","2":"type-post","3":"status-publish","4":"format-standard","5":"has-post-thumbnail","7":"category-russie","8":"tag-actualites","9":"tag-federation-de-russie","10":"tag-news","11":"tag-russia","12":"tag-russian-federation","13":"tag-russie"},"share_on_mastodon":{"url":"https:\/\/pubeurope.com\/@fr\/115575985476601039","error":""},"_links":{"self":[{"href":"https:\/\/www.europesays.com\/fr\/wp-json\/wp\/v2\/posts\/544518","targetHints":{"allow":["GET"]}}],"collection":[{"href":"https:\/\/www.europesays.com\/fr\/wp-json\/wp\/v2\/posts"}],"about":[{"href":"https:\/\/www.europesays.com\/fr\/wp-json\/wp\/v2\/types\/post"}],"author":[{"embeddable":true,"href":"https:\/\/www.europesays.com\/fr\/wp-json\/wp\/v2\/users\/2"}],"replies":[{"embeddable":true,"href":"https:\/\/www.europesays.com\/fr\/wp-json\/wp\/v2\/comments?post=544518"}],"version-history":[{"count":0,"href":"https:\/\/www.europesays.com\/fr\/wp-json\/wp\/v2\/posts\/544518\/revisions"}],"wp:featuredmedia":[{"embeddable":true,"href":"https:\/\/www.europesays.com\/fr\/wp-json\/wp\/v2\/media\/544519"}],"wp:attachment":[{"href":"https:\/\/www.europesays.com\/fr\/wp-json\/wp\/v2\/media?parent=544518"}],"wp:term":[{"taxonomy":"category","embeddable":true,"href":"https:\/\/www.europesays.com\/fr\/wp-json\/wp\/v2\/categories?post=544518"},{"taxonomy":"post_tag","embeddable":true,"href":"https:\/\/www.europesays.com\/fr\/wp-json\/wp\/v2\/tags?post=544518"}],"curies":[{"name":"wp","href":"https:\/\/api.w.org\/{rel}","templated":true}]}}