{"id":544520,"date":"2025-11-19T10:53:19","date_gmt":"2025-11-19T10:53:19","guid":{"rendered":"https:\/\/www.europesays.com\/fr\/544520\/"},"modified":"2025-11-19T10:53:19","modified_gmt":"2025-11-19T10:53:19","slug":"volodymyr-zelensky-se-rend-en-turquie-ce-mercredi","status":"publish","type":"post","link":"https:\/\/www.europesays.com\/fr\/544520\/","title":{"rendered":"Volodymyr Zelensky se rend en Turquie ce mercredi"},"content":{"rendered":"<p>\n    Plusieurs cycles de pourparlers se sont tenus \u00e0 Istanbul pour tenter de trouver une issue \u00e0 l\u2019invasion russe de l\u2019Ukraine, lanc\u00e9e en 2022, mais les discussions n\u2019ont jusqu\u2019\u00e0 pr\u00e9sent abouti \u00e0 aucune avanc\u00e9e majeure.<\/p>\n<p class=\"fig-paragraph\">Pour tenter de \u00abraviver\u00bb\u00a0<a href=\"http:\/\/www.lefigaro.fr\/international\/eclats-du-monde-n058-negociations-de-paix-en-ukraine-les-manipulations-de-vladimir-poutine-20250327\" target=\"_blank\" data-fig-type=\"Article\" rel=\"noopener\" data-gtm-custom-categorie=\"navigation\" data-gtm-custom-action=\"crossclick\" data-gtm-custom-label=\"Contextuel\" data-gtm-event=\"customEventSPE\" data-fig-domain=\"LEFIGARO\">des n\u00e9gociations<\/a>\u00a0de paix et reprendre les\u00a0<a href=\"http:\/\/www.lefigaro.fr\/international\/la-russie-et-l-ukraine-ont-echange-185-prisonniers-de-guerre-affirme-moscou-20251002\" target=\"_blank\" data-fig-type=\"NewsFlash\" rel=\"noopener\" data-gtm-custom-categorie=\"navigation\" data-gtm-custom-action=\"crossclick\" data-gtm-custom-label=\"Contextuel\" data-gtm-event=\"customEventSPE\" data-fig-domain=\"LEFIGARO\">\u00e9changes de prisonniers<\/a>\u00a0de guerre avec la\u00a0<a href=\"http:\/\/www.lefigaro.fr\/international\/ukraine-une-attaque-de-missile-russe-tue-une-adolescente-dans-la-region-de-kharkiv-20251118\" target=\"_blank\" data-fig-type=\"NewsFlash\" rel=\"noopener\" data-gtm-custom-categorie=\"navigation\" data-gtm-custom-action=\"crossclick\" data-gtm-custom-label=\"Contextuel\" data-gtm-event=\"customEventSPE\" data-fig-domain=\"LEFIGARO\">Russie<\/a>, le pr\u00e9sident ukrainien, Volodymyr Zelensky, a annonc\u00e9 mardi qu&rsquo;il se rendrait en Turquie mercredi. \u00abDemain (mercredi), je tiendrai des r\u00e9unions en Turquie. Nous nous pr\u00e9parons \u00e0 raviver les n\u00e9gociations et avons \u00e9labor\u00e9 des solutions que nous proposerons \u00e0 nos partenaires\u00bb, a-t-il annonc\u00e9 sur les r\u00e9seaux sociaux. \u00abNous nous employons \u00e9galement \u00e0 reprendre les \u00e9changes de prisonniers de guerre et ramener nos prisonniers \u00e0 la maison\u00bb, a-t-il poursuivi.<\/p>\n<p class=\"fig-paragraph\">Le dirigeant ukrainien n\u2019a pas pr\u00e9cis\u00e9 quels responsables il pr\u00e9voyait de rencontrer. En revanche, l\u2019\u00e9missaire am\u00e9ricain\u00a0<a href=\"http:\/\/www.lefigaro.fr\/international\/les-americains-exercent-une-pression-pour-moderer-la-reponse-israelienne-jared-kushner-et-steve-witkoff-en-israel-pour-sauver-le-cessez-le-feu-a-gaza-20251020\" target=\"_blank\" data-fig-type=\"Article\" rel=\"noopener\" data-gtm-custom-categorie=\"navigation\" data-gtm-custom-action=\"crossclick\" data-gtm-custom-label=\"Contextuel\" data-gtm-event=\"customEventSPE\" data-fig-domain=\"LEFIGARO\">Steve Witkoff<\/a>\u00a0devrait se joindre \u00e0 des discussions, a indiqu\u00e9 \u00e0 l\u2019AFP une source ukrainienne impliqu\u00e9e dans la pr\u00e9paration de ces pourparlers. Selon Kiev, cette visite annonc\u00e9e mardi par Volodymyr Zelensky vise \u00e0 \u00abr\u00e9engager\u00bb les \u00c9tats-Unis dans les efforts de paix avec la Russie.<\/p>\n<p>                                    <a class=\"fig-a11y-skip a11y-hidden\" href=\"#fig-a11y-skip-main-inarticle\"><br \/>\n        Passer la publicit\u00e9<br \/>\n    <\/a><\/p>\n<p class=\"fig-paragraph\">De son c\u00f4t\u00e9, le Kremlin a indiqu\u00e9 mardi qu\u2019aucun \u00e9missaire russe ne se rendrait en Turquie pendant la visite du pr\u00e9sident ukrainien. \u00abNon, il n\u2019y aura pas de repr\u00e9sentant de la Russie en Turquie demain\u00bb, a d\u00e9clar\u00e9 le porte-parole du Kremlin, Dmitri Peskov, lors de son point presse quotidien auquel participait l\u2019AFP.<\/p>\n<p class=\"fig-paragraph\">Plusieurs cycles de pourparlers se sont tenus \u00e0 Istanbul pour tenter de trouver une issue \u00e0 l\u2019invasion russe de l\u2019Ukraine, lanc\u00e9e en 2022, mais les discussions n\u2019ont jusqu\u2019\u00e0 pr\u00e9sent abouti \u00e0 aucune avanc\u00e9e majeure. Les \u00e9changes de prisonniers de guerre et le rapatriement de corps ont \u00e9t\u00e9 les seuls r\u00e9sultats concrets de ces discussions. Le dernier \u00e9change de prisonniers en date s\u2019est d\u00e9roul\u00e9 en octobre.<\/p>\n<p><strong>Des objectifs oppos\u00e9s<\/strong><\/p>\n<p class=\"fig-paragraph\">Les positions des deux camps sur les conditions pour une paix, l\u2019instauration d\u2019un cessez-le-feu ou m\u00eame une rencontre entre leurs dirigeants continuent d\u2019\u00eatre diam\u00e9tralement oppos\u00e9es. L\u2019un des membres de la d\u00e9l\u00e9gation ukrainienne qui s\u2019\u00e9tait pr\u00e9c\u00e9demment rendue en Turquie, Roustem Oumerov, a indiqu\u00e9 samedi \u00eatre r\u00e9cemment all\u00e9 en Turquie dans le but de r\u00e9clamer la lib\u00e9ration de \u00ab1200 Ukrainiens d\u00e9tenus\u00bb en Russie.<\/p>\n<p class=\"fig-paragraph\">Volodymyr Zelensky effectue depuis lundi une tourn\u00e9e de pays europ\u00e9ens pour r\u00e9clamer davantage de soutien \u00e0 ses alli\u00e9s au moment o\u00f9 la Russie pilonne les infrastructures \u00e9nerg\u00e9tiques ukrainiennes \u00e0 l\u2019approche de l\u2019hiver. Il doit rencontrer mardi le premier ministre espagnol, Pedro S\u00e1nchez, et le roi Felipe VI, au lendemain d\u2019une visite en France.<\/p>\n","protected":false},"excerpt":{"rendered":"Plusieurs cycles de pourparlers se sont tenus \u00e0 Istanbul pour tenter de trouver une issue \u00e0 l\u2019invasion russe&hellip;\n","protected":false},"author":2,"featured_media":544521,"comment_status":"","ping_status":"","sticky":false,"template":"","format":"standard","meta":{"footnotes":""},"categories":[1590],"tags":[11,1777,674,12,3496,220,134],"class_list":{"0":"post-544520","1":"post","2":"type-post","3":"status-publish","4":"format-standard","5":"has-post-thumbnail","7":"category-ukraine","8":"tag-actualites","9":"tag-eu","10":"tag-europe","11":"tag-news","12":"tag-turquie","13":"tag-ukraine","14":"tag-volodymyr-zelensky"},"share_on_mastodon":{"url":"https:\/\/pubeurope.com\/@fr\/115575993491223305","error":""},"_links":{"self":[{"href":"https:\/\/www.europesays.com\/fr\/wp-json\/wp\/v2\/posts\/544520","targetHints":{"allow":["GET"]}}],"collection":[{"href":"https:\/\/www.europesays.com\/fr\/wp-json\/wp\/v2\/posts"}],"about":[{"href":"https:\/\/www.europesays.com\/fr\/wp-json\/wp\/v2\/types\/post"}],"author":[{"embeddable":true,"href":"https:\/\/www.europesays.com\/fr\/wp-json\/wp\/v2\/users\/2"}],"replies":[{"embeddable":true,"href":"https:\/\/www.europesays.com\/fr\/wp-json\/wp\/v2\/comments?post=544520"}],"version-history":[{"count":0,"href":"https:\/\/www.europesays.com\/fr\/wp-json\/wp\/v2\/posts\/544520\/revisions"}],"wp:featuredmedia":[{"embeddable":true,"href":"https:\/\/www.europesays.com\/fr\/wp-json\/wp\/v2\/media\/544521"}],"wp:attachment":[{"href":"https:\/\/www.europesays.com\/fr\/wp-json\/wp\/v2\/media?parent=544520"}],"wp:term":[{"taxonomy":"category","embeddable":true,"href":"https:\/\/www.europesays.com\/fr\/wp-json\/wp\/v2\/categories?post=544520"},{"taxonomy":"post_tag","embeddable":true,"href":"https:\/\/www.europesays.com\/fr\/wp-json\/wp\/v2\/tags?post=544520"}],"curies":[{"name":"wp","href":"https:\/\/api.w.org\/{rel}","templated":true}]}}