{"id":544537,"date":"2025-11-19T11:03:07","date_gmt":"2025-11-19T11:03:07","guid":{"rendered":"https:\/\/www.europesays.com\/fr\/544537\/"},"modified":"2025-11-19T11:03:07","modified_gmt":"2025-11-19T11:03:07","slug":"golf-enorme-surprise-le-golfeur-tarbais-victor-perez-claque-la-porte-du-pga-tour-et-sengage-sur-un-circuit-dissident-ladepeche-fr","status":"publish","type":"post","link":"https:\/\/www.europesays.com\/fr\/544537\/","title":{"rendered":"Golf : \u00e9norme surprise, le golfeur tarbais Victor Perez claque la porte du PGA Tour et s\u2019engage sur un circuit dissident &#8211; ladepeche.fr"},"content":{"rendered":"<ol>\n<li><a href=\"https:\/\/news.google.com\/rss\/articles\/CBMi-AFBVV95cUxOdGpyLWc3a25ONU5MTnpycXM5S1BZdmstWHRmY0F4Q0NISVAxbExKQ2EwcXI4ZGIwUk1YUi1XVW1hbS1hT3ZlQWsxQVVhMHlBVmJuVXJ1Y1Bvd1VxcG9EMGZ0eEUtSXl0LUk4QkEzY3VkVXpud2JyamxPcFF2b1YtaXVBSlh1WDlKaDhvWktOTmFmRVY5YzZMYjJSRmZDZHRpX085el84akFINERrQ3FXUlBDT1VTSUNveExhRWg1VktqalRqdU9UVW05SlEyekxyVzlVekFiZUxlNGlqVDhqTm1DU3cyQXkwSUh4MjhWOW1rYTdPcHlRMw?oc=5\" target=\"_blank\" rel=\"nofollow noopener\">Golf : \u00e9norme surprise, le golfeur tarbais Victor Perez claque la porte du PGA Tour et s\u2019engage sur un circuit dissident<\/a>&nbsp;&nbsp;ladepeche.fr<\/li>\n<li><a href=\"https:\/\/news.google.com\/rss\/articles\/CBMiigFBVV95cUxOV3VjdWI1M3E0ZDVtNVdVcUFtQmNVVjdlRDkwSHJFb3QyYmNOamN6VGJuNUVFVmtrbTZfRGdONGVUZUNYaXUyS3VqRkZEYTJ3UWVqN0c0YTdJYmNRNk1pRnZ0ZGVNWGFMNVFFNlJRX3FoTFBwSzc0UHFWMHhQMnNoblRLdFZWUWdXS2c?oc=5\" target=\"_blank\" rel=\"nofollow noopener\">Victor Perez rejoint le LIV Golf<\/a>&nbsp;&nbsp;F\u00e9d\u00e9ration fran\u00e7aise de golf (ffgolf)<\/li>\n<li><a href=\"https:\/\/news.google.com\/rss\/articles\/CBMioAFBVV95cUxNczNRa0UwZi00UnJSOTNNR2lobTZLeWZhSDJUY0k0aHZZY2pySTQtbWNPWUZyTXVXYVZ6QjhmVGVEMDdDZFhHU0c2VnFqT1pHVDJFdEtqaWpQem1YbDRMMFpQUFBnT0xJVjEzRmlMY2hSa1N3aWxfZjhSWW9IQWRSUW5QOVV6WTN2bWVMR3V0YUN5QXlwTS1IeG5aNmlEeTRO0gGfAUFVX3lxTE5VN1lMV3pKRmVCdjRPVUZsM2NBQk5tRTlLUnZzOHBjeV8wX0tFSHFuVHc0TC0tTU02TkIzZlBLU0stSjM3MjBHdzBjR1RMQnZUX2RzS0MyN095NkREYk5BQy0zRmFTSm1CTEhYUkFRczA3UkNhU1k5QmE3T0pZekluNjdoTjNsUG92RGMwSTVYVXJrTlNOM0tVZGg5bnk4bw?oc=5\" target=\"_blank\" rel=\"nofollow noopener\">Golf : Victor Perez rejoint le LIV ! : Sports &#8211; Orange<\/a>&nbsp;&nbsp;Sports &#8211; Orange<\/li>\n<li><a href=\"https:\/\/news.google.com\/rss\/articles\/CBMie0FVX3lxTFBWN3NXMUNyY2JnTkJVa3h3Zi15bUU1VVRPMzhOeENENE8tZWdtYm5BYWd0MlluRkd1UnBWREV0Nk1nUGw4NXBQWm94dlVWYVZmTzRNRHlzWTVjU25PLTYxb2ZVX2lEcGZ0dWpaakNCQ2JtNFJyUzF1N0wzNA?oc=5\" target=\"_blank\" rel=\"nofollow noopener\">Pavon souhaite bon vent \u00e0 Perez<\/a>&nbsp;&nbsp;Golf Plan\u00e8te<\/li>\n<li><a href=\"https:\/\/news.google.com\/rss\/articles\/CBMiigJBVV95cUxQZFZkS2NXMmVDQUpQclZqTXBkZFExT09jR25Wa01kZk5pYWtHZ1NrOU1sVDJaVlBXRmFMZllJbHE4QnBzamRCSHhMQXZKWjZqQ3c4ZVVUZDdtdkNlTEMtWmt3NzU3dE1qV0RaVDhIeWEzTlB2WFpMQ2V4THpOWGE1Uy1CejBmbEhTenlpbEhvZXQ3eVdKeWJGb0Rzc21oZF9ocGRzMTkxQjd1amRZaGdHSjhicGVrdlJzV3JZNzJoUjIybTlubXNGLWc4WDliYVcwU3k3bXBoak1FQWdabi1DRlA0dlhHeXdqRW8tZ29pbHZQVzJQUllySnNaUzJyeERWX0hROEQ3NXlMUQ?oc=5\" target=\"_blank\" rel=\"nofollow noopener\">Golf : Le Cleeks Golf Club, l\u2019une des \u00e9quipes de la LIV Golf League, annonce la signature de Perez<\/a>&nbsp;&nbsp;Ouest-France<\/li>\n<\/ol>\n","protected":false},"excerpt":{"rendered":"Golf : \u00e9norme surprise, le golfeur tarbais Victor Perez claque la porte du PGA Tour et s\u2019engage sur&hellip;\n","protected":false},"author":2,"featured_media":395849,"comment_status":"","ping_status":"","sticky":false,"template":"","format":"standard","meta":{"footnotes":""},"categories":[1418],"tags":[1011,27,1472,60],"class_list":{"0":"post-544537","1":"post","2":"type-post","3":"status-publish","4":"format-standard","5":"has-post-thumbnail","7":"category-golf","8":"tag-fr","9":"tag-france","10":"tag-golf","11":"tag-sports"},"share_on_mastodon":{"url":"https:\/\/pubeurope.com\/@fr\/115576032768761147","error":""},"_links":{"self":[{"href":"https:\/\/www.europesays.com\/fr\/wp-json\/wp\/v2\/posts\/544537","targetHints":{"allow":["GET"]}}],"collection":[{"href":"https:\/\/www.europesays.com\/fr\/wp-json\/wp\/v2\/posts"}],"about":[{"href":"https:\/\/www.europesays.com\/fr\/wp-json\/wp\/v2\/types\/post"}],"author":[{"embeddable":true,"href":"https:\/\/www.europesays.com\/fr\/wp-json\/wp\/v2\/users\/2"}],"replies":[{"embeddable":true,"href":"https:\/\/www.europesays.com\/fr\/wp-json\/wp\/v2\/comments?post=544537"}],"version-history":[{"count":0,"href":"https:\/\/www.europesays.com\/fr\/wp-json\/wp\/v2\/posts\/544537\/revisions"}],"wp:featuredmedia":[{"embeddable":true,"href":"https:\/\/www.europesays.com\/fr\/wp-json\/wp\/v2\/media\/395849"}],"wp:attachment":[{"href":"https:\/\/www.europesays.com\/fr\/wp-json\/wp\/v2\/media?parent=544537"}],"wp:term":[{"taxonomy":"category","embeddable":true,"href":"https:\/\/www.europesays.com\/fr\/wp-json\/wp\/v2\/categories?post=544537"},{"taxonomy":"post_tag","embeddable":true,"href":"https:\/\/www.europesays.com\/fr\/wp-json\/wp\/v2\/tags?post=544537"}],"curies":[{"name":"wp","href":"https:\/\/api.w.org\/{rel}","templated":true}]}}