{"id":544538,"date":"2025-11-19T11:04:11","date_gmt":"2025-11-19T11:04:11","guid":{"rendered":"https:\/\/www.europesays.com\/fr\/544538\/"},"modified":"2025-11-19T11:04:11","modified_gmt":"2025-11-19T11:04:11","slug":"la-paire-krattiger-dillier-passe-en-8es-de-finale","status":"publish","type":"post","link":"https:\/\/www.europesays.com\/fr\/544538\/","title":{"rendered":"La paire Krattiger\/Dillier passe en 8es de finale"},"content":{"rendered":"<p>Le duo Marco Krattiger\/Leo Dillier a sauv\u00e9 l&rsquo;honneur helv\u00e9tique dans la phase \u00e0 \u00e9limination directe des Mondiaux d&rsquo;Adelaide. Les deux hommes se sont qualifi\u00e9s mercredi pour les 8es de finale.<\/p>\n<p>Krattiger\/Dillier se sont impos\u00e9s 21-14 21-19 face aux N\u00e9erlandais Stefan Boermans\/Yorick De Groot. Ils ont ainsi fait mieux que les paires Anouk Verg\u00e9-D\u00e9pr\u00e9\/Zo\u00e9 Verg\u00e9-D\u00e9pr\u00e9 et Yves Haussener\/Julian Friedli, battues en 16es de finale la veille. Les duos Annique Niederhauser\/Leona Kernen et Adrian Heidrich\/Jonathan Jordan avaient quant \u00e0 eux \u00e9t\u00e9 sortis en barrages mardi.<\/p>\n<p>Krattiger\/Dillier feront figure d&rsquo;outsiders jeudi en 8es de finale. Ils d\u00e9fieront les Br\u00e9siliens Evandro Gon\u00e7alves\/Arthur Mariano Lanci, 5es des Jeux de Paris 2024 et vainqueurs de leurs quatre premiers matches \u00e0 Adelaide. Evandro\/Arthur Lanci ont toutefois fris\u00e9 la correctionnelle en 16es de finale, o\u00f9 ils ont effac\u00e9 trois balles de match face aux Australiens Bradley Fuller\/Ben O&rsquo;Dea.<\/p>\n<p class=\"sources\">ats\/adav<\/p>\n","protected":false},"excerpt":{"rendered":"Le duo Marco Krattiger\/Leo Dillier a sauv\u00e9 l&rsquo;honneur helv\u00e9tique dans la phase \u00e0 \u00e9limination directe des Mondiaux d&rsquo;Adelaide.&hellip;\n","protected":false},"author":2,"featured_media":544539,"comment_status":"","ping_status":"","sticky":false,"template":"","format":"standard","meta":{"footnotes":""},"categories":[1417],"tags":[3062,27306,2212,12610,1011,27,35803,35804,517,60,66310,1470,1632,1469,66311],"class_list":{"0":"post-544538","1":"post","2":"type-post","3":"status-publish","4":"format-standard","5":"has-post-thumbnail","7":"category-volley","8":"tag-autres-sports","9":"tag-beach-volley","10":"tag-championnat-du-monde","11":"tag-duo","12":"tag-fr","13":"tag-france","14":"tag-leo-dillier","15":"tag-marco-krattiger","16":"tag-sport","17":"tag-sports","18":"tag-stefan-boermans","19":"tag-volley","20":"tag-volley-ball","21":"tag-volleyball","22":"tag-yorick-de-groot"},"share_on_mastodon":{"url":"https:\/\/pubeurope.com\/@fr\/115576036782830791","error":""},"_links":{"self":[{"href":"https:\/\/www.europesays.com\/fr\/wp-json\/wp\/v2\/posts\/544538","targetHints":{"allow":["GET"]}}],"collection":[{"href":"https:\/\/www.europesays.com\/fr\/wp-json\/wp\/v2\/posts"}],"about":[{"href":"https:\/\/www.europesays.com\/fr\/wp-json\/wp\/v2\/types\/post"}],"author":[{"embeddable":true,"href":"https:\/\/www.europesays.com\/fr\/wp-json\/wp\/v2\/users\/2"}],"replies":[{"embeddable":true,"href":"https:\/\/www.europesays.com\/fr\/wp-json\/wp\/v2\/comments?post=544538"}],"version-history":[{"count":0,"href":"https:\/\/www.europesays.com\/fr\/wp-json\/wp\/v2\/posts\/544538\/revisions"}],"wp:featuredmedia":[{"embeddable":true,"href":"https:\/\/www.europesays.com\/fr\/wp-json\/wp\/v2\/media\/544539"}],"wp:attachment":[{"href":"https:\/\/www.europesays.com\/fr\/wp-json\/wp\/v2\/media?parent=544538"}],"wp:term":[{"taxonomy":"category","embeddable":true,"href":"https:\/\/www.europesays.com\/fr\/wp-json\/wp\/v2\/categories?post=544538"},{"taxonomy":"post_tag","embeddable":true,"href":"https:\/\/www.europesays.com\/fr\/wp-json\/wp\/v2\/tags?post=544538"}],"curies":[{"name":"wp","href":"https:\/\/api.w.org\/{rel}","templated":true}]}}