{"id":544540,"date":"2025-11-19T11:05:13","date_gmt":"2025-11-19T11:05:13","guid":{"rendered":"https:\/\/www.europesays.com\/fr\/544540\/"},"modified":"2025-11-19T11:05:13","modified_gmt":"2025-11-19T11:05:13","slug":"le-carton-rouge-du-sud-africain-franco-mostert-contre-litalie-annule-lequipe","status":"publish","type":"post","link":"https:\/\/www.europesays.com\/fr\/544540\/","title":{"rendered":"Le carton rouge du Sud-Africain Franco Mostert contre l&#039;Italie annul\u00e9 &#8211; L&#039;\u00c9quipe"},"content":{"rendered":"<ol>\n<li><a href=\"https:\/\/news.google.com\/rss\/articles\/CBMiuAFBVV95cUxPV1p6U3g0UVltV3hWeGVtcU8wQUhFeU5MZWstSi1IbDRvVDQ5VkIxQ2QxWlJRS3JyalN1T0sySE9xMFBWUm0taTBTbFY1ZnBtUTR1MHR4R012NTI3c3Rxb0VPMlZ5LUlKaFlkUGJVMVdaeV9pMGpXU2JQTW1UVmJfUXdfUE1semRmX29QSldxSmFSRnV5V3UzUThRbWo0NjZkOGtEY2cxTXV2NUJobnZoR3BnSHo4dzBU?oc=5\" target=\"_blank\" rel=\"nofollow noopener\">Le carton rouge du Sud-Africain Franco Mostert contre l&rsquo;Italie annul\u00e9<\/a>&nbsp;&nbsp;L&rsquo;\u00c9quipe<\/li>\n<li><a href=\"https:\/\/news.google.com\/rss\/articles\/CBMijAJBVV95cUxQRUlKNjY4U3hyMS01UkNPRkJlT0tENnROMmJITGdmaWM3VGV6a1BYMEtueDZ3NDFJR2hEcU1YTGU0NzFuZFc3N2EyRTBrd29EYmVjcC14VGdYQnpoZDRzMW9NZmJwcmUwTjMzVmZaQ2xlZGRranU2aWZfZVNmclYzTnBkT2JzYTJWblZXNi0yZGNsd2MybzhBOVVMdXpqdDQ0NnhxaU1DOW0wWE9rVmNGbWlkamhCazl4TnZmeFZvMW1sUVVHZGVjS29ROWZSTi1kQkJZYXdGemJEd1NBdURNbF8yUm1oc2ZtaWluNWlLOFRPWGlNNkdwbDQ4ZEhDdmZVQzlwZHVzcFRnbUhM?oc=5\" target=\"_blank\" rel=\"nofollow noopener\">\u00ab\u00a0Sommes-nous trait\u00e9s \u00e9quitablement ? Je ne le crois pas\u00a0\u00bb : un entra\u00eeneur des Boks se plaint de l\u2019arbitrage<\/a>&nbsp;&nbsp;Rugbyrama<\/li>\n<li><a href=\"https:\/\/news.google.com\/rss\/articles\/CBMi1gFBVV95cUxOQnhqVFJBSWx5bWFNdkVmcmtpZU5xdlc1a1FwU0VmVWo1dlFQUDFuUk5KQVY1TElnakhmejZnSktZN3FGTGFuSDk1SkhIanBpVDBzVkdmR1RDMkpGa1ctTE1RUUJSMHlrc0ZGNEtUc0w5bEx2Snc2cWIybnl3bkJCRWNJdkN6RTBkclNFVHlneGZObVZGSGFvbTBkWWJVSTBLTEJBbWE5UU1HNFBxN0FoVjV6aWhJNC14Tkd6VlBBRi0yS3VpWDU4cHRLMUhXdGx3b2lTSmJn?oc=5\" target=\"_blank\" rel=\"nofollow noopener\">\u00ab\u00a0On est en train de d\u00e9truire le rugby\u00a0\u00bb : Eddie Jones voit rouge face au nombre de cartons sortis<\/a>&nbsp;&nbsp;Actu.fr<\/li>\n<li><a href=\"https:\/\/news.google.com\/rss\/articles\/CBMiywFBVV95cUxPZ2lJTDktelExX0pseFpPR1Fwc2l4YW1jVkh6eUNaaWpBR1pjLXVrWENMYVd0NGxZSWJMcnJRdi12b3NJVGpJS0NoekhRbHIwSXZwV0k5VHhxVWJmREd1MjVQM3lsY1Z5WGppdFlMLUdaM1UyWXVTVGx6ZGJiVXNsUWEzbHJCRXo3Zno2YmpYNkJKMkhRMllLbUtsMGFUUm1ua2xrcHV3aG0xdUNtc0FVSXJ0T1JMZW1maXd1NklxZmdYc01OWWdLcVJrVQ?oc=5\" target=\"_blank\" rel=\"nofollow noopener\">Rugby : \u00ab\u00a0C\u2019est triste !\u00a0\u00bb L\u2019Afrique du Sud en col\u00e8re apr\u00e8s le carton rouge contre la France<\/a>&nbsp;&nbsp;ladepeche.fr<\/li>\n<li><a href=\"https:\/\/news.google.com\/rss\/articles\/CBMiowFBVV95cUxNMDZxeWo5SlBsMTVjeVhBbExUalZ6UWNNYTdHV3N5NXQ3LXlfY1h1SDV2MEY1QWZCcENtMXU2U2VnUXRwQzFMbDJJbTAxVTFZSE5Vc1BrR3VWQzlESXJOUE9yTDdKUFpDQ2h6MUEtWGZfVmpIZXY2aWl3anliS3FReFhsSDFaaWpwS04yb09xdFhnNF92dUJBODNZaVBDTld6ZTBZ?oc=5\" target=\"_blank\" rel=\"nofollow noopener\">Rugby : apr\u00e8s la France, l&rsquo;Afrique du Sud \u00e9c\u0153ure l&rsquo;Italie<\/a>&nbsp;&nbsp;Le Figaro<\/li>\n<\/ol>\n","protected":false},"excerpt":{"rendered":"Le carton rouge du Sud-Africain Franco Mostert contre l&rsquo;Italie annul\u00e9&nbsp;&nbsp;L&rsquo;\u00c9quipe \u00ab\u00a0Sommes-nous trait\u00e9s \u00e9quitablement ? Je ne le crois&hellip;\n","protected":false},"author":2,"featured_media":544541,"comment_status":"","ping_status":"","sticky":false,"template":"","format":"standard","meta":{"footnotes":""},"categories":[1416],"tags":[1011,27,479,1468,60],"class_list":{"0":"post-544540","1":"post","2":"type-post","3":"status-publish","4":"format-standard","5":"has-post-thumbnail","7":"category-rugby","8":"tag-fr","9":"tag-france","10":"tag-rugby","11":"tag-rugby-football","12":"tag-sports"},"share_on_mastodon":{"url":"https:\/\/pubeurope.com\/@fr\/115576040706783809","error":""},"_links":{"self":[{"href":"https:\/\/www.europesays.com\/fr\/wp-json\/wp\/v2\/posts\/544540","targetHints":{"allow":["GET"]}}],"collection":[{"href":"https:\/\/www.europesays.com\/fr\/wp-json\/wp\/v2\/posts"}],"about":[{"href":"https:\/\/www.europesays.com\/fr\/wp-json\/wp\/v2\/types\/post"}],"author":[{"embeddable":true,"href":"https:\/\/www.europesays.com\/fr\/wp-json\/wp\/v2\/users\/2"}],"replies":[{"embeddable":true,"href":"https:\/\/www.europesays.com\/fr\/wp-json\/wp\/v2\/comments?post=544540"}],"version-history":[{"count":0,"href":"https:\/\/www.europesays.com\/fr\/wp-json\/wp\/v2\/posts\/544540\/revisions"}],"wp:featuredmedia":[{"embeddable":true,"href":"https:\/\/www.europesays.com\/fr\/wp-json\/wp\/v2\/media\/544541"}],"wp:attachment":[{"href":"https:\/\/www.europesays.com\/fr\/wp-json\/wp\/v2\/media?parent=544540"}],"wp:term":[{"taxonomy":"category","embeddable":true,"href":"https:\/\/www.europesays.com\/fr\/wp-json\/wp\/v2\/categories?post=544540"},{"taxonomy":"post_tag","embeddable":true,"href":"https:\/\/www.europesays.com\/fr\/wp-json\/wp\/v2\/tags?post=544540"}],"curies":[{"name":"wp","href":"https:\/\/api.w.org\/{rel}","templated":true}]}}