{"id":544542,"date":"2025-11-19T11:06:14","date_gmt":"2025-11-19T11:06:14","guid":{"rendered":"https:\/\/www.europesays.com\/fr\/544542\/"},"modified":"2025-11-19T11:06:14","modified_gmt":"2025-11-19T11:06:14","slug":"coupe-davis-les-regrets-de-rinderknech-sports","status":"publish","type":"post","link":"https:\/\/www.europesays.com\/fr\/544542\/","title":{"rendered":"Coupe Davis : Les regrets de Rinderknech : Sports"},"content":{"rendered":"<p class=\"date\">\n                                                            Guillaume Marion, Media365, publi\u00e9 le mercredi 19 novembre 2025 \u00e0 09h55\n                                                    <\/p>\n<p>Apr\u00e8s sa d\u00e9faite face \u00e0 Zizou Bergs mardi soir, synonyme d&rsquo;\u00e9limination pour les Bleus d\u00e8s les quarts de finale de la Coupe Davis, Arthur Rinderknech avait du mal \u00e0 cacher sa d\u00e9ception.<\/p>\n<p>Les Bleus n&rsquo;iront pas plus loin. En effet, alors qu&rsquo;elle participait pour la premi\u00e8re fois \u00e0 la phase finale de cette nouvelle formule de la Coupe Davis, <strong>l&rsquo;\u00e9quipe de France a \u00e9t\u00e9 \u00e9limin\u00e9e mardi soir d\u00e8s les quarts de finale par la Belgique (0-2).<\/strong> Car, apr\u00e8s la d\u00e9faite de Corentin Moutet face \u00e0 Rapha\u00ebl Collignon, c&rsquo;est ensuite Arthur Rinderknech qui a \u00e9t\u00e9 battu par Zizou Bergs \u00e0 Bologne (Italie).<\/p>\n<p>Face \u00e0 une \u00e9quipe qui semblait pourtant \u00e0 leur port\u00e9e, les Tricolores ont d\u00e9\u00e7u et sortent donc par la petite porte. \u00ab Il y a le fait de ne pas avoir r\u00e9ussi \u00e0 matcher son intensit\u00e9 \u00e0 lui, qui est un joueur qui en met beaucoup, qui joue un peu \u00e0 ma fa\u00e7on. <strong>Il a plus r\u00e9ussi \u00e0 faire que moi. C&rsquo;est pour \u00e7a qu&rsquo;il gagne ce (mardi) soir<\/strong> \u00bb, a notamment reconnu celui qui a atteint la finale du Masters 1000 de Shanghai au moment d&rsquo;\u00e9voquer les raisons de sa d\u00e9faite.<\/p>\n<p><strong>Rinderknech d\u00e9\u00e7u pour ses co\u00e9quipiers<\/strong><\/p>\n<p>\u00ab Est-ce que je n&rsquo;ai pas r\u00e9ussi \u00e0 le faire parce que techniquement ou mentalement, je n&rsquo;\u00e9tais pas dans la bonne case pour le r\u00e9aliser ? Ou est-ce que parce que physiquement, j&rsquo;\u00e9tais un petit peu fatigu\u00e9 ? Maintenant, quand tu joues pour l&rsquo;\u00e9quipe, pour le pays, tu n&rsquo;en as rien \u00e0 faire de l&rsquo;\u00e9tat dans lequel tu es. <strong>Si tu as un poignet cass\u00e9 ou une raquette cass\u00e9e, tu donnes tout ce que tu as et tu vas chercher au fond de toi pour trouver des solutions<\/strong> \u00bb, a par la suite d\u00e9clar\u00e9 Rinderknech.<\/p>\n<p>\u00ab D\u00e9j\u00e0, les d\u00e9faites toute l&rsquo;ann\u00e9e ne sont pas simples. Encore plus quand tu joues pour une \u00e9quipe, pour des copains, pour un staff, pour un capitaine qui sont exemplaires, qui nous poussent. (&#8230;) <strong>J&rsquo;ai une pens\u00e9e pour Ben (Bonzi), Pierre Hugues (Herbert) et Gio (Mpetshi Perricard) qui n&rsquo;ont pas jou\u00e9 ce soir. Et \u00e7a me fait mal de ne pas leur avoir donn\u00e9 la chance de jouer<\/strong> \u00bb, a \u00e9galement expliqu\u00e9 le 29e mondial, dans des propos recueillis par L&rsquo;Equipe.<\/p>\n","protected":false},"excerpt":{"rendered":"Guillaume Marion, Media365, publi\u00e9 le mercredi 19 novembre 2025 \u00e0 09h55 Apr\u00e8s sa d\u00e9faite face \u00e0 Zizou Bergs&hellip;\n","protected":false},"author":2,"featured_media":544543,"comment_status":"","ping_status":"","sticky":false,"template":"","format":"standard","meta":{"footnotes":""},"categories":[1415],"tags":[1011,27,60,1467],"class_list":{"0":"post-544542","1":"post","2":"type-post","3":"status-publish","4":"format-standard","5":"has-post-thumbnail","7":"category-tennis","8":"tag-fr","9":"tag-france","10":"tag-sports","11":"tag-tennis"},"share_on_mastodon":{"url":"https:\/\/pubeurope.com\/@fr\/115576044479304717","error":""},"_links":{"self":[{"href":"https:\/\/www.europesays.com\/fr\/wp-json\/wp\/v2\/posts\/544542","targetHints":{"allow":["GET"]}}],"collection":[{"href":"https:\/\/www.europesays.com\/fr\/wp-json\/wp\/v2\/posts"}],"about":[{"href":"https:\/\/www.europesays.com\/fr\/wp-json\/wp\/v2\/types\/post"}],"author":[{"embeddable":true,"href":"https:\/\/www.europesays.com\/fr\/wp-json\/wp\/v2\/users\/2"}],"replies":[{"embeddable":true,"href":"https:\/\/www.europesays.com\/fr\/wp-json\/wp\/v2\/comments?post=544542"}],"version-history":[{"count":0,"href":"https:\/\/www.europesays.com\/fr\/wp-json\/wp\/v2\/posts\/544542\/revisions"}],"wp:featuredmedia":[{"embeddable":true,"href":"https:\/\/www.europesays.com\/fr\/wp-json\/wp\/v2\/media\/544543"}],"wp:attachment":[{"href":"https:\/\/www.europesays.com\/fr\/wp-json\/wp\/v2\/media?parent=544542"}],"wp:term":[{"taxonomy":"category","embeddable":true,"href":"https:\/\/www.europesays.com\/fr\/wp-json\/wp\/v2\/categories?post=544542"},{"taxonomy":"post_tag","embeddable":true,"href":"https:\/\/www.europesays.com\/fr\/wp-json\/wp\/v2\/tags?post=544542"}],"curies":[{"name":"wp","href":"https:\/\/api.w.org\/{rel}","templated":true}]}}