{"id":544544,"date":"2025-11-19T11:10:14","date_gmt":"2025-11-19T11:10:14","guid":{"rendered":"https:\/\/www.europesays.com\/fr\/544544\/"},"modified":"2025-11-19T11:10:14","modified_gmt":"2025-11-19T11:10:14","slug":"la-championne-dukraine-juniors-dans-une-reserve-du-worldtour-actualite","status":"publish","type":"post","link":"https:\/\/www.europesays.com\/fr\/544544\/","title":{"rendered":"La Championne d&rsquo;Ukraine Juniors dans une r\u00e9serve du WorldTour &#8211; Actualit\u00e9"},"content":{"rendered":"<p style=\"text-align: justify;\">La Championne d&rsquo;Ukraine Juniors <a href=\"https:\/\/www.directvelo.com\/coureur\/60476\/milana-ushakova\" target=\"_blank\" rel=\"noopener\"><strong>Milana Ushakova<\/strong><\/a>\u00a0va d\u00e9buter chez les Espoirs en 2026 dans l&rsquo;\u00e9quipe Continentale UAE Development Team, annonce la r\u00e9serve de l&rsquo;\u00e9quipe du WorldTour f\u00e9minin. La cycliste de 18 ans courait sous le maillot de Baloise Minimax WB Ladies cette saison.<\/p>\n<p>Milana Ushakova s&rsquo;est distingu\u00e9e cette ann\u00e9e avec la 5e place du Tour du G\u00e9vaudan Occitanie en Coupe des Nations, la 11e de Bruxelles-Opwijk, la 12e du Championnat du Monde contre-la-montre ou encore la 15e de la Druivenkoers \u00e0 Overijse. Avec l&rsquo;\u00e9quipe d&rsquo;Ukraine, elle a termin\u00e9 8e du Championnat d&rsquo;Europe de relais mixte Juniors. Sur piste, elle a d\u00e9croch\u00e9 la m\u00e9daille de bronze de l&rsquo;\u00e9limination au Championnat du Monde Juniors. En 2024, l&rsquo;Ukrainienne avait remport\u00e9 le bronze de la poursuite individuelle au Championnat d&rsquo;Europe Juniors.<\/p>\n<p>Suivez tous les transferts de l&rsquo;hiver <a href=\"https:\/\/www.directvelo.com\/mutations\/2026#teams-women\" target=\"_blank\" rel=\"noopener\"><strong>en cliquant ici<\/strong><\/a>.<\/p>\n","protected":false},"excerpt":{"rendered":"La Championne d&rsquo;Ukraine Juniors Milana Ushakova\u00a0va d\u00e9buter chez les Espoirs en 2026 dans l&rsquo;\u00e9quipe Continentale UAE Development Team,&hellip;\n","protected":false},"author":2,"featured_media":544545,"comment_status":"","ping_status":"","sticky":false,"template":"","format":"standard","meta":{"footnotes":""},"categories":[1411],"tags":[834,828,836,829,837,827,83,826,824,823,1154,207,814,817,815,816,822,821,832,211,839,1011,27,820,818,819,835,831,830,833,838,60,212,208,825],"class_list":{"0":"post-544544","1":"post","2":"type-post","3":"status-publish","4":"format-standard","5":"has-post-thumbnail","7":"category-cyclisme","8":"tag-attaque","9":"tag-belgique","10":"tag-braquet","11":"tag-bretagne","12":"tag-chute","13":"tag-competition","14":"tag-coupe-de-france","15":"tag-coureur","16":"tag-course-cyclisme","17":"tag-course-cycliste","18":"tag-cycling","19":"tag-cyclisme","20":"tag-direct","21":"tag-direct-velo","22":"tag-directvelo","23":"tag-directvelo-com","24":"tag-epreuve","25":"tag-epreuve-cycliste","26":"tag-federation-francaise-de-cyclisme","27":"tag-ffc","28":"tag-flandres","29":"tag-fr","30":"tag-france","31":"tag-live","32":"tag-live-course","33":"tag-live-epreuve","34":"tag-peloton","35":"tag-radio-peloton","36":"tag-radio-tour","37":"tag-ravitaillement","38":"tag-relance","39":"tag-sports","40":"tag-uci","41":"tag-velo","42":"tag-velos"},"share_on_mastodon":{"url":"https:\/\/pubeurope.com\/@fr\/115576060415019903","error":""},"_links":{"self":[{"href":"https:\/\/www.europesays.com\/fr\/wp-json\/wp\/v2\/posts\/544544","targetHints":{"allow":["GET"]}}],"collection":[{"href":"https:\/\/www.europesays.com\/fr\/wp-json\/wp\/v2\/posts"}],"about":[{"href":"https:\/\/www.europesays.com\/fr\/wp-json\/wp\/v2\/types\/post"}],"author":[{"embeddable":true,"href":"https:\/\/www.europesays.com\/fr\/wp-json\/wp\/v2\/users\/2"}],"replies":[{"embeddable":true,"href":"https:\/\/www.europesays.com\/fr\/wp-json\/wp\/v2\/comments?post=544544"}],"version-history":[{"count":0,"href":"https:\/\/www.europesays.com\/fr\/wp-json\/wp\/v2\/posts\/544544\/revisions"}],"wp:featuredmedia":[{"embeddable":true,"href":"https:\/\/www.europesays.com\/fr\/wp-json\/wp\/v2\/media\/544545"}],"wp:attachment":[{"href":"https:\/\/www.europesays.com\/fr\/wp-json\/wp\/v2\/media?parent=544544"}],"wp:term":[{"taxonomy":"category","embeddable":true,"href":"https:\/\/www.europesays.com\/fr\/wp-json\/wp\/v2\/categories?post=544544"},{"taxonomy":"post_tag","embeddable":true,"href":"https:\/\/www.europesays.com\/fr\/wp-json\/wp\/v2\/tags?post=544544"}],"curies":[{"name":"wp","href":"https:\/\/api.w.org\/{rel}","templated":true}]}}