{"id":544548,"date":"2025-11-19T11:12:18","date_gmt":"2025-11-19T11:12:18","guid":{"rendered":"https:\/\/www.europesays.com\/fr\/544548\/"},"modified":"2025-11-19T11:12:18","modified_gmt":"2025-11-19T11:12:18","slug":"lea-salame-celle-de-raphael-glucksmann-cette-soiree-dont-elle-a-beaucoup-entendu-parler","status":"publish","type":"post","link":"https:\/\/www.europesays.com\/fr\/544548\/","title":{"rendered":"L\u00e9a Salam\u00e9 : \u00ab\u00a0Celle de Rapha\u00ebl Glucksmann&#8230;\u00a0\u00bb, cette soir\u00e9e dont elle a (beaucoup) entendu parler"},"content":{"rendered":"<p>L&rsquo;\u00e9mission Quelle Epoque !, diffus\u00e9e sur France 2 le samedi<br \/>\nsoir, est habituellement enregistr\u00e9e le vendredi. Cependant, il y a<br \/>\ndes exceptions ! Ce fut le cas pour <a href=\"https:\/\/www.closermag.fr\/evenement\/saint_valentin\/saint-valentin-2025-mais-qui-est-le-valentin-qui-donne-son-nom-a-la-fete-des-amoureux-3519058\" target=\"_blank\" rel=\"noopener\"><br \/>\nla soir\u00e9e de la Saint-Valentin<\/a>, le samedi 14 f\u00e9vrier dernier.<br \/>\nCe soir-l\u00e0, la journaliste a pr\u00e9sent\u00e9 les Victoires de la musique,<br \/>\nune soir\u00e9e non seulement bien remplie, mais aussi tr\u00e8s festive.<\/p>\n<p>L\u2019\u00e9mission du samedi 14 f\u00e9vrier avait donc \u00e9t\u00e9 tourn\u00e9e en<br \/>\ndirect. \u00ab\u00a0Je ne peux pas couper\u00a0\u00bb, avait d\u2019ailleurs soulign\u00e9<br \/>\nL\u00e9a Salam\u00e9 \u00e0 mainte reprise lors de cette \u00e9dition. Une situation<br \/>\nque l\u2019humoriste <a href=\"https:\/\/www.closermag.fr\/people\/philippe-caveriviere-qui-est-sa-femme-sarah-3583113\" target=\"_blank\" rel=\"noopener\"><br \/>\n<strong>Philippe Caverivi\u00e8re<\/strong><\/a> n\u2019avait pas manqu\u00e9 de<br \/>\nsouligner. D\u2019ailleurs, la star qui officie \u00e9galement sur<br \/>\nRTL avait charrier la femme de <strong>Rapha\u00ebl<br \/>\nGlucksmann<\/strong> sur la <a href=\"https:\/\/www.closermag.fr\/people\/lea-salame-seule-pour-la-saint-valentin-bonne-nouvelle-pour-raphael-glucksmann-il-rit-jaune-3519340\" target=\"_blank\" rel=\"noopener\"><br \/>\nSaint-Valentin en solo<\/a> de son mari.<\/p>\n<p>L\u00e9a Salam\u00e9 : une Saint-Valentin qui contraste avec celle de<br \/>\nRapha\u00ebl Glucksmann<\/p>\n<p>En revoyant une s\u00e9quence de la soir\u00e9e des <strong>Victoires<br \/>\nde la musique<\/strong>, Philippe Caverivi\u00e8re avait lanc\u00e9 :<br \/>\n\u00ab\u00a0\u00c7a c&rsquo;est votre Saint-Valentin, c&rsquo;est sympa avec<br \/>\n<strong>des beaux gosses<\/strong>. On fait des<br \/>\nc\u00e2lins\u2026\u00a0\u00bb. \u00ab\u00a0J\u2019\u00e9tais tr\u00e8s heureuse d\u2019\u00eatre avec<br \/>\n<strong>Cyril F\u00e9raud<\/strong>\u00ab\u00a0, avait expliqu\u00e9 <strong>L\u00e9a<br \/>\nSalam\u00e9<\/strong>. Seulement, si dans cette s\u00e9quence elle \u00e9tait<br \/>\nentour\u00e9e de stars comme <strong>Pierre Garnier<\/strong>,<br \/>\n<strong>Thomas Jolly<\/strong> ou encore <strong>Gims<\/strong>, son<br \/>\nmari Rapha\u00ebl Glucksmann a \u00e9t\u00e9 plus solitaire.<\/p>\n<p>\u00ab\u00a0J&rsquo;aimerais qu&rsquo;on voit <strong>une Saint Valentin<br \/>\nplus calme<\/strong>, celle de Rapha\u00ebl Glucksmann\u00a0\u00bb,<br \/>\navait alors poursuivi Philippe Caverivi\u00e8re sur un montage photo sur<br \/>\nlequel on voyait l\u2019homme politique assis tout seul sur son canap\u00e9.<br \/>\n\u00ab\u00a0Le pauvre, il s&rsquo;est tap\u00e9 les Victoires <strong>tout<br \/>\nseul devant sa t\u00e9l\u00e9<\/strong>. Il \u00e9tait devant un navarin<br \/>\nde la mer de chez Picard mal d\u00e9congel\u00e9\u2026 <strong>Soir\u00e9e de<br \/>\nmerde<\/strong> !\u00a0\u00bb, a ajout\u00e9 l\u2019humoriste bien que L\u00e9a<br \/>\nSalam\u00e9 lui ait dit : \u00ab\u00a0Arr\u00eate avec \u00e7a !\u00a0\u00bb.<\/p>\n<blockquote class=\"twitter-tweet\"><p><a class=\"twitter-link\" rel=\"noindex, nofollow noopener\" href=\"https:\/\/twitter.com\/RTLFrance\/status\/1890362854924251332\" target=\"_blank\"><\/p><\/blockquote>\n<p>L\u00e9a Salam\u00e9 : Philippe Caverivi\u00e8re<br \/>\nr\u00e9cidive<\/p>\n<p>Apr\u00e8s cette bonne vanne, Philippe Caverivi\u00e8re a tout de m\u00eame<br \/>\ncalm\u00e9 les choses. \u00ab\u00a0Je vous taquine, vous \u00eates<br \/>\n<strong>un couple magnifique<\/strong>. On a beaucoup<br \/>\nparl\u00e9 de votre coup de foudre sur un plateau t\u00e9l\u00e9\u00a0\u00bb, avait-il<br \/>\nrepris.<\/p>\n<p>Cela rappelle la sc\u00e8ne d\u2019il y a 10 ans exactement. Le 14 f\u00e9vrier<br \/>\n2015, Rapha\u00ebl Glucksmann avait fait un <strong>passage sur<br \/>\nRTL<\/strong>. \u00ab\u00a0La bonne nouvelle pour vous, c\u2019est que<br \/>\nL\u00e9a Salam\u00e9 pr\u00e9sente ce soir Les Victoires de la Musique sur France<br \/>\n2, donc vous n\u2019aurez <strong>pas \u00e0 payer le fameux<br \/>\nresto<\/strong> de Saint-Valentin !\u00a0\u00bb, avait lanc\u00e9<br \/>\nPhilippe Caverivi\u00e8re au politicien. Ne l\u00e2chant pas l\u2019affaire, il<br \/>\navait continu\u00e9 avec :\u00a0 \u00ab\u00a0Le revers de la m\u00e9daille, c\u2019est<br \/>\nque par amour vous allez devoir vous taper toute la c\u00e9r\u00e9monie et<br \/>\nfaire semblant de ne pas avoir trouv\u00e9 \u00e7a chiant et lui dire \u2018tu as<br \/>\n\u00e9t\u00e9 formidable ch\u00e9rie\u2019 quand elle va rentrer \u00e0 2h45\u00a0\u00bb. De<br \/>\nl\u2019humour \u00e0 toute \u00e9preuve.<\/p>\n<p><script async src=\"https:\/\/platform.twitter.com\/widgets.js\" charset=\"utf-8\"><\/script><\/p>\n","protected":false},"excerpt":{"rendered":"L&rsquo;\u00e9mission Quelle Epoque !, diffus\u00e9e sur France 2 le samedi soir, est habituellement enregistr\u00e9e le vendredi. Cependant, il&hellip;\n","protected":false},"author":2,"featured_media":544549,"comment_status":"","ping_status":"","sticky":false,"template":"","format":"standard","meta":{"footnotes":""},"categories":[1359],"tags":[548,10281,58,59,1011,27,3806,973,6055],"class_list":{"0":"post-544548","1":"post","2":"type-post","3":"status-publish","4":"format-standard","5":"has-post-thumbnail","7":"category-people","8":"tag-article-simple","9":"tag-buzz-nonli","10":"tag-divertissement","11":"tag-entertainment","12":"tag-fr","13":"tag-france","14":"tag-lea-salame","15":"tag-people","16":"tag-republishing"},"share_on_mastodon":{"url":"https:\/\/pubeurope.com\/@fr\/115576068202616850","error":""},"_links":{"self":[{"href":"https:\/\/www.europesays.com\/fr\/wp-json\/wp\/v2\/posts\/544548","targetHints":{"allow":["GET"]}}],"collection":[{"href":"https:\/\/www.europesays.com\/fr\/wp-json\/wp\/v2\/posts"}],"about":[{"href":"https:\/\/www.europesays.com\/fr\/wp-json\/wp\/v2\/types\/post"}],"author":[{"embeddable":true,"href":"https:\/\/www.europesays.com\/fr\/wp-json\/wp\/v2\/users\/2"}],"replies":[{"embeddable":true,"href":"https:\/\/www.europesays.com\/fr\/wp-json\/wp\/v2\/comments?post=544548"}],"version-history":[{"count":0,"href":"https:\/\/www.europesays.com\/fr\/wp-json\/wp\/v2\/posts\/544548\/revisions"}],"wp:featuredmedia":[{"embeddable":true,"href":"https:\/\/www.europesays.com\/fr\/wp-json\/wp\/v2\/media\/544549"}],"wp:attachment":[{"href":"https:\/\/www.europesays.com\/fr\/wp-json\/wp\/v2\/media?parent=544548"}],"wp:term":[{"taxonomy":"category","embeddable":true,"href":"https:\/\/www.europesays.com\/fr\/wp-json\/wp\/v2\/categories?post=544548"},{"taxonomy":"post_tag","embeddable":true,"href":"https:\/\/www.europesays.com\/fr\/wp-json\/wp\/v2\/tags?post=544548"}],"curies":[{"name":"wp","href":"https:\/\/api.w.org\/{rel}","templated":true}]}}