{"id":544556,"date":"2025-11-19T11:18:17","date_gmt":"2025-11-19T11:18:17","guid":{"rendered":"https:\/\/www.europesays.com\/fr\/544556\/"},"modified":"2025-11-19T11:18:17","modified_gmt":"2025-11-19T11:18:17","slug":"non-ce-personnage-oublie-ne-reviendra-pas-confirme-james-gunn","status":"publish","type":"post","link":"https:\/\/www.europesays.com\/fr\/544556\/","title":{"rendered":"non, ce personnage oubli\u00e9 ne reviendra pas, confirme James Gunn"},"content":{"rendered":"<p><strong>Un commentaire d\u2019un acteur de l\u2019ancien DCEU a relanc\u00e9 des sp\u00e9culations autour du casting de <a href=\"https:\/\/www.ecranlarge.com\/films\/superman-man-of-tomorrow\" data-type=\"films\" data-id=\"1334972\" rel=\"nofollow noopener\" target=\"_blank\">Superman 2 : Man of Tomorrow<\/a>, mais <a href=\"https:\/\/www.ecranlarge.com\/personnalite\/652864-james-gunn-ii\" data-type=\"people\" data-id=\"304984\" rel=\"nofollow noopener\" target=\"_blank\">James Gunn<\/a> a rapidement coup\u00e9 court \u00e0 ces rumeurs en clarifiant la situation.<\/strong><\/p>\n<p>Si le nouveau DCU a pos\u00e9 ses premi\u00e8res fondations, avec<a href=\"https:\/\/www.ecranlarge.com\/saisons\/critique\/creature-commandos-critique-dc\" data-type=\"link\" data-id=\"https:\/\/www.ecranlarge.com\/saisons\/critique\/creature-commandos-critique-dc\" rel=\"nofollow noopener\" target=\"_blank\"> la super s\u00e9rie anim\u00e9e <strong>Creature Commandos<\/strong><\/a>, <a href=\"https:\/\/www.ecranlarge.com\/films\/1465753-superman-legacy\" data-type=\"link\" data-id=\"https:\/\/www.ecranlarge.com\/films\/1465753-superman-legacy\" rel=\"nofollow noopener\" target=\"_blank\"><strong>Superman <\/strong><\/a>en 2025 comme pierre angulaire, et <a href=\"https:\/\/www.ecranlarge.com\/saisons\/critique\/peacemaker-saison-2-critique-redemption-john-cena\" data-type=\"link\" data-id=\"https:\/\/www.ecranlarge.com\/saisons\/critique\/peacemaker-saison-2-critique-redemption-john-cena\" rel=\"nofollow noopener\" target=\"_blank\"><strong>Peacemaker <\/strong>qui a rempil\u00e9 pour un show encore plus barr\u00e9<\/a>, l\u2019avenir se dessine d\u00e9j\u00e0 \u00e0 l\u2019horizon. <strong><strong><a href=\"https:\/\/www.ecranlarge.com\/films\/1465788-supergirl-woman-of-tomorrow\" data-type=\"films\" data-id=\"795515\" rel=\"nofollow noopener\" target=\"_blank\">Supergirl <\/a><\/strong><\/strong>entrera en piste en 2026, suivie de l\u2019intrigant film d\u2019horreur <a href=\"https:\/\/www.ecranlarge.com\/films\/clayface\" data-type=\"films\" data-id=\"1254587\" rel=\"nofollow noopener\" target=\"_blank\"><strong>Clayface<\/strong><\/a>, pendant que la s\u00e9rie <strong><a href=\"https:\/\/www.ecranlarge.com\/series\/1353606-green-lantern\" data-type=\"series\" data-id=\"695630\" rel=\"nofollow noopener\" target=\"_blank\">Lanterns <\/a><\/strong>revisitera le mythe de la police galactique sur HBO. Mais James Gunn et Peter Safran, jamais avares de planification \u00e0 long terme, pensent d\u00e9j\u00e0 au gros chantier suivant, <strong>Superman 2 : Man of Tomorrow.<\/strong><\/p>\n<p>                    <img decoding=\"async\" alt=\"\" class=\"wp-image-518375\" style=\"object-fit:cover;width:25px;height:25px\" src=\"https:\/\/www.ecranlarge.com\/content\/uploads\/2023\/09\/arrow-right-circle.svg\"\/><\/p>\n<p>Un projet dont <a href=\"https:\/\/www.ecranlarge.com\/films\/news\/superman-2-grand-mechant-film-brainiac-dc-gunn\" data-type=\"link\" data-id=\"https:\/\/www.ecranlarge.com\/films\/news\/superman-2-grand-mechant-film-brainiac-dc-gunn\" rel=\"nofollow noopener\" target=\"_blank\">on sait d\u00e9sormais qui sera son grand m\u00e9chant<\/a>, un adversaire assez redoutable pour forcer Superman et Lex Luthor \u00e0 faire \u00e9quipe. Comme pour le <strong>Superman <\/strong>de 2025, cette suite s\u2019annonce comme une r\u00e9union de classe super-h\u00e9ro\u00efque, au point que certains y voient la premi\u00e8re marche vers une Justice League nouvelle g\u00e9n\u00e9ration. <strong>Des rumeurs amplifi\u00e9es par quelques acteurs trop bavards et que James Gunn a d\u00fb personnellement venir recadrer<\/strong>, tel un professeur exc\u00e9d\u00e9 devant une classe surexcit\u00e9e.<\/p>\n<p><a href=\"https:\/\/www.ecranlarge.com\/content\/uploads\/2025\/09\/superman-trailer-121924-5-be18d145ee184b8fb8a31a8c423284c0.jpg\" rel=\"nofollow noopener\" target=\"_blank\"><\/p>\n<p><img loading=\"lazy\" decoding=\"async\" alt=\"\" src=\"https:\/\/www.europesays.com\/fr\/wp-content\/uploads\/2025\/09\/superman-trailer-121924-5-be18d145ee184b8fb8a31a8c423284c0-1260x840.jpg\" width=\"1260\" height=\"840\"  \/><\/p>\n<p><\/a>Pas commode le profPas de docteur pour Superman<\/p>\n<p>Il y a quelques jours, interview\u00e9 par GQ, <strong>Pierce Brosnan est revenu sur son passage express mais marquant dans <\/strong><strong>Black Adam<\/strong>, o\u00f9 il incarnait un Dr Fate d\u00e9licieusement \u00e0 c\u00f4t\u00e9 de la plaque. L\u2019acteur, pas franchement homme \u00e0 garder ses convictions pour lui, a gliss\u00e9 qu\u2019il avait entendu des rumeurs selon lesquelles son personnage pourrait revenir dans <strong>Superman 2 : Man of Tomorrow<\/strong>, voire qu\u2019il pourrait avoir son propre show ou long m\u00e9trage d\u00e9di\u00e9. <\/p>\n<blockquote class=\"wp-block-quote is-layout-flow wp-block-quote-is-layout-flow\">\n<p><strong>\u00ab J\u2019ai entendu dire que Dr Fate allait avoir sa propre s\u00e9rie, ou son propre film. J\u2019ai entendu dire qu\u2019il serait dans le prochain Superman. J\u2019ai beaucoup appr\u00e9ci\u00e9 ce r\u00f4le, la philosophie du personnage, et je serais tout \u00e0 fait ouvert \u00e0 l\u2019id\u00e9e de le reprendre. \u00bb<\/strong><\/p>\n<\/blockquote>\n<p><a href=\"https:\/\/www.ecranlarge.com\/content\/uploads\/2025\/11\/pierce-brosnan-in-black-adam_jpg.jpg\" rel=\"nofollow noopener\" target=\"_blank\"><img loading=\"lazy\" decoding=\"async\" alt=\"\" class=\"wp-image-1353131\" src=\"https:\/\/www.europesays.com\/fr\/wp-content\/uploads\/2025\/11\/pierce-brosnan-in-black-adam_jpg-1260x630.jpg\" width=\"1260\" height=\"630\"  \/><\/a>James Bond pour Mardi Gras<\/p>\n<p>La bombe m\u00e9diatique \u00e0 peine l\u00e2ch\u00e9e, les r\u00e9seaux sociaux, mat\u00e9riel hautement inflammable s\u2019il en est, se sont emball\u00e9s, th\u00e9orisant sur le r\u00f4le que le Dr Fate pourrait avoir face au duo Luthor\/Kal-El. Mais<strong> James Gunn est intervenu sur le r\u00e9seau Threads pour rectifier le tir et \u00e9liminer toute possibilit\u00e9 de retour de Fate dans le DCU<\/strong>.<\/p>\n<blockquote class=\"wp-block-quote is-layout-flow wp-block-quote-is-layout-flow\">\n<p><strong>\u00ab \u00c0 ma connaissance, je n\u2019ai jamais entendu parler d\u2019une rumeur concernant Dr Fate. \u00bb<\/strong><\/p>\n<\/blockquote>\n<p>Voil\u00e0 qui a le m\u00e9rite d\u2019\u00eatre clair et qui enterre d\u00e9finitivement l\u2019hypoth\u00e8se d\u2019un retour du sorcier casqu\u00e9. <strong>Superman 2 : Man of Tomorro<\/strong><strong>w est attendu dans les salles fran\u00e7aises le 7 juillet 2027<\/strong>. Mais avant cette \u00e9ch\u00e9ance, DC compte bien occuper le terrain avec <strong>Supergirl<\/strong> qui partira en roadtrip spatial le 26 juin 2026, tandis que <strong>Clayface <\/strong>viendra terrifier les cin\u00e9mas avec sa promesse de body-horror le 11 septembre 2026. Un programme charg\u00e9, mais sans Dr Fate.<\/p>\n","protected":false},"excerpt":{"rendered":"Un commentaire d\u2019un acteur de l\u2019ancien DCEU a relanc\u00e9 des sp\u00e9culations autour du casting de Superman 2 :&hellip;\n","protected":false},"author":2,"featured_media":544557,"comment_status":"","ping_status":"","sticky":false,"template":"","format":"standard","meta":{"footnotes":""},"categories":[1354],"tags":[58,59,1346,1011,27,1360],"class_list":{"0":"post-544556","1":"post","2":"type-post","3":"status-publish","4":"format-standard","5":"has-post-thumbnail","7":"category-films","8":"tag-divertissement","9":"tag-entertainment","10":"tag-films","11":"tag-fr","12":"tag-france","13":"tag-movies"},"share_on_mastodon":{"url":"https:\/\/pubeurope.com\/@fr\/115576093318157735","error":""},"_links":{"self":[{"href":"https:\/\/www.europesays.com\/fr\/wp-json\/wp\/v2\/posts\/544556","targetHints":{"allow":["GET"]}}],"collection":[{"href":"https:\/\/www.europesays.com\/fr\/wp-json\/wp\/v2\/posts"}],"about":[{"href":"https:\/\/www.europesays.com\/fr\/wp-json\/wp\/v2\/types\/post"}],"author":[{"embeddable":true,"href":"https:\/\/www.europesays.com\/fr\/wp-json\/wp\/v2\/users\/2"}],"replies":[{"embeddable":true,"href":"https:\/\/www.europesays.com\/fr\/wp-json\/wp\/v2\/comments?post=544556"}],"version-history":[{"count":0,"href":"https:\/\/www.europesays.com\/fr\/wp-json\/wp\/v2\/posts\/544556\/revisions"}],"wp:featuredmedia":[{"embeddable":true,"href":"https:\/\/www.europesays.com\/fr\/wp-json\/wp\/v2\/media\/544557"}],"wp:attachment":[{"href":"https:\/\/www.europesays.com\/fr\/wp-json\/wp\/v2\/media?parent=544556"}],"wp:term":[{"taxonomy":"category","embeddable":true,"href":"https:\/\/www.europesays.com\/fr\/wp-json\/wp\/v2\/categories?post=544556"},{"taxonomy":"post_tag","embeddable":true,"href":"https:\/\/www.europesays.com\/fr\/wp-json\/wp\/v2\/tags?post=544556"}],"curies":[{"name":"wp","href":"https:\/\/api.w.org\/{rel}","templated":true}]}}