{"id":544566,"date":"2025-11-19T11:23:14","date_gmt":"2025-11-19T11:23:14","guid":{"rendered":"https:\/\/www.europesays.com\/fr\/544566\/"},"modified":"2025-11-19T11:23:14","modified_gmt":"2025-11-19T11:23:14","slug":"bardella-appelle-lecornu-a-renoncer-a-la-hausse-de-la-taxe-fonciere-pour-74-millions-de-logements-actualites","status":"publish","type":"post","link":"https:\/\/www.europesays.com\/fr\/544566\/","title":{"rendered":"Bardella appelle Lecornu \u00e0 renoncer \u00e0 la hausse de la taxe fonci\u00e8re pour 7,4 millions de logements : Actualit\u00e9s"},"content":{"rendered":"<p class=\"lead \">Le pr\u00e9sident du Rassemblement national Jordan Bardella a demand\u00e9 mercredi \u00e0 S\u00e9bastien Lecornu de renoncer \u00e0 la hausse de la taxe fonci\u00e8re pour 7,4 millions de logements en 2026, d\u00e9plorant que les propri\u00e9taires soient \u00ab\u00a0devenus les vaches \u00e0 lait\u00a0\u00bb du gouvernement. <\/p>\n<p class=\"lead \">La mise \u00e0 jour des fichiers de logements par le minist\u00e8re de l\u2019\u00c9conomie va provoquer l&rsquo;augmentation de la taxe fonci\u00e8re pour 7,4 millions de logements en 2026, a indiqu\u00e9 Bercy \u00e0 l&rsquo;AFP, confirmant une information du Parisien. <\/p>\n<p class=\"lead \">D&rsquo;apr\u00e8s le quotidien, cette mise \u00e0 jour aboutira \u00e0 une hausse moyenne de la taxe d&rsquo;habitation de 63 euros par logement concern\u00e9 et devrait rapporter 466 millions d&rsquo;euros suppl\u00e9mentaires aux collectivit\u00e9s locales.<\/p>\n<p class=\"lead \">\u00ab\u00a0Ce qui me frappe (&#8230;), c&rsquo;est la mani\u00e8re dont Bercy a essay\u00e9 en catimini d&rsquo;imposer cette mesure dans le dos de la repr\u00e9sentation nationale\u00a0\u00bb, a d\u00e9clar\u00e9 Jordan Bardella en marge d&rsquo;une visite au Salon international de la s\u00e9curit\u00e9 int\u00e9rieure (Milipol) \u00e0 Villepinte, pr\u00e8s de Paris.  <\/p>\n<p class=\"lead \">D\u00e9non\u00e7ant un \u00ab\u00a0coup dans le dos port\u00e9 aux propri\u00e9taires fran\u00e7ais\u00a0\u00bb, il a appel\u00e9 \u00ab\u00a0solennellement le Premier ministre \u00e0 renoncer \u00e0 cette mesure\u00a0\u00bb.<\/p>\n<p class=\"lead \">\u00ab\u00a0Je d\u00e9plore que les propri\u00e9taires soient devenus les vaches \u00e0 lait du gouvernement\u00a0\u00bb, a ajout\u00e9 le pr\u00e9sident du RN qui a visit\u00e9 le salon avec son alli\u00e9 \u00c9ric Ciotti.<\/p>\n<p class=\"lead \">Jordan Bardella a pr\u00e9cis\u00e9 que son appel concernait \u00e9galement le patron du Parti socialiste Olivier Faure qu&rsquo;il a pr\u00e9sent\u00e9 comme \u00ab\u00a0le v\u00e9ritable Premier ministre de notre pays\u00a0\u00bb.<\/p>\n<p class=\"lead \">\u00ab\u00a0J&rsquo;esp\u00e8re qu&rsquo;il va tr\u00e8s vite se lib\u00e9rer du syndrome de Stockholm qu&rsquo;il a d\u00e9velopp\u00e9 \u00e0 l&rsquo;\u00e9gard d&rsquo;Emmanuel Macron et de S\u00e9bastien Lecornu, en arr\u00eatant de devenir la b\u00e9quille d&rsquo;un gouvernement qui frappe les classes populaires, les classes moyennes qui a menti sur tout\u00a0\u00bb, a-t-il ajout\u00e9. <\/p>\n<p class=\"lead \">arz\/sde\/abl<\/p>\n<p class=\"small font-weight-bold text-gray3 \"> publi\u00e9 le 19 novembre \u00e0 11h18, AFP<\/p>\n<p>                             Partager<\/p>\n","protected":false},"excerpt":{"rendered":"Le pr\u00e9sident du Rassemblement national Jordan Bardella a demand\u00e9 mercredi \u00e0 S\u00e9bastien Lecornu de renoncer \u00e0 la hausse&hellip;\n","protected":false},"author":2,"featured_media":544567,"comment_status":"","ping_status":"","sticky":false,"template":"","format":"standard","meta":{"footnotes":""},"categories":[6],"tags":[1003,35,33,34,590,1011,27,3848,316],"class_list":{"0":"post-544566","1":"post","2":"type-post","3":"status-publish","4":"format-standard","5":"has-post-thumbnail","7":"category-economie","8":"tag-budget","9":"tag-business","10":"tag-economie","11":"tag-economy","12":"tag-finance","13":"tag-fr","14":"tag-france","15":"tag-partis","16":"tag-politique"},"share_on_mastodon":{"url":"https:\/\/pubeurope.com\/@fr\/115576111450612508","error":""},"_links":{"self":[{"href":"https:\/\/www.europesays.com\/fr\/wp-json\/wp\/v2\/posts\/544566","targetHints":{"allow":["GET"]}}],"collection":[{"href":"https:\/\/www.europesays.com\/fr\/wp-json\/wp\/v2\/posts"}],"about":[{"href":"https:\/\/www.europesays.com\/fr\/wp-json\/wp\/v2\/types\/post"}],"author":[{"embeddable":true,"href":"https:\/\/www.europesays.com\/fr\/wp-json\/wp\/v2\/users\/2"}],"replies":[{"embeddable":true,"href":"https:\/\/www.europesays.com\/fr\/wp-json\/wp\/v2\/comments?post=544566"}],"version-history":[{"count":0,"href":"https:\/\/www.europesays.com\/fr\/wp-json\/wp\/v2\/posts\/544566\/revisions"}],"wp:featuredmedia":[{"embeddable":true,"href":"https:\/\/www.europesays.com\/fr\/wp-json\/wp\/v2\/media\/544567"}],"wp:attachment":[{"href":"https:\/\/www.europesays.com\/fr\/wp-json\/wp\/v2\/media?parent=544566"}],"wp:term":[{"taxonomy":"category","embeddable":true,"href":"https:\/\/www.europesays.com\/fr\/wp-json\/wp\/v2\/categories?post=544566"},{"taxonomy":"post_tag","embeddable":true,"href":"https:\/\/www.europesays.com\/fr\/wp-json\/wp\/v2\/tags?post=544566"}],"curies":[{"name":"wp","href":"https:\/\/api.w.org\/{rel}","templated":true}]}}