{"id":544568,"date":"2025-11-19T11:24:18","date_gmt":"2025-11-19T11:24:18","guid":{"rendered":"https:\/\/www.europesays.com\/fr\/544568\/"},"modified":"2025-11-19T11:24:18","modified_gmt":"2025-11-19T11:24:18","slug":"des-avions-de-chasse-mobilises-apres-la-nouvelle-incursion-de-drones","status":"publish","type":"post","link":"https:\/\/www.europesays.com\/fr\/544568\/","title":{"rendered":"des avions de chasse mobilis\u00e9s apr\u00e8s la nouvelle incursion de drones"},"content":{"rendered":"<p>\n    Le minist\u00e8re de la D\u00e9fense affirme dans un communiqu\u00e9 que \u00able drone est r\u00e9apparu par intermittence sur le radar pendant environ 12 minutes\u00bb apr\u00e8s des frappes russes \u00e0 la fronti\u00e8re ukrainienne.<\/p>\n<p class=\"fig-paragraph\">La\u00a0<a href=\"http:\/\/www.lefigaro.fr\/flash-actu\/roumanie-nicusor-dan-le-brillant-mathematicien-devenu-president-20250518\" target=\"_blank\" data-fig-type=\"NewsFlash\" rel=\"noopener nofollow\" data-gtm-custom-categorie=\"navigation\" data-gtm-custom-action=\"crossclick\" data-gtm-custom-label=\"Contextuel\" data-gtm-event=\"customEventSPE\" data-fig-domain=\"LEFIGARO\">Roumanie,<\/a>\u00a0pays membre de\u00a0<a href=\"http:\/\/www.lefigaro.fr\/flash-actu\/les-images-impressionnantes-de-la-destruction-d-un-navire-par-une-torpille-lancee-par-un-sous-marin-de-l-otan-20251118\" target=\"_blank\" data-fig-type=\"NewsFlash\" rel=\"noopener nofollow\" data-gtm-custom-categorie=\"navigation\" data-gtm-custom-action=\"crossclick\" data-gtm-custom-label=\"Contextuel\" data-gtm-event=\"customEventSPE\" data-fig-domain=\"LEFIGARO\">l&rsquo;Otan<\/a>\u00a0et voisine de\u00a0<a href=\"http:\/\/www.lefigaro.fr\/flash-actu\/la-pologne-fait-decoller-des-avions-de-chasse-apres-des-frappes-russes-sur-l-ukraine-20251119\" target=\"_blank\" data-fig-type=\"NewsFlash\" rel=\"noopener nofollow\" data-gtm-custom-categorie=\"navigation\" data-gtm-custom-action=\"crossclick\" data-gtm-custom-label=\"Contextuel\" data-gtm-event=\"customEventSPE\" data-fig-domain=\"LEFIGARO\">l&rsquo;Ukraine<\/a>, a mobilis\u00e9 t\u00f4t mercredi des avions de chasse en r\u00e9ponse \u00e0 une nouvelle incursion de drone sur son territoire, a indiqu\u00e9 le minist\u00e8re de la D\u00e9fense. Deux chasseurs allemands op\u00e9rant en Roumanie surveillaient la situation a\u00e9rienne peu apr\u00e8s minuit \u00e0 la fronti\u00e8re avec l\u2019Ukraine, \u00e0 la suite de frappes a\u00e9riennes russes, a indiqu\u00e9 le minist\u00e8re roumain de la D\u00e9fense dans un communiqu\u00e9 de presse.<\/p>\n<p class=\"fig-paragraph\">\u00abPendant quelques minutes a \u00e9t\u00e9 d\u00e9tect\u00e9 le signal d\u2019un drone ayant p\u00e9n\u00e9tr\u00e9 d\u2019environ huit kilom\u00e8tres dans l\u2019espace a\u00e9rien national\u00bb avant de dispara\u00eetre des radars, a ajout\u00e9 le minist\u00e8re, pr\u00e9cisant qu\u2019une alerte t\u00e9l\u00e9phonique avait \u00e9t\u00e9 envoy\u00e9e aux habitants du comt\u00e9 de Tulcea, dans le sud-est du pays. \u00abLe drone est r\u00e9apparu par intermittence sur le radar pendant environ 12 minutes\u00bb apr\u00e8s des frappes a\u00e9riennes russes pr\u00e8s de la fronti\u00e8re roumaine avec l\u2019Ukraine, a pr\u00e9cis\u00e9 le communiqu\u00e9, ajoutant qu\u2019aucun impact au sol n\u2019avait \u00e9t\u00e9 signal\u00e9.<\/p>\n<p>                                    <a class=\"fig-a11y-skip a11y-hidden\" href=\"#fig-a11y-skip-main-inarticle\"><br \/>\n        Passer la publicit\u00e9<br \/>\n    <\/a><\/p>\n<p class=\"fig-paragraph\">\u00abDeux autres avions, des F-16 de l\u2019arm\u00e9e de l\u2019air roumaine, ont \u00e9t\u00e9 mobilis\u00e9s\u00bb, a ajout\u00e9 le minist\u00e8re, pr\u00e9cisant qu\u2019\u00abaucun cas d\u2019impact d\u2019a\u00e9ronef au sol n\u2019a(vait) \u00e9t\u00e9 signal\u00e9\u00bb. Une alerte a \u00e9galement \u00e9t\u00e9 envoy\u00e9e aux habitants du comt\u00e9 de Galati, lui aussi dans le Sud-Est.<\/p>\n<p>Des fragments de drones d\u00e9couverts<\/p>\n<p class=\"fig-paragraph\">La Roumanie a enregistr\u00e9 plusieurs violations de son espace a\u00e9rien, notamment avec des fragments de drones tombant sur son territoire, depuis l\u2019invasion de l\u2019Ukraine par la Russie en 2022. Lundi, la Roumanie avait ordonn\u00e9 l\u2019\u00e9vacuation de deux villages, une premi\u00e8re dans ce pays en raison de la guerre en Ukraine, apr\u00e8s qu\u2019une attaque de drones russes de l\u2019autre c\u00f4t\u00e9 du Danube, en Ukraine, a provoqu\u00e9 un incendie sur un navire transportant du gaz de p\u00e9trole liqu\u00e9fi\u00e9. L\u2019ordre d\u2019\u00e9vacuation avait \u00e9t\u00e9 lev\u00e9 mardi.<\/p>\n","protected":false},"excerpt":{"rendered":"Le minist\u00e8re de la D\u00e9fense affirme dans un communiqu\u00e9 que \u00able drone est r\u00e9apparu par intermittence sur le&hellip;\n","protected":false},"author":2,"featured_media":544569,"comment_status":"","ping_status":"","sticky":false,"template":"","format":"standard","meta":{"footnotes":""},"categories":[5],"tags":[11,564,1011,27,131,14,12,4868,28],"class_list":{"0":"post-544568","1":"post","2":"type-post","3":"status-publish","4":"format-standard","5":"has-post-thumbnail","7":"category-international","8":"tag-actualites","9":"tag-drone","10":"tag-fr","11":"tag-france","12":"tag-guerre-en-ukraine","13":"tag-international","14":"tag-news","15":"tag-roumanie","16":"tag-world"},"share_on_mastodon":{"url":"https:\/\/pubeurope.com\/@fr\/115576115820536982","error":""},"_links":{"self":[{"href":"https:\/\/www.europesays.com\/fr\/wp-json\/wp\/v2\/posts\/544568","targetHints":{"allow":["GET"]}}],"collection":[{"href":"https:\/\/www.europesays.com\/fr\/wp-json\/wp\/v2\/posts"}],"about":[{"href":"https:\/\/www.europesays.com\/fr\/wp-json\/wp\/v2\/types\/post"}],"author":[{"embeddable":true,"href":"https:\/\/www.europesays.com\/fr\/wp-json\/wp\/v2\/users\/2"}],"replies":[{"embeddable":true,"href":"https:\/\/www.europesays.com\/fr\/wp-json\/wp\/v2\/comments?post=544568"}],"version-history":[{"count":0,"href":"https:\/\/www.europesays.com\/fr\/wp-json\/wp\/v2\/posts\/544568\/revisions"}],"wp:featuredmedia":[{"embeddable":true,"href":"https:\/\/www.europesays.com\/fr\/wp-json\/wp\/v2\/media\/544569"}],"wp:attachment":[{"href":"https:\/\/www.europesays.com\/fr\/wp-json\/wp\/v2\/media?parent=544568"}],"wp:term":[{"taxonomy":"category","embeddable":true,"href":"https:\/\/www.europesays.com\/fr\/wp-json\/wp\/v2\/categories?post=544568"},{"taxonomy":"post_tag","embeddable":true,"href":"https:\/\/www.europesays.com\/fr\/wp-json\/wp\/v2\/tags?post=544568"}],"curies":[{"name":"wp","href":"https:\/\/api.w.org\/{rel}","templated":true}]}}