{"id":544570,"date":"2025-11-19T11:25:15","date_gmt":"2025-11-19T11:25:15","guid":{"rendered":"https:\/\/www.europesays.com\/fr\/544570\/"},"modified":"2025-11-19T11:25:15","modified_gmt":"2025-11-19T11:25:15","slug":"la-neige-arrive-sur-la-france-quelles-villes-sont-concernees-dans-les-prochains-jours","status":"publish","type":"post","link":"https:\/\/www.europesays.com\/fr\/544570\/","title":{"rendered":"La neige arrive sur la France, quelles villes sont concern\u00e9es dans les prochains jours\u00a0?"},"content":{"rendered":"<p>L\u2019hiver est l\u00e0 avant l\u2019heure et le thermom\u00e8tre nous le rappelle au fil des jours. Cette semaine, la France pourrait bien se recouvrir d\u2019un manteau blanc dans plusieurs r\u00e9gions. Les premiers flocons sont attendus sur r\u00e9gion parisienne pendant le week-end, samedi soir notamment. La neige est \u00e9galement annonc\u00e9e \u00e0 partir d\u2019un axe allant des Hauts-de-France au sud du Massif central, en passant par la r\u00e9gion parisienne. <\/p>\n<p>25 d\u00e9partements ont \u00e9t\u00e9 plac\u00e9s en vigilance jaune ce mercredi\u00a0: Ain, <a href=\"https:\/\/www.20minutes.fr\/societe\/aisne\/\" class=\"c-link c-link--is-underlined\" target=\"_blank\" rel=\"noopener\">Aisne<\/a>, Ardennes, <a href=\"https:\/\/www.20minutes.fr\/dossier\/aveyron\" class=\"c-link c-link--is-underlined\" target=\"_blank\" rel=\"noopener\">Aveyron<\/a>, Cantal, <a href=\"https:\/\/www.20minutes.fr\/dossier\/correze\" class=\"c-link c-link--is-underlined\" target=\"_blank\" rel=\"noopener\">Corr\u00e8ze<\/a>, Creuse, Loire, Meurthe-et-Moselle, Meuse, <a href=\"https:\/\/www.20minutes.fr\/dossier\/moselle\" class=\"c-link c-link--is-underlined\" target=\"_blank\" rel=\"noopener\">Moselle<\/a>, Nord, Oise, <a href=\"https:\/\/www.20minutes.fr\/dossier\/orne\" class=\"c-link c-link--is-underlined\" target=\"_blank\" rel=\"noopener\">Orne<\/a>, Pas-de-Calais, Puy-de-D\u00f4me, Paris, <a href=\"https:\/\/www.20minutes.fr\/societe\/seine-et-marne\/\" class=\"c-link c-link--is-underlined\" target=\"_blank\" rel=\"noopener\">Seine-et-Marne<\/a>, Yvelines, <a href=\"https:\/\/www.20minutes.fr\/dossier\/somme\" class=\"c-link c-link--is-underlined\" target=\"_blank\" rel=\"noopener\">Somme<\/a>, Essonne, Hauts-de-Seine, Seine-Saint-Denis, Val-de-Marne et Val-d\u2019Oise.<\/p>\n<p>Fin de l\u2019\u00e9t\u00e9 indien, place aux temp\u00e9ratures n\u00e9gatives<\/p>\n<p>L\u2019arriv\u00e9e de nouvelles pr\u00e9cipitations dans les prochains jours et les temp\u00e9ratures n\u00e9gatives laissent envisager le retour de la neige. Sur les massifs dans un premier temps, puis en plaine, les flocons pourraient tomber, selon les pr\u00e9visions de M\u00e9t\u00e9o France.<\/p>\n<p>Depuis le d\u00e9but de semaine, un changement de masse d\u2019air s\u2019est op\u00e9r\u00e9 et les temp\u00e9ratures maximales de lundi ne d\u00e9passaient que rarement les 10 degr\u00e9s. Le courant dominant puise son origine au-del\u00e0 du cercle arctique et les gel\u00e9es touchent l\u2019essentiel du territoire, sauf le littoral. Dans le Nord-Est, le mercure affiche -5\u00b0C alors que vendredi encore il s\u2019approchait des temp\u00e9ratures dignes d\u2019un \u00e9t\u00e9 indien.<\/p>\n<blockquote class=\"twitter-tweet\" align=\"center\" data-lang=\"fr_FR\">\n<p lang=\"fr\" dir=\"ltr\">\u2744\ufe0f Le temps change radicalement cette semaine, avec l&rsquo;arriv\u00e9e d&rsquo;un froid hivernal.<\/p>\n<p>Les gel\u00e9es vont faire leur retour sur de nombreuses r\u00e9gions. <\/p>\n<p>Des chutes de neige vont se produire sur les diff\u00e9rents massifs \u00e0 des altitudes de plus en plus basses.<\/p>\n<p>\ud83d\udc49 <a href=\"https:\/\/t.co\/siORCiR5hf\">https:\/\/t.co\/siORCiR5hf<\/a> <a href=\"https:\/\/t.co\/t5JivO7yS5\">pic.twitter.com\/t5JivO7yS5<\/a><\/p>\n<p>\u2014 M\u00e9t\u00e9o-France (@meteofrance) <a href=\"https:\/\/twitter.com\/meteofrance\/status\/1990426587691429927?ref_src=twsrc%5Etfw\" target=\"_blank\" rel=\"noopener\">November 17, 2025<\/a><\/p><\/blockquote>\n<p class=\"mb-xxl@xs color-ultramarine font-weight-semi-bold@xs font-source-serif-pro heading-s@xs\">L\u2019acc\u00e8s \u00e0 ce contenu a \u00e9t\u00e9 bloqu\u00e9 afin de respecter votre choix de consentement<\/p>\n<p class=\"mb-m@xs text-l@xs\">En cliquant sur\u00ab J\u2019accepte \u00bb, vous acceptez le d\u00e9p\u00f4t de cookies par des services externes et aurez ainsi acc\u00e8s aux contenus de nos partenaires.<\/p>\n<p class=\"mb-xl@xs text-s@xs\">Plus d\u2019informations sur la page<a href=\"https:\/\/www.20minutes.fr\/gestion-cookies\" class=\"mx-xxs@xs color-ultramarine\" target=\"_blank\" rel=\"noopener\">Politique de gestion des cookies<\/a><\/p>\n<p>J\u2019accepteParis et le Massif Central, recouverts de neige<\/p>\n<p>Les flocons pareront les massifs de blanc \u00e0 partir de mercredi. Pr\u00e8s des fronti\u00e8res belge et allemande, la neige est annonc\u00e9e par M\u00e9t\u00e9o France. Elle tombera m\u00eame d\u00e8s 700 m\u00e8tres d\u2019altitude dans le Massif Central, puis \u00e0 500 m\u00e8tres sur les Alpes. Les Pyr\u00e9n\u00e9es seraient aussi concern\u00e9es une fois la nuit tomb\u00e9e.<\/p>\n<p>Jeudi, la neige s\u2019intensifiera et Paris pourrait bien \u00eatre touch\u00e9e. La zone la plus expos\u00e9e serait toutefois celle allant des Hauts-de-France aux fronti\u00e8res <a href=\"https:\/\/www.20minutes.fr\/dossier\/suisse\" class=\"c-link c-link--is-underlined\" target=\"_blank\" rel=\"noopener\">suisse<\/a> et allemande (Grand Est, la Bourgogne-Franche-Comt\u00e9, le <a href=\"https:\/\/www.20minutes.fr\/dossier\/nord\" class=\"c-link c-link--is-underlined\" target=\"_blank\" rel=\"noopener\">nord<\/a> d\u2019Auvergne-Rh\u00f4ne-<a href=\"https:\/\/www.20minutes.fr\/dossier\/alpes\" class=\"c-link c-link--is-underlined\" target=\"_blank\" rel=\"noopener\">Alpes<\/a>), selon M\u00e9t\u00e9o France. En ce qui concerne l\u2019\u00cele-de-France et le Centre-Val de Loire, un m\u00e9lange de pluie et de neige est possible. Pr\u00e8s des c\u00f4tes de la Manche, on s\u2019attend \u00e0 des giboul\u00e9es neigeuses. Dans le sud de l\u2019Aquitaine et les Pyr\u00e9n\u00e9es, la neige ne devrait pas tomber \u00e0 moins de 700 m. Enfin, la Normandie et la Bretagne pourraient \u00eatre touch\u00e9es par des averses de neige.<\/p>\n<p><a href=\"https:\/\/meteofrance.com\/\" target=\"_blank\" class=\"c-link c-btn c-btn--primary\" rel=\"noopener\">Les pr\u00e9visions M\u00e9t\u00e9o France<\/a><\/p>\n<p>Vendredi, les flocons devraient c\u00f4toyer les massifs. Le week-end s\u2019annonce \u00e9galement neigeux avec une progression d\u2019Ouest en Est dans le pays. De samedi soir \u00e0 dimanche, des Hauts-de-France au sud du Massif central, mais aussi en r\u00e9gion parisienne, la neige pourrait pointer le bout de son nez. Si ce n\u2019\u00e9tait pas d\u00e9j\u00e0 fait, il est temps de sortir les affaires d\u2019hiver du placard.<\/p>\n<p><script async src=\"https:\/\/platform.twitter.com\/widgets.js\" charset=\"utf-8\"><\/script><\/p>\n","protected":false},"excerpt":{"rendered":"L\u2019hiver est l\u00e0 avant l\u2019heure et le thermom\u00e8tre nous le rappelle au fil des jours. Cette semaine, la&hellip;\n","protected":false},"author":2,"featured_media":544571,"comment_status":"","ping_status":"","sticky":false,"template":"","format":"standard","meta":{"footnotes":""},"categories":[4],"tags":[47,11,7733,1011,27,811,3314,6736,662,2487,2357,10584,12,626,25,1937,1945,104,1125],"class_list":{"0":"post-544570","1":"post","2":"type-post","3":"status-publish","4":"format-standard","5":"has-post-thumbnail","7":"category-france","8":"tag-actualite","9":"tag-actualites","10":"tag-alpes","11":"tag-fr","12":"tag-france","13":"tag-hauts-de-france","14":"tag-hauts-de-seine","15":"tag-hiver","16":"tag-ile-de-france","17":"tag-meteo","18":"tag-meteo-france","19":"tag-neige","20":"tag-news","21":"tag-paris","22":"tag-republique-francaise","23":"tag-seine-et-marne","24":"tag-seine-saint-denis","25":"tag-societe","26":"tag-val-de-marne"},"share_on_mastodon":{"url":"https:\/\/pubeurope.com\/@fr\/115576119288273737","error":""},"_links":{"self":[{"href":"https:\/\/www.europesays.com\/fr\/wp-json\/wp\/v2\/posts\/544570","targetHints":{"allow":["GET"]}}],"collection":[{"href":"https:\/\/www.europesays.com\/fr\/wp-json\/wp\/v2\/posts"}],"about":[{"href":"https:\/\/www.europesays.com\/fr\/wp-json\/wp\/v2\/types\/post"}],"author":[{"embeddable":true,"href":"https:\/\/www.europesays.com\/fr\/wp-json\/wp\/v2\/users\/2"}],"replies":[{"embeddable":true,"href":"https:\/\/www.europesays.com\/fr\/wp-json\/wp\/v2\/comments?post=544570"}],"version-history":[{"count":0,"href":"https:\/\/www.europesays.com\/fr\/wp-json\/wp\/v2\/posts\/544570\/revisions"}],"wp:featuredmedia":[{"embeddable":true,"href":"https:\/\/www.europesays.com\/fr\/wp-json\/wp\/v2\/media\/544571"}],"wp:attachment":[{"href":"https:\/\/www.europesays.com\/fr\/wp-json\/wp\/v2\/media?parent=544570"}],"wp:term":[{"taxonomy":"category","embeddable":true,"href":"https:\/\/www.europesays.com\/fr\/wp-json\/wp\/v2\/categories?post=544570"},{"taxonomy":"post_tag","embeddable":true,"href":"https:\/\/www.europesays.com\/fr\/wp-json\/wp\/v2\/tags?post=544570"}],"curies":[{"name":"wp","href":"https:\/\/api.w.org\/{rel}","templated":true}]}}