{"id":544578,"date":"2025-11-19T11:29:26","date_gmt":"2025-11-19T11:29:26","guid":{"rendered":"https:\/\/www.europesays.com\/fr\/544578\/"},"modified":"2025-11-19T11:29:26","modified_gmt":"2025-11-19T11:29:26","slug":"seichamps-festival-de-chorales-deux-soirees-de-concert","status":"publish","type":"post","link":"https:\/\/www.europesays.com\/fr\/544578\/","title":{"rendered":"Seichamps. Festival de chorales : deux soir\u00e9es de concert"},"content":{"rendered":"<p>Un festival de chorales va se d\u00e9rouler sur deux soir\u00e9es au centre socioculturel de Seichamps. <\/p>\n<p><strong>Vendredi 21\u00a0novembre<\/strong> , \u00e0 20\u00a0h\u00a030, le ch\u0153ur des personnels de l\u2019Universit\u00e9 de Lorraine pr\u00e9sentera \u00ab\u00a0R\u00eave d\u2019\u00e9vasion\u00a0\u00bb avec en premi\u00e8re partie l\u2019atelier choral. L\u2019atelier a \u00e9t\u00e9 cr\u00e9\u00e9 par des jeunes issus de la chorale universitaire mais qui ne sont plus \u00e9tudiants. <\/p>\n<p><strong>Samedi 22\u00a0novembre<\/strong> , \u00e0 20\u00a0h\u00a030, la chorale M\u00e9li-M\u00e9lodie pr\u00e9sentera son nouveau spectacle \u00ab\u00a0Instant Festif\u00a0\u00bb.<\/p>\n<p>Pour chaque spectacle\u00a0: billetterie en mairie\u00a0: 5\u00a0\u20ac pour les Seichanais, 8\u00a0\u20ac pour les personnes ext\u00e9rieures \u00e0 la commune.<\/p>\n","protected":false},"excerpt":{"rendered":"Un festival de chorales va se d\u00e9rouler sur deux soir\u00e9es au centre socioculturel de Seichamps. Vendredi 21\u00a0novembre ,&hellip;\n","protected":false},"author":2,"featured_media":544579,"comment_status":"","ping_status":"","sticky":false,"template":"","format":"standard","meta":{"footnotes":""},"categories":[9635],"tags":[1111,11,1687,1704,1777,674,1011,27,775,11362,1702,12,25,13654],"class_list":{"0":"post-544578","1":"post","2":"type-post","3":"status-publish","4":"format-standard","5":"has-post-thumbnail","7":"category-nancy","8":"tag-actu","9":"tag-actualites","10":"tag-culture-loisirs","11":"tag-edition-nancy-et-agglomeration","12":"tag-eu","13":"tag-europe","14":"tag-fr","15":"tag-france","16":"tag-grand-est","17":"tag-metropole-du-grand-nancy-54b3","18":"tag-nancy","19":"tag-news","20":"tag-republique-francaise","21":"tag-seichamps"},"share_on_mastodon":{"url":"https:\/\/pubeurope.com\/@fr\/115576135136792809","error":""},"_links":{"self":[{"href":"https:\/\/www.europesays.com\/fr\/wp-json\/wp\/v2\/posts\/544578","targetHints":{"allow":["GET"]}}],"collection":[{"href":"https:\/\/www.europesays.com\/fr\/wp-json\/wp\/v2\/posts"}],"about":[{"href":"https:\/\/www.europesays.com\/fr\/wp-json\/wp\/v2\/types\/post"}],"author":[{"embeddable":true,"href":"https:\/\/www.europesays.com\/fr\/wp-json\/wp\/v2\/users\/2"}],"replies":[{"embeddable":true,"href":"https:\/\/www.europesays.com\/fr\/wp-json\/wp\/v2\/comments?post=544578"}],"version-history":[{"count":0,"href":"https:\/\/www.europesays.com\/fr\/wp-json\/wp\/v2\/posts\/544578\/revisions"}],"wp:featuredmedia":[{"embeddable":true,"href":"https:\/\/www.europesays.com\/fr\/wp-json\/wp\/v2\/media\/544579"}],"wp:attachment":[{"href":"https:\/\/www.europesays.com\/fr\/wp-json\/wp\/v2\/media?parent=544578"}],"wp:term":[{"taxonomy":"category","embeddable":true,"href":"https:\/\/www.europesays.com\/fr\/wp-json\/wp\/v2\/categories?post=544578"},{"taxonomy":"post_tag","embeddable":true,"href":"https:\/\/www.europesays.com\/fr\/wp-json\/wp\/v2\/tags?post=544578"}],"curies":[{"name":"wp","href":"https:\/\/api.w.org\/{rel}","templated":true}]}}