{"id":544588,"date":"2025-11-19T11:35:17","date_gmt":"2025-11-19T11:35:17","guid":{"rendered":"https:\/\/www.europesays.com\/fr\/544588\/"},"modified":"2025-11-19T11:35:17","modified_gmt":"2025-11-19T11:35:17","slug":"accident-entre-une-voiture-et-un-tramway-une-femme-enceinte-blessee","status":"publish","type":"post","link":"https:\/\/www.europesays.com\/fr\/544588\/","title":{"rendered":"accident entre une voiture et un tramway, une femme enceinte bless\u00e9e"},"content":{"rendered":"<p>\nUn accident s&rsquo;est produit entre une voiture et un tramway ce 18 novembre, avenue de Lod\u00e8ve \u00e0 Montpellier. Une femme enceinte a \u00e9t\u00e9 bless\u00e9e.<\/p>\n<p>\n\u00a9 Ligne 3 du tramway de Montpellier .<\/p>\n<p><a data-no-instant=\"1\" href=\"https:\/\/nimes-metropole-entreprises.fr\/le-territoire-de-nimes-metropole\/un-reseau-economique-et-collaboratif\/digiweek-de-nimes-metropole\/\" rel=\"noopener nofollow\" class=\"a2t-link\" aria-label=\"461-image\" target=\"_blank\"><img decoding=\"async\" loading=\"lazy\" src=\"https:\/\/www.europesays.com\/fr\/wp-content\/uploads\/2025\/11\/461-image.jpeg\" alt=\"\"   width=\"1220\" height=\"260\"\/><\/a><\/p>\n<p>Une voiture et un tramway se sont percut\u00e9s sur l\u2019avenue de Lod\u00e8ve \u00e0 <a href=\"https:\/\/infoccitanie.fr\/tag\/montpellier\/\" rel=\"nofollow noopener\" target=\"_blank\"><strong>Montpellier<\/strong><\/a>, ce <strong>18 novembre<\/strong>, aux alentours de 20h. Les sapeurs-pompiers de l\u2019H\u00e9rault sont intervenus sur place afin de prendre en charge les victimes.<\/p>\n<p>Une<strong> femme enceinte<\/strong> a \u00e9t\u00e9 l\u00e9g\u00e8rement bless\u00e9e lors de la collision.<\/p>\n","protected":false},"excerpt":{"rendered":"Un accident s&rsquo;est produit entre une voiture et un tramway ce 18 novembre, avenue de Lod\u00e8ve \u00e0 Montpellier.&hellip;\n","protected":false},"author":2,"featured_media":544589,"comment_status":"","ping_status":"","sticky":false,"template":"","format":"standard","meta":{"footnotes":""},"categories":[9599],"tags":[119,1111,11,1777,674,1011,27,2208,12,2680,25],"class_list":{"0":"post-544588","1":"post","2":"type-post","3":"status-publish","4":"format-standard","5":"has-post-thumbnail","7":"category-montpellier","8":"tag-accident","9":"tag-actu","10":"tag-actualites","11":"tag-eu","12":"tag-europe","13":"tag-fr","14":"tag-france","15":"tag-montpellier","16":"tag-news","17":"tag-occitanie","18":"tag-republique-francaise"},"share_on_mastodon":{"url":"https:\/\/pubeurope.com\/@fr\/115576159399959746","error":""},"_links":{"self":[{"href":"https:\/\/www.europesays.com\/fr\/wp-json\/wp\/v2\/posts\/544588","targetHints":{"allow":["GET"]}}],"collection":[{"href":"https:\/\/www.europesays.com\/fr\/wp-json\/wp\/v2\/posts"}],"about":[{"href":"https:\/\/www.europesays.com\/fr\/wp-json\/wp\/v2\/types\/post"}],"author":[{"embeddable":true,"href":"https:\/\/www.europesays.com\/fr\/wp-json\/wp\/v2\/users\/2"}],"replies":[{"embeddable":true,"href":"https:\/\/www.europesays.com\/fr\/wp-json\/wp\/v2\/comments?post=544588"}],"version-history":[{"count":0,"href":"https:\/\/www.europesays.com\/fr\/wp-json\/wp\/v2\/posts\/544588\/revisions"}],"wp:featuredmedia":[{"embeddable":true,"href":"https:\/\/www.europesays.com\/fr\/wp-json\/wp\/v2\/media\/544589"}],"wp:attachment":[{"href":"https:\/\/www.europesays.com\/fr\/wp-json\/wp\/v2\/media?parent=544588"}],"wp:term":[{"taxonomy":"category","embeddable":true,"href":"https:\/\/www.europesays.com\/fr\/wp-json\/wp\/v2\/categories?post=544588"},{"taxonomy":"post_tag","embeddable":true,"href":"https:\/\/www.europesays.com\/fr\/wp-json\/wp\/v2\/tags?post=544588"}],"curies":[{"name":"wp","href":"https:\/\/api.w.org\/{rel}","templated":true}]}}